{"id":42108,"date":"2025-11-26T19:59:30","date_gmt":"2025-11-26T22:59:30","guid":{"rendered":"https:\/\/awf.world\/?post_type=awf-news&#038;p=42108"},"modified":"2026-01-05T17:35:13","modified_gmt":"2026-01-05T20:35:13","slug":"convocatoria-cuadrienal-2025","status":"publish","type":"awf-news","link":"https:\/\/awf.world\/es\/awf-news\/convocatoria-cuadrienal-2025\/","title":{"rendered":"Ir Juntos Como Familia: AWF Celebra la Unidad y la Misi\u00f3n Global en la Convocatoria Cuadrienal 2025"},"content":{"rendered":"<p style=\"text-align: justify;\"><strong>Una reuni\u00f3n hist\u00f3rica en Costa de Marfil marc\u00f3 los 50 a\u00f1os de la Confraternidad Mundial de la Alianza y un llamado unido a la misi\u00f3n. Una semana de mensajes conmovedores, cultos globales y talleres clave renov\u00f3 la unidad, la colaboraci\u00f3n y la misi\u00f3n. La familia de la Alianza se fue fortalecida y comprometida a avanzar, juntos, hacia los pr\u00f3ximos cincuenta a\u00f1os.<\/strong><\/p>\n<p>En una de las reuniones m\u00e1s significativas de su historia, la Confraternidad Mundial de la Alianza (AWF) reuni\u00f3 a m\u00e1s de 400 representantes de m\u00e1s de cincuenta naciones para la 13.\u00aa Convocatoria Cuadrienal, del 8 al 12 de octubre de 2025, en Yamoussoukro, Costa de Marfil. Esta Convocatoria marc\u00f3 el <a href=\"https:\/\/www.youtube.com\/live\/diSG955f4v0?si=DJnzlHrvxsWhLh2o\" target=\"_blank\" rel=\"noopener\"><span style=\"text-decoration: underline;\">50.\u00ba aniversario de la AW<\/span>F<\/a>, un hito que no solo honr\u00f3 cinco d\u00e9cadas de fidelidad a Dios, sino que tambi\u00e9n convoc\u00f3 a la familia global de la Alianza a abrazar el lema central de este a\u00f1o: \u201cIr Juntos\u201d.<\/p>\n<p>Siguiendo el recorrido de la Cuadrienal anterior \u2014\u201cIr M\u00e1s Profundo, Ir M\u00e1s All\u00e1\u201d\u2014 este a\u00f1o el movimiento de la Alianza entra en un nuevo cap\u00edtulo: uno centrado en la unidad, la interdependencia y la identidad familiar en las misiones globales.<\/p>\n<p><strong>Una Convocatoria Centrada en Ir Juntos Como Familia<\/strong><\/p>\n<p>M\u00e1s que un tema, <em>Ir Juntos <\/em>se convirti\u00f3 en la realidad de toda la semana. La adoraci\u00f3n reson\u00f3 en ingl\u00e9s, franc\u00e9s, espa\u00f1ol y otros idiomas nativos; se compartieron testimonios de distintas culturas y generaciones; y l\u00edderes de todos los continentes reafirmaron lo que une a la familia global de la Alianza: una identidad compartida en Cristo y una misi\u00f3n compartida de alcanzar al mundo.<\/p>\n<p>Los delegados describieron la Convocatoria como \u201cuna reuni\u00f3n familiar espiritual\u201d, marcada por la alegr\u00eda, la oraci\u00f3n, la reconciliaci\u00f3n y un renovado compromiso de caminar juntos. Al celebrar los 50 a\u00f1os de la formaci\u00f3n de AWF, los participantes reconocieron que la unidad no es simplemente un valor organizacional, sino una necesidad misional.<\/p>\n<p>El presidente de AWF, Rev. Dr. Jura Yanagihara, inaugur\u00f3 la Convocatoria con un conmovedor llamado a redescubrir la colaboraci\u00f3n en el coraz\u00f3n de la misi\u00f3n de Dios: <span style=\"text-decoration: underline;\"><a href=\"https:\/\/www.youtube.com\/live\/SS8C36Bs2p4?si=31gDdX_GcAvMvl7o\" target=\"_blank\" rel=\"noopener\"><em>Juntos Como Uno Solo: El Poder de la Colaboraci\u00f3n en la Misi\u00f3n<\/em><\/a><\/span>. Nos record\u00f3 que la unidad no es opcional, sino esencial para cumplir la Gran Comisi\u00f3n, estableciendo un tono de humildad, gratitud y una firme expectativa para los d\u00edas venideros.<\/p>\n<p>A lo largo de las sesiones, la familia de la Alianza fue invitada a ver la misi\u00f3n con nuevos ojos:<\/p>\n<ul>\n<li><a href=\"https:\/\/www.youtube.com\/live\/mqdcwtmIWx8?si=OEndTmfzih0V5Aqf\" target=\"_blank\" rel=\"noopener\"><strong><span style=\"text-decoration: underline;\">Sesi\u00f3n 2 <\/span><\/strong><\/a><strong>\u2013 Misiones en un Mundo de Equilibrio Cambiante (Rev. Jan Wolsheimer)<\/strong>: En un mundo de poder cambiante, incertidumbre econ\u00f3mica y tensi\u00f3n cultural, fuimos llamados a responder no con miedo, sino con discernimiento, colaboraci\u00f3n y sabidur\u00eda compartida.<\/li>\n<li><a href=\"https:\/\/www.youtube.com\/live\/Q76jidq-x-A?si=5ZdSeettm4m1U5G7\" target=\"_blank\" rel=\"noopener\"><strong><span style=\"text-decoration: underline;\">Sesi\u00f3n <\/span><\/strong><\/a><span style=\"text-decoration: underline;\"><a href=\"https:\/\/www.youtube.com\/live\/Q76jidq-x-A?si=5ZdSeettm4m1U5G7\"><strong>3 <\/strong><\/a><\/span><strong>\u2013 Trabajando Juntos para Formar a la Pr\u00f3xima Generaci\u00f3n (Rev. Serge-Armand Yao)<\/strong>: Un llamado apasionado a <a href=\"https:\/\/www.youtube.com\/live\/Q76jidq-x-A?si=5ZdSeettm4m1U5G7\">ser <\/a>mentores, equipar y caminar con l\u00edderes emergentes en humildad y verdadera asociaci\u00f3n intergeneracional.<\/li>\n<li><span style=\"text-decoration: underline;\"><a href=\"https:\/\/www.youtube.com\/live\/qdC98ofZzbg?si=8ZSt66BEj0QsnXcb\" target=\"_blank\" rel=\"noopener\"><strong>Sesi\u00f3n 4 <\/strong><\/a><\/span><strong>\u2013 Negocios como Misi\u00f3n (BAM): Una Visi\u00f3n del Reino para el Ma\u00f1ana (Rev. Bao Her)<\/strong>: Una visi\u00f3n del Reino para la urbanizaci\u00f3n global, mostrando c\u00f3mo los negocios pueden abrir puertas para el discipulado, la compasi\u00f3n y la plantaci\u00f3n de iglesias, y llamando a la Alianza a utilizar a aquellos dotados tanto en los negocios como en el ministerio.<\/li>\n<li><a href=\"https:\/\/www.youtube.com\/live\/MY2QQDK0E54?si=4tzDjjzRpL5IVGij\" target=\"_blank\" rel=\"noopener\"><strong><span style=\"text-decoration: underline;\">Sesi\u00f3n 5<\/span> <\/strong><\/a><strong>\u2013 Ecos del Legado (Rev. Jeremy Cook)<\/strong>: Un llamado a dejar un legado de fidelidad invirtiendo intencionalmente en la pr\u00f3xima generaci\u00f3n a trav\u00e9s de la invitaci\u00f3n, el sacrificio y la multiplicaci\u00f3n.<\/li>\n<li><a href=\"https:\/\/www.youtube.com\/live\/P1Y1pVJi8wU?si=is_bIinGNa7ZyAFB\" target=\"_blank\" rel=\"noopener\"><strong><span style=\"text-decoration: underline;\">Sesi\u00f3n 6 <\/span><\/strong><\/a><strong>\u2013 El Se\u00f1or ES Mi Pastor: Ir Juntos en Su Misi\u00f3n (Rev. Dr. Daniel Ronda)<\/strong>: Del Salmo 23, un desaf\u00edo a rechazar el individualismo y abrazar la unidad, la responsabilidad y la colaboraci\u00f3n intercultural en la misi\u00f3n de Dios.<\/li>\n<li><a href=\"https:\/\/www.youtube.com\/live\/yRTRaEnvh90?si=8AoNveOGZew3QhKt\" target=\"_blank\" rel=\"noopener\"><strong><span style=\"text-decoration: underline;\">Sesi\u00f3n 7 <\/span><\/strong><\/a><strong>\u2013 Exigencias Divinas: Unirnos, Transformarnos, Difundir el Evangelio. (Rev. Dr. Walter P\u00e9rez)<\/strong>: Un llamado final a una obediencia renovada y unida, insistiendo en que la misi\u00f3n de Dios exige transformaci\u00f3n \u2014personal y comunitaria\u2014 al caminar juntos como un solo cuerpo.<\/li>\n<\/ul>\n<p>En una serie de talleres din\u00e1micos, los delegados fueron invitados a profundizar en el coraz\u00f3n de la vida y la misi\u00f3n de la Alianza:<\/p>\n<ul>\n<li>Redescubriendo nuestro ADN compartido en Cristo como Salvador, Santificador, Sanador y Rey Que Viene Pronto.<\/li>\n<li>Luchar con el liderazgo de la pr\u00f3xima generaci\u00f3n y la misi\u00f3n multicultural es como una carrera de relevos que honra tanto a los mayores como a los l\u00edderes emergentes.<\/li>\n<li>Replantear la generosidad como un camino alegre de discipulado que impulsa la misi\u00f3n local y global.<\/li>\n<li>Fortalecer la atenci\u00f3n integral a los obreros transculturales a trav\u00e9s de la responsabilidad compartida entre las iglesias emisoras y receptoras.<\/li>\n<li>Comprometido con el cuidado de la creaci\u00f3n y la restauraci\u00f3n de la comunidad como expresiones fundamentales de la misi\u00f3n de Dios, el taller de Socorro y Desarrollo integr\u00f3 los fundamentos b\u00edblicos con principios pr\u00e1cticos de desarrollo para zonas con poca o ninguna infraestructura existente.<\/li>\n<li>Celebrando el liderazgo estrat\u00e9gico, empoderado por el Esp\u00edritu, de las mujeres de toda la familia Aliancista mientras lideramos y servimos juntas en la misi\u00f3n global de Dios.<\/li>\n<\/ul>\n<p><strong>Unidos en el Sufrimiento y la Misi\u00f3n: Acogiendo la Luz del Evangelio de Ucrania en la Familia AWF<\/strong><\/p>\n<p>AWF dio la bienvenida oficialmente a la <span style=\"text-decoration: underline;\"><a href=\"https:\/\/awf.world\/es\/awf-news\/luz-del-evangelio-en-ucrania-se-une-a-la-awf\/\" target=\"_blank\" rel=\"noopener\">Asociaci\u00f3n Luz del Evangelio de Ucrania<\/a><\/span> (ACyM de Ucrania) como su miembro m\u00e1s nuevo durante la Cuadrienal 2025 en Costa de Marfil, un momento poderoso de unidad global en medio de los desaf\u00edos actuales de Ucrania.<\/p>\n<p>Durante una de las sesiones, el Rev. Sergiy Guts, presidente de la ACyM de Ucrania, comparti\u00f3 un videoclip inspirador, <em>El Evangelio en el Fuego: Ministerio de la Iglesia Bajo Presi\u00f3n y Dolor<\/em>, y un poderoso testimonio sobre la iglesia compartiendo el evangelio y sirviendo compasivamente a la comunidad bajo la guerra, la p\u00e9rdida y el sufrimiento: un recordatorio de que la familia global de la Alianza se ayuda mutuamente a trav\u00e9s de las temporadas m\u00e1s dif\u00edciles.<\/p>\n<p>Esta membres\u00eda no s\u00f3lo significa un reconocimiento de la madurez y fidelidad de la Alianza Ucraniana, sino que tambi\u00e9n abre nuevos horizontes para la cooperaci\u00f3n, la misi\u00f3n y el apoyo mutuo entre las naciones.<\/p>\n<p><strong>Un Libro que Celebra 50 A\u00f1os de Fe, Misi\u00f3n e Impacto Global<\/strong><\/p>\n<p>Un momento destacado de la Convocatoria fue el lanzamiento del Libro Conmemorativo del 50.\u00ba Aniversario de AWF, escrito por David P. Jones, Peter Laughlin y Jura Yanagihara. El libro recorre la trayectoria de la familia Alianza desde sus inicios hasta su impacto global actual, celebrando el legado de A. B. Simpson y la expansi\u00f3n del Evangelio Cu\u00e1druple a trav\u00e9s de las naciones. El libro estar\u00e1 disponible en las oficinas regionales y las librer\u00edas nacionales de la Alianza. Se anima a los participantes y lectores de todo el mundo a contactar a sus representantes regionales de la AWF para adquirir un ejemplar y unirse a la celebraci\u00f3n de este hito en la historia de la Alianza.<\/p>\n<p><strong>Avanzando Juntos<\/strong><\/p>\n<p>La Convocatoria concluy\u00f3 con un renovado sentido de familia, llamando al movimiento global de la Alianza a continuar sus pr\u00f3ximos cincuenta a\u00f1os juntos, transformados y en misi\u00f3n. La Convocatoria Cuadrienal 2025 de AWF fue m\u00e1s que una conferencia; fue una celebraci\u00f3n de la familia, la identidad y la misi\u00f3n. Al iniciar la Alianza su siguiente cap\u00edtulo, el llamado resuena m\u00e1s claro que nunca: Ir M\u00e1s Profundo en Cristo. Ir M\u00e1s All\u00e1 en la Misi\u00f3n. Ir Juntos como la Familia de Dios.<\/p>\n","protected":false},"author":24,"featured_media":42098,"template":"","meta":{"inline_featured_image":false,"ngg_post_thumbnail":0,"_EventAllDay":false,"_EventTimezone":"","_EventStartDate":"","_EventEndDate":"","_EventStartDateUTC":"","_EventEndDateUTC":"","_EventShowMap":false,"_EventShowMapLink":false,"_EventURL":"","_EventCost":"","_EventCostDescription":"","_EventCurrencySymbol":"","_EventCurrencyCode":"","_EventCurrencyPosition":"","_EventDateTimeSeparator":"","_EventTimeRangeSeparator":"","_EventOrganizerID":[],"_EventVenueID":[],"_OrganizerEmail":"","_OrganizerPhone":"","_OrganizerWebsite":"","_VenueAddress":"","_VenueCity":"","_VenueCountry":"","_VenueProvince":"","_VenueState":"","_VenueZip":"","_VenuePhone":"","_VenueURL":"","_VenueStateProvince":"","_VenueLat":"","_VenueLng":"","_VenueShowMap":false,"_VenueShowMapLink":false},"categories":[34],"tags":[279,384],"class_list":["post-42108","awf-news","type-awf-news","status-publish","has-post-thumbnail","hentry","category-news-es","tag-africa-es","tag-convocatoria-cuatrienal"],"_links":{"self":[{"href":"https:\/\/awf.world\/es\/wp-json\/wp\/v2\/awf-news\/42108","targetHints":{"allow":["GET"]}}],"collection":[{"href":"https:\/\/awf.world\/es\/wp-json\/wp\/v2\/awf-news"}],"about":[{"href":"https:\/\/awf.world\/es\/wp-json\/wp\/v2\/types\/awf-news"}],"author":[{"embeddable":true,"href":"https:\/\/awf.world\/es\/wp-json\/wp\/v2\/users\/24"}],"wp:featuredmedia":[{"embeddable":true,"href":"https:\/\/awf.world\/es\/wp-json\/wp\/v2\/media\/42098"}],"wp:attachment":[{"href":"https:\/\/awf.world\/es\/wp-json\/wp\/v2\/media?parent=42108"}],"wp:term":[{"taxonomy":"category","embeddable":true,"href":"https:\/\/awf.world\/es\/wp-json\/wp\/v2\/categories?post=42108"},{"taxonomy":"post_tag","embeddable":true,"href":"https:\/\/awf.world\/es\/wp-json\/wp\/v2\/tags?post=42108"}],"curies":[{"name":"wp","href":"https:\/\/api.w.org\/{rel}","templated":true}]}}