{"id":41005,"date":"2025-08-29T13:20:13","date_gmt":"2025-08-29T16:20:13","guid":{"rendered":"https:\/\/awf.world\/?post_type=awf-news&#038;p=41005"},"modified":"2025-09-02T10:36:04","modified_gmt":"2025-09-02T13:36:04","slug":"segundo-simposio-teologico-de-la-alianza","status":"publish","type":"awf-news","link":"https:\/\/awf.world\/es\/awf-news\/segundo-simposio-teologico-de-la-alianza\/","title":{"rendered":"Simposio Teol\u00f3gico de la Alianza sobre Vida Profunda y Perspectivas de la Misi\u00f3n"},"content":{"rendered":"<p style=\"text-align: justify;\"><strong>Segundo Simposio Teol\u00f3gico de la Alianza sobre \u201cVida Profunda y Perspectivas de la Misi\u00f3n\u201d, 4 y 5 de mayo de 2026, Esmirna, Turqu\u00eda<\/strong><\/p>\n<p>La <a href=\"https:\/\/awf.world\/es\/educacion-teologica\/\" target=\"_blank\" rel=\"noopener\">Comisi\u00f3n Internacional de Educaci\u00f3n Teol\u00f3gica de AWF<\/a> organizar\u00e1 un simposio teol\u00f3gico para la comunidad mundial de la Alianza. Se invita a acad\u00e9micos, pastores, l\u00edderes y otras personas que deseen contribuir a la labor de la Alianza a proponer una ponencia para el simposio antes del 30 de noviembre de 2025. La aceptaci\u00f3n de las ponencias se comunicar\u00e1 a medida que se reciban las propuestas. Las presentaciones tendr\u00e1n una duraci\u00f3n de 20 minutos, con 5 a 10 minutos adicionales para preguntas e interacci\u00f3n. Se espera que una selecci\u00f3n de las ponencias de la conferencia se publique posteriormente en un volumen editado.<\/p>\n<p><strong>Ya est\u00e1 abierta la convocatoria de ponencias que aborden el tema de <\/strong><strong><em>Vida Profunda y Perspectivas de la Misi\u00f3n.<\/em><\/strong><strong> Se aceptan ponencias que aborden diversos aspectos de estos temas.<\/strong><\/p>\n<p>Tenga en cuenta que se dar\u00e1 preferencia a los ponentes que puedan asistir al simposio presencialmente. Es posible que haya presentaciones en l\u00ednea disponibles.<\/p>\n<p><strong>Directrices para Propuestas de Art\u00edculos<\/strong><\/p>\n<p>El t\u00edtulo de la presentaci\u00f3n propuesta, con un resumen de 250 a 300 palabras, deber\u00e1 enviarse al Presidente del ICTE, Profesor Asociado Peter Laughlin (<a href=\"mailto:icte@awf.world\">icte@awf.world<\/a>) antes <strong>del 30 de noviembre de 2025. <\/strong>Las propuestas deber\u00e1n ir acompa\u00f1adas de sus datos de contacto: nombre, cargo, puesto, n\u00famero de tel\u00e9fono y direcci\u00f3n de correo electr\u00f3nico.<\/p>\n<p>Atentamente,<\/p>\n<p>Rev. Dr. Peter Laughlin<br \/>\nPresidente de la Comisi\u00f3n Internacional de Educaci\u00f3n Teol\u00f3gica<br \/>\nConfraternidad Mundial de la Alianza<\/p>\n","protected":false},"author":25,"featured_media":40999,"template":"","meta":{"inline_featured_image":false,"ngg_post_thumbnail":0,"_EventAllDay":false,"_EventTimezone":"","_EventStartDate":"","_EventEndDate":"","_EventStartDateUTC":"","_EventEndDateUTC":"","_EventShowMap":false,"_EventShowMapLink":false,"_EventURL":"","_EventCost":"","_EventCostDescription":"","_EventCurrencySymbol":"","_EventCurrencyCode":"","_EventCurrencyPosition":"","_EventDateTimeSeparator":"","_EventTimeRangeSeparator":"","_EventOrganizerID":[],"_EventVenueID":[],"_OrganizerEmail":"","_OrganizerPhone":"","_OrganizerWebsite":"","_VenueAddress":"","_VenueCity":"","_VenueCountry":"","_VenueProvince":"","_VenueState":"","_VenueZip":"","_VenuePhone":"","_VenueURL":"","_VenueStateProvince":"","_VenueLat":"","_VenueLng":"","_VenueShowMap":false,"_VenueShowMapLink":false},"categories":[854,637,34],"tags":[347,232,346],"class_list":["post-41005","awf-news","type-awf-news","status-publish","has-post-thumbnail","hentry","category-educacion-teologica","category-fixed-content-es","category-news-es","tag-comision-internacional-de-educacion-teologica","tag-educacion-teologica","tag-icte-es"],"_links":{"self":[{"href":"https:\/\/awf.world\/es\/wp-json\/wp\/v2\/awf-news\/41005","targetHints":{"allow":["GET"]}}],"collection":[{"href":"https:\/\/awf.world\/es\/wp-json\/wp\/v2\/awf-news"}],"about":[{"href":"https:\/\/awf.world\/es\/wp-json\/wp\/v2\/types\/awf-news"}],"author":[{"embeddable":true,"href":"https:\/\/awf.world\/es\/wp-json\/wp\/v2\/users\/25"}],"wp:featuredmedia":[{"embeddable":true,"href":"https:\/\/awf.world\/es\/wp-json\/wp\/v2\/media\/40999"}],"wp:attachment":[{"href":"https:\/\/awf.world\/es\/wp-json\/wp\/v2\/media?parent=41005"}],"wp:term":[{"taxonomy":"category","embeddable":true,"href":"https:\/\/awf.world\/es\/wp-json\/wp\/v2\/categories?post=41005"},{"taxonomy":"post_tag","embeddable":true,"href":"https:\/\/awf.world\/es\/wp-json\/wp\/v2\/tags?post=41005"}],"curies":[{"name":"wp","href":"https:\/\/api.w.org\/{rel}","templated":true}]}}