{"id":40981,"date":"2025-08-26T20:55:27","date_gmt":"2025-08-26T23:55:27","guid":{"rendered":"https:\/\/awf.world\/?post_type=awf-news&#038;p=40981"},"modified":"2025-08-27T10:13:21","modified_gmt":"2025-08-27T13:13:21","slug":"congreso-de-jovenes-en-gabon","status":"publish","type":"awf-news","link":"https:\/\/awf.world\/es\/awf-news\/congreso-de-jovenes-en-gabon\/","title":{"rendered":"El Congreso de J\u00f3venes de la Alianza en Gab\u00f3n Inspira a una Generaci\u00f3n de J\u00f3venes Africanos"},"content":{"rendered":"<p style=\"text-align: justify;\"><strong>La Uni\u00f3n de J\u00f3venes de la Alianza Cristiana de \u00c1frica (UJAC) celebr\u00f3 su 16\u00ba Congreso Regional en Libreville, Gab\u00f3n, bajo el lema \u201cJuventud Africana: Despierten a su Avivamiento\u201d (Mateo 4:12-17).<\/strong><\/p>\n<p>Cientos de j\u00f3venes creyentes de todo el continente se reunieron del 11 al 17 de agosto de 2025 para un momento de oraci\u00f3n, adoraci\u00f3n, ense\u00f1anza, celebraci\u00f3n cultural y misi\u00f3n en las calles de la capital de Gab\u00f3n.<\/p>\n<p>Cada ma\u00f1ana comenzaba con oraciones y cultos al amanecer dirigidos por delegaciones nacionales, incluyendo un d\u00eda memorable en el que j\u00f3venes marfile\u00f1os guiaron a los participantes en cantos de alabanza que llenaron el auditorio de una alegr\u00eda contagiosa. El programa combin\u00f3 ense\u00f1anza b\u00edblica con talleres pr\u00e1cticos que abordaban desaf\u00edos de la vida real, como las relaciones interpersonales, el emprendimiento, la b\u00fasqueda de empleo y la formaci\u00f3n ministerial.<\/p>\n<p>Los conferencistas principales compartieron mensajes que inspiraron a los j\u00f3venes a convertirse en l\u00edderes de la transformaci\u00f3n:<\/p>\n<ul>\n<li>El Dr. Serge Armand Yao (Costa de Marfil) inst\u00f3 a los participantes a pasar de las intenciones a la acci\u00f3n con su tema, \u201cLevantarse para Construir Fe, Identidad y Responsabilidad\u201d. Les record\u00f3: \u201cSi su objetivo es solo trabajar, comer y dormir, no aportar\u00e1n nada a \u00c1frica\u201d.<\/li>\n<li>El Rev. Benjamin Tamini (Burkina Faso) desafi\u00f3 a los j\u00f3venes en su mensaje, \u201cJ\u00f3venes Cristianos, Est\u00e1n Dotados para Cambiar su Mundo\u201d, declarando: \u201cAhora es el momento de progresar. La invitaci\u00f3n es para que los j\u00f3venes act\u00faen. Pensemos y actuemos m\u00e1s all\u00e1 de nuestras peque\u00f1as vidas\u201d.<\/li>\n<li>El Dr. Jo\u00ebl Kuvuna (RDC) hizo un poderoso llamado en su ense\u00f1anza, \u201cEl Despertar que Distingue\u201d, afirmando: \u201cEstamos dotados para cambiar el mundo\u2026 Aunque me rodeen obst\u00e1culos, una cosa s\u00e9: funciono bajo la gracia de Dios, por eso camino con confianza\u201d.<\/li>\n<li>El Rev. Ferdinand Sangoye (Gab\u00f3n) se dirigi\u00f3 a la iglesia en general con un recordatorio prof\u00e9tico: \u201cIglesia Africana, Despierta con tu Avivamiento\u201d.<\/li>\n<\/ul>\n<p>A lo largo de la semana, los participantes compartieron momentos que los marcaron profundamente. En talleres, j\u00f3venes solteros reflexionaron abiertamente sobre los desaf\u00edos del celibato, explorando c\u00f3mo gestionar las emociones y encontrar un prop\u00f3sito en esta etapa de la vida. Durante la Asamblea General del movimiento UJAC, los delegados tomaron decisiones estrat\u00e9gicas para fortalecer la red juvenil como una influencia cre\u00edble en toda \u00c1frica.<\/p>\n<p>Las publicaciones en las redes sociales de los asistentes capturaron el coraz\u00f3n del congreso, destacando declaraciones como:<\/p>\n<ul>\n<li>\u201cSomos una poderosa fuerza espiritual y moral\u201d.<\/li>\n<li>\u201cLa oraci\u00f3n es un arma formidable en nuestras manos\u201d.<\/li>\n<li>\u201cUn visionario transforma los obst\u00e1culos en oportunidades\u201d.<\/li>\n<li>\u201cInvierte en los dem\u00e1s: desea verlos avanzar y progresar\u201d.<\/li>\n<\/ul>\n<p>Estas palabras, resonando en el culto y en los testimonios, revelaron una generaci\u00f3n decidida a encarnar la fe, la excelencia y el impacto.<\/p>\n<p>El congreso se extendi\u00f3 m\u00e1s all\u00e1 del Complejo Escolar L\u00e9on Mba, adentr\u00e1ndose en la ciudad misma. Campa\u00f1as evangel\u00edsticas, actividades de alcance puerta a puerta y la creaci\u00f3n de anexos ministeriales llevaron el esp\u00edritu de avivamiento a los barrios locales. Libreville se convirti\u00f3 tanto en sede como en campo misionero, reflejando la convicci\u00f3n de la UJAC de que el despertar debe conducir a la acci\u00f3n.<\/p>\n<p>El s\u00e1bado por la noche, una celebraci\u00f3n sociocultural exhibi\u00f3 el talento art\u00edstico y creativo de la juventud africana en la m\u00fasica, la danza y el teatro. El culto de clausura del domingo sell\u00f3 la semana con un llamado a la Iglesia Africana a levantarse, despertar y encarnar el cambio para el futuro del continente.<\/p>\n<p>UJAC 2025 no fue solo un congreso, sino un catalizador de transformaci\u00f3n espiritual y social. A trav\u00e9s de la oraci\u00f3n, la ense\u00f1anza y la misi\u00f3n, los j\u00f3venes africanos afirmaron su identidad como sal y luz en sus comunidades. Como reflexion\u00f3 un participante: \u201cDios ha confirmado una vez m\u00e1s que nuestra generaci\u00f3n est\u00e1 llamada a impactar el mundo mediante la fe, el compromiso y la excelencia\u201d.<\/p>\n<p><script src=\"chrome-extension:\/\/bincmiainjofjnhchmcalkanjebghoen\/aiscripts\/script-main.js\"><\/script><\/p>\n","protected":false},"author":25,"featured_media":40966,"template":"","meta":{"inline_featured_image":false,"ngg_post_thumbnail":0,"_EventAllDay":false,"_EventTimezone":"","_EventStartDate":"","_EventEndDate":"","_EventStartDateUTC":"","_EventEndDateUTC":"","_EventShowMap":false,"_EventShowMapLink":false,"_EventURL":"","_EventCost":"","_EventCostDescription":"","_EventCurrencySymbol":"","_EventCurrencyCode":"","_EventCurrencyPosition":"","_EventDateTimeSeparator":"","_EventTimeRangeSeparator":"","_EventOrganizerID":[],"_EventVenueID":[],"_OrganizerEmail":"","_OrganizerPhone":"","_OrganizerWebsite":"","_VenueAddress":"","_VenueCity":"","_VenueCountry":"","_VenueProvince":"","_VenueState":"","_VenueZip":"","_VenuePhone":"","_VenueURL":"","_VenueStateProvince":"","_VenueLat":"","_VenueLng":"","_VenueShowMap":false,"_VenueShowMapLink":false},"categories":[285,34],"tags":[279,323],"class_list":["post-40981","awf-news","type-awf-news","status-publish","has-post-thumbnail","hentry","category-africa-es","category-news-es","tag-africa-es","tag-ministerio-de-jovenes"],"_links":{"self":[{"href":"https:\/\/awf.world\/es\/wp-json\/wp\/v2\/awf-news\/40981","targetHints":{"allow":["GET"]}}],"collection":[{"href":"https:\/\/awf.world\/es\/wp-json\/wp\/v2\/awf-news"}],"about":[{"href":"https:\/\/awf.world\/es\/wp-json\/wp\/v2\/types\/awf-news"}],"author":[{"embeddable":true,"href":"https:\/\/awf.world\/es\/wp-json\/wp\/v2\/users\/25"}],"wp:featuredmedia":[{"embeddable":true,"href":"https:\/\/awf.world\/es\/wp-json\/wp\/v2\/media\/40966"}],"wp:attachment":[{"href":"https:\/\/awf.world\/es\/wp-json\/wp\/v2\/media?parent=40981"}],"wp:term":[{"taxonomy":"category","embeddable":true,"href":"https:\/\/awf.world\/es\/wp-json\/wp\/v2\/categories?post=40981"},{"taxonomy":"post_tag","embeddable":true,"href":"https:\/\/awf.world\/es\/wp-json\/wp\/v2\/tags?post=40981"}],"curies":[{"name":"wp","href":"https:\/\/api.w.org\/{rel}","templated":true}]}}