{"id":40036,"date":"2025-07-21T16:25:05","date_gmt":"2025-07-21T19:25:05","guid":{"rendered":"https:\/\/awf.world\/?post_type=awf-news&#038;p=40036"},"modified":"2025-07-21T16:53:25","modified_gmt":"2025-07-21T19:53:25","slug":"conoce-a-ramiro-machicado","status":"publish","type":"awf-news","link":"https:\/\/awf.world\/es\/awf-news\/conoce-a-ramiro-machicado\/","title":{"rendered":"Conoce a Ramiro Machicado, el Nuevo Presidente de la Alianza de Bolivia"},"content":{"rendered":"<p style=\"text-align: justify;\"><strong>Ramiro Machicado T. ha sido elegido Presidente de la Iglesia de la Alianza Cristiana y Misionera (ACyM) de Bolivia, continuando su liderazgo de larga data dentro del movimiento y reafirmando su compromiso con el fortalecimiento y la expansi\u00f3n de la presencia evang\u00e9lica de la Alianza en todo el pa\u00eds.<\/strong><\/p>\n<p>Machicado, quien inici\u00f3 oficialmente su nuevo mandato en mayo de 2025, servir\u00e1 hasta mayo de 2027, enfoc\u00e1ndose en consolidar las estructuras de la iglesia, capacitar a nuevos l\u00edderes y preparar a los creyentes bolivianos para la obra misionera intercultural. \u201cNuestro objetivo es construir iglesias din\u00e1micas y con potencial de reproducci\u00f3n, a la vez que capacitamos a nuevos l\u00edderes y misioneros que llevar\u00e1n el evangelio a Bolivia y m\u00e1s all\u00e1\u201d, afirm\u00f3.<\/p>\n<p>Su ministerio pastoral ha incluido la direcci\u00f3n de la Iglesia Alianza en Calacoto durante cinco a\u00f1os y el desempe\u00f1o de diversos cargos pastorales en Bolivia. De 2013 a 2022, Machicado se desempe\u00f1\u00f3 previamente como presidente de la <a href=\"https:\/\/awf.world\/es\/country-description\/bolivia\/\" target=\"_blank\" rel=\"noopener\">Alianza Boliviana<\/a>, y en 2024 se le encomend\u00f3 la organizaci\u00f3n y direcci\u00f3n del nuevo seminario de la Alianza en Bolivia.<\/p>\n<p>Bajo su renovado liderazgo, Machicado planea continuar con los desarrollos estrat\u00e9gicos de la iglesia, enfatizando el crecimiento din\u00e1mico de la iglesia, la capacitaci\u00f3n de l\u00edderes y un camino estructurado para el desarrollo de misioneros interculturales. Adem\u00e1s, busca fortalecer la unidad dentro de la Alianza Boliviana y finalizar las actualizaciones de los estatutos de la iglesia con el gobierno boliviano.<\/p>\n<p>Nacido en La Paz, Bolivia, el 3 de enero de 1961, Machicado creci\u00f3 bajo el cuidado de sus padres, Evaristo y Blanca, junto con tres hermanos. Tras estudiar econom\u00eda y obtener una maestr\u00eda en comercio internacional, conoci\u00f3 a Cristo el 27 de mayo de 1986 a trav\u00e9s de un mensaje evangel\u00edstico radial que lo condujo a la iglesia Alianza en Calacoto, La Paz. All\u00ed, creci\u00f3 en la fe y sirvi\u00f3 durante 13 a\u00f1os antes de responder al llamado de Dios al ministerio pastoral.<\/p>\n<p>A pesar de la ausencia de un seminario de la Alianza en Bolivia en ese momento, Machicado continu\u00f3 su formaci\u00f3n teol\u00f3gica a trav\u00e9s de instituciones locales y un extenso estudio autodidacta, obteniendo posteriormente una Maestr\u00eda en Teolog\u00eda Pastoral de FATELA, la Facultad Latinoamericana de Teolog\u00eda, en 2012. Recientemente, complet\u00f3 un Doctorado en Ministerio con \u00e9nfasis en liderazgo en el Seminario Teol\u00f3gico Bautista Midwestern en Missouri, EE. UU., y defendi\u00f3 su tesis el 1 de julio de 2025.<\/p>\n<p>Machicado y su esposa, Carmen Rosa Ot\u00e1lora Urquizu, est\u00e1n casados desde el 21 de julio de 1990 y tienen tres hijos adultos: Stefanie Adriana, Pablo Andr\u00e9s y Carla. Mantienen su compromiso de servir juntos al Se\u00f1or mientras abrazan esta nueva etapa de liderazgo.<\/p>\n<p>Machicado pide oraci\u00f3n por su salud, por sabidur\u00eda para servir con humildad y fidelidad, y por un despertar espiritual en Bolivia que fortalezca a la Alianza para cumplir la Gran Comisi\u00f3n a nivel local y global. \u201cQue Dios nos conceda la gracia de servirle bien, para que su nombre sea glorificado en Bolivia y hasta los confines de la tierra\u201d, dijo.<\/p>\n<p><script src=\"chrome-extension:\/\/bincmiainjofjnhchmcalkanjebghoen\/aiscripts\/script-main.js\"><\/script><\/p>\n<div id=\"ag-1753127203677\"><\/div>\n","protected":false},"author":25,"featured_media":40033,"template":"","meta":{"inline_featured_image":false,"ngg_post_thumbnail":0,"_EventAllDay":false,"_EventTimezone":"","_EventStartDate":"","_EventEndDate":"","_EventStartDateUTC":"","_EventEndDateUTC":"","_EventShowMap":false,"_EventShowMapLink":false,"_EventURL":"","_EventCost":"","_EventCostDescription":"","_EventCurrencySymbol":"","_EventCurrencyCode":"","_EventCurrencyPosition":"","_EventDateTimeSeparator":"","_EventTimeRangeSeparator":"","_EventOrganizerID":[],"_EventVenueID":[],"_OrganizerEmail":"","_OrganizerPhone":"","_OrganizerWebsite":"","_VenueAddress":"","_VenueCity":"","_VenueCountry":"","_VenueProvince":"","_VenueState":"","_VenueZip":"","_VenuePhone":"","_VenueURL":"","_VenueStateProvince":"","_VenueLat":"","_VenueLng":"","_VenueShowMap":false,"_VenueShowMapLink":false},"categories":[99,34],"tags":[415,209],"class_list":["post-40036","awf-news","type-awf-news","status-publish","has-post-thumbnail","hentry","category-latin-america-es","category-news-es","tag-bolivia-es","tag-america-latina"],"_links":{"self":[{"href":"https:\/\/awf.world\/es\/wp-json\/wp\/v2\/awf-news\/40036","targetHints":{"allow":["GET"]}}],"collection":[{"href":"https:\/\/awf.world\/es\/wp-json\/wp\/v2\/awf-news"}],"about":[{"href":"https:\/\/awf.world\/es\/wp-json\/wp\/v2\/types\/awf-news"}],"author":[{"embeddable":true,"href":"https:\/\/awf.world\/es\/wp-json\/wp\/v2\/users\/25"}],"wp:featuredmedia":[{"embeddable":true,"href":"https:\/\/awf.world\/es\/wp-json\/wp\/v2\/media\/40033"}],"wp:attachment":[{"href":"https:\/\/awf.world\/es\/wp-json\/wp\/v2\/media?parent=40036"}],"wp:term":[{"taxonomy":"category","embeddable":true,"href":"https:\/\/awf.world\/es\/wp-json\/wp\/v2\/categories?post=40036"},{"taxonomy":"post_tag","embeddable":true,"href":"https:\/\/awf.world\/es\/wp-json\/wp\/v2\/tags?post=40036"}],"curies":[{"name":"wp","href":"https:\/\/api.w.org\/{rel}","templated":true}]}}