{"id":38547,"date":"2025-06-24T20:49:02","date_gmt":"2025-06-24T23:49:02","guid":{"rendered":"https:\/\/awf.world\/?post_type=awf-news&#038;p=38547"},"modified":"2025-06-25T10:53:24","modified_gmt":"2025-06-25T13:53:24","slug":"in-memoriam-del-dr-benjamin-pada-de-jesus","status":"publish","type":"awf-news","link":"https:\/\/awf.world\/es\/awf-news\/in-memoriam-del-dr-benjamin-pada-de-jesus\/","title":{"rendered":"In Memoriam del Dr. Benjamin Pada De Jesus, Un Modelo de Liderazgo Cristiano de Servicio"},"content":{"rendered":"<p style=\"text-align: justify;\"><strong>El Dr. Benjam\u00edn \u201cBen\u201d Pada de Jes\u00fas fue un l\u00edder visionario, pastor, educador y servidor global de la Alianza Cristiana y Misionera.<\/strong><\/p>\n<p>El Dr. Benjam\u00edn \u201cBen\u201d Pada de Jes\u00fas, el presidente m\u00e1s antiguo de las <a href=\"https:\/\/awf.world\/es\/country-description\/philippines\/\" target=\"_blank\" rel=\"noopener\">Iglesias de la Alianza Cristiana y Misionera de Filipinas (CAMACOP)<\/a>, vivi\u00f3 una vida marcada por una fe inquebrantable, la excelencia acad\u00e9mica y un liderazgo centrado en Cristo. Fue un modelo de liderazgo de servicio que influy\u00f3 en generaciones de filipinos y de todo el mundo.<\/p>\n<p>Uno de sus l\u00edderes m\u00e1s distinguidos, el Dr. Ben entr\u00f3 en la presencia del Se\u00f1or el 28 de mayo de 2025, a la edad de 91 a\u00f1os. Predicador talentoso, educador, escritor y l\u00edder visionario, su legado abarca d\u00e9cadas de ministerio fiel y fruct\u00edfero. La familia de la Alianza Cristiana y Misionera (ACyM) lamenta su fallecimiento.<\/p>\n<p>Aunque al principio so\u00f1aba con una carrera militar y jur\u00eddica, la llamada de Dios a su vida result\u00f3 ineludible. Tras a\u00f1os de resistencia, Ben se rindi\u00f3 a la voluntad del Se\u00f1or durante una noche de oraci\u00f3n en silencio en Manila. A partir de ese momento, la trayectoria de su vida qued\u00f3 fijada: servir al Se\u00f1or de todo coraz\u00f3n.<\/p>\n<p>Comenz\u00f3 su formaci\u00f3n teol\u00f3gica en el Instituto B\u00edblico Ebenezer en 1955 y se gradu\u00f3 en 1960. Sus primeros destinos pastorales le llevaron desde las humildes comunidades de Cotabato del Sur hasta las bulliciosas ciudades de Davao y Quezon City. En cada parada, su coraz\u00f3n de pastor, su rigor intelectual y su inquebrantable compromiso con Cristo se hicieron evidentes.<\/p>\n<p>Entre sus muchas funciones de liderazgo, Ben fue:<\/p>\n<ul>\n<li>Director Nacional de la Concentraci\u00f3n Juvenil (1961-1967), impulsando lo que se convertir\u00eda en la Alianza Juvenil de Filipinas.<\/li>\n<li>Superintendente de Distrito de Mindanao Oriental (1966-1967) y Luz\u00f3n-Palaw\u00e1n (1972).<\/li>\n<li>Presidente de CAMACOP (1978-1989), el mandato m\u00e1s largo en la historia de la denominaci\u00f3n.<\/li>\n<li>Presidente (1987-1991) y Director Ejecutivo (1992-2000) de la Confraternidad Mundial de la Alianza (AWF), que fortaleci\u00f3 los lazos mundiales entre las iglesias de la Alianza.<\/li>\n<li>Presidente del Instituto B\u00edblico y Seminario Ebenezer (1999-2005).<\/li>\n<\/ul>\n<p>Estudioso durante toda su vida, Ben se licenci\u00f3 en la Far Eastern University (1972), el Wheaton College (Summa Cum Laude, 1973) y el Southwestern Baptist Theological Seminary (Doctorado, 1978). Era tanto un hombre de letras como un hombre de oraci\u00f3n. Sus contribuciones escritas, libros, columnas en revistas y reflexiones teol\u00f3gicas siguen dando forma al pensamiento cristiano y a la formaci\u00f3n de l\u00edderes dentro y fuera de CAMACOP.<\/p>\n<p>La influencia de Ben tambi\u00e9n se dej\u00f3 sentir profundamente en su familia. Estuvo casado con Leoncia Maligro, que fue presidente de la Asociaci\u00f3n Nacional Misionera Femenina de Oraci\u00f3n (1982-1992). Juntos criaron a cuatro hijos, Anne, Benji Jr., Charles John y Dan Marshall, que contin\u00faan el legado de servicio de sus padres.<\/p>\n<p>Nacido el 18 de abril de 1934 en Zamboanga City, Ben era el segundo hijo del Rev. Florentino de Jes\u00fas padre, segundo presidente de CAMACOP, y de la Sra. Maria Pada. Sus primeros a\u00f1os estuvieron marcados por profundas influencias espirituales. A los seis a\u00f1os, en una noche de tormenta en el pueblo flotante de Siasi, Sulu, un asustado Ben se aferr\u00f3 a su madre e hizo una oraci\u00f3n infantil pero que cambi\u00f3 su vida: \u201cQuerido Jes\u00fas, ven a mi coraz\u00f3n\u201d. Ese momento dar\u00eda comienzo a un viaje marcado por la entrega total y la devoci\u00f3n de por vida a Cristo.<\/p>\n<p>En todas las etapas de su ministerio, ya fuera detr\u00e1s de un p\u00falpito, en un aula acad\u00e9mica, en el campo misionero o al frente del liderazgo mundial, Ben fue un ejemplo de humildad, sabidur\u00eda y profundidad espiritual. Su reflexi\u00f3n, tantas veces repetida, capta el coraz\u00f3n que hay detr\u00e1s de su perdurable impacto: \u201cSoy lo que soy, primero, por la gracia de Dios; segundo, por la preocupaci\u00f3n de mis padres; tercero, por los amigos y misioneros cristianos que se entregaron a nosotros en un servicio sacrificado\u201d.<\/p>\n<p>Su fallecimiento no es s\u00f3lo un momento de tristeza, es la celebraci\u00f3n de una vida bien vivida para gloria de Dios. Nos hacemos eco de las palabras de la Escritura sobre su vida: \u201cBien, buen siervo y fiel\u201d (Mateo 25:23).<\/p>\n<p>Que su memoria inspire a las generaciones venideras de l\u00edderes servidores.<\/p>\n","protected":false},"author":24,"featured_media":38545,"template":"","meta":{"inline_featured_image":false,"ngg_post_thumbnail":0,"_EventAllDay":false,"_EventTimezone":"","_EventStartDate":"","_EventEndDate":"","_EventStartDateUTC":"","_EventEndDateUTC":"","_EventShowMap":false,"_EventShowMapLink":false,"_EventURL":"","_EventCost":"","_EventCostDescription":"","_EventCurrencySymbol":"","_EventCurrencyCode":"","_EventCurrencyPosition":"","_EventDateTimeSeparator":"","_EventTimeRangeSeparator":"","_EventOrganizerID":[],"_EventVenueID":[],"_OrganizerEmail":"","_OrganizerPhone":"","_OrganizerWebsite":"","_VenueAddress":"","_VenueCity":"","_VenueCountry":"","_VenueProvince":"","_VenueState":"","_VenueZip":"","_VenuePhone":"","_VenueURL":"","_VenueStateProvince":"","_VenueLat":"","_VenueLng":"","_VenueShowMap":false,"_VenueShowMapLink":false},"categories":[106,34],"tags":[199,649,271],"class_list":["post-38547","awf-news","type-awf-news","status-publish","has-post-thumbnail","hentry","category-apac-es","category-news-es","tag-apac-es","tag-asia-pacifico","tag-filipinas"],"_links":{"self":[{"href":"https:\/\/awf.world\/es\/wp-json\/wp\/v2\/awf-news\/38547","targetHints":{"allow":["GET"]}}],"collection":[{"href":"https:\/\/awf.world\/es\/wp-json\/wp\/v2\/awf-news"}],"about":[{"href":"https:\/\/awf.world\/es\/wp-json\/wp\/v2\/types\/awf-news"}],"author":[{"embeddable":true,"href":"https:\/\/awf.world\/es\/wp-json\/wp\/v2\/users\/24"}],"wp:featuredmedia":[{"embeddable":true,"href":"https:\/\/awf.world\/es\/wp-json\/wp\/v2\/media\/38545"}],"wp:attachment":[{"href":"https:\/\/awf.world\/es\/wp-json\/wp\/v2\/media?parent=38547"}],"wp:term":[{"taxonomy":"category","embeddable":true,"href":"https:\/\/awf.world\/es\/wp-json\/wp\/v2\/categories?post=38547"},{"taxonomy":"post_tag","embeddable":true,"href":"https:\/\/awf.world\/es\/wp-json\/wp\/v2\/tags?post=38547"}],"curies":[{"name":"wp","href":"https:\/\/api.w.org\/{rel}","templated":true}]}}