{"id":38520,"date":"2025-06-13T19:32:29","date_gmt":"2025-06-13T22:32:29","guid":{"rendered":"https:\/\/awf.world\/?post_type=awf-news&#038;p=38520"},"modified":"2025-07-29T12:05:18","modified_gmt":"2025-07-29T15:05:18","slug":"inscribase-ahora-cuadrienal-de-awf-2025","status":"publish","type":"awf-news","link":"https:\/\/awf.world\/es\/awf-news\/inscribase-ahora-cuadrienal-de-awf-2025\/","title":{"rendered":"Inscr\u00edbase ahora para la Cuadrienal de AWF 2025 en Yamoussoukro"},"content":{"rendered":"<p>Amada Familia Aliancista,<\/p>\n<p>Con gran alegr\u00eda les invitamos a la <strong>13\u00aa Conferencia Cuadrienal de AWF<\/strong>, que se celebrar\u00e1 en el <strong>Hotel President de Yamoussoukro, Costa de Marfil<\/strong>, del <strong>8 al 12 de octubre de 2025<\/strong>. El tema de este a\u00f1o es <strong>\u201cIr Juntos\u201d<\/strong>, un poderoso llamado a fortalecer nuestra identidad y nuestra misi\u00f3n colaborando con toda la familia mundial de la Alianza.<\/p>\n<p>La convocatoria de este a\u00f1o tiene un significado extraordinario, ya que nos reunimos para celebrar un hito hist\u00f3rico: <strong>El 50 aniversario de la Confraternidad Mundial de la Alianza (AWF)<\/strong>.<\/p>\n<p>Durante cinco d\u00e9cadas, Dios ha guiado y sostenido fielmente este ministerio que une a nuestra familia mundial. Esta conferencia ser\u00e1 un tiempo sagrado de adoraci\u00f3n, reflexi\u00f3n, visi\u00f3n y acci\u00f3n de gracias, un momento para honrar nuestro pasado y avanzar audazmente hacia un futuro guiado por el Esp\u00edritu.<\/p>\n<p>Acudamos con confianza, fe y grandes expectativas, listos para inspirarnos, equiparnos y unirnos en la misi\u00f3n.<\/p>\n<p><strong>Las inscripciones ya est\u00e1n abiertas<\/strong> y animamos encarecidamente a todos los miembros, l\u00edderes y amigos de la Alianza a formar parte de esta inolvidable celebraci\u00f3n.<\/p>\n<ul>\n<li><strong>Inscripci\u00f3n anticipada: <\/strong>390 USD por persona para inscripciones hasta el 31 de julio de 2025.<br \/>\n<em>El valor de la inscripci\u00f3n incluye los materiales y las comidas (almuerzo y refrigerio). No se incluyen gastos varios como tiquete de avi\u00f3n, hospedaje, otras comidas, visado, vacunas, seguro m\u00e9dico, etc.<\/em><\/li>\n<li>A partir del 1 de agosto, la cuota de inscripci\u00f3n ser\u00e1 de 440 USD.<\/li>\n<li>La inscripci\u00f3n se cierra el 29 de agosto de 2025.<\/li>\n<li>Por favor, tenga a mano su tarjeta <strong>Visa o Mastercard<\/strong> para completar su inscripci\u00f3n.<\/li>\n<li><strong><a href=\"https:\/\/cvent.me\/OvWOzg\" target=\"_blank\" rel=\"noopener\">Reg\u00edstrese aqu\u00ed<\/a>.<\/strong><\/li>\n<\/ul>\n<p>El aeropuerto de llegada\/salida en Costa de Marfil es el Aeropuerto Internacional F\u00e9lix Houphou\u00ebt Boigny, situado en Abiy\u00e1n.<\/p>\n<p>La Iglesia Nacional (ACyM de Costa de Marfil) organizar\u00e1 el traslado desde el aeropuerto de Abiy\u00e1n hasta Yamoussoukro (2-3 horas por carretera).<\/p>\n<p>Restricciones de llegada: Todos los delegados que lleguen al aeropuerto de Abiy\u00e1n en un vuelo despu\u00e9s de las 16:00 ser\u00e1n recibidos por la iglesia nacional antes de viajar a Yamoussoukro al d\u00eda siguiente. Es importante que sepa los horarios de llegada y salida de su vuelo antes de reservar su habitaci\u00f3n de hotel en Yamoussoukro.<\/p>\n<p>Restricciones de salida: Todos los delegados que salgan del aeropuerto de Abiy\u00e1n en un vuelo antes del mediod\u00eda deber\u00e1n salir de Yamoussoukro y viajar a Abiy\u00e1n el d\u00eda anterior. Ser\u00e1n recibidos por la iglesia nacional en Abiy\u00e1n antes de partir en su vuelo del d\u00eda siguiente.<\/p>\n<p><strong>\u00a1Juntos, hagamos historia en Yamoussoukro!<\/strong><\/p>\n<p>Con cari\u00f1o y esperanza,<\/p>\n<p>Jura Yanagihara<br \/>\nPresidente<\/p>\n","protected":false},"author":24,"featured_media":38519,"template":"","meta":{"inline_featured_image":false,"ngg_post_thumbnail":0,"_EventAllDay":false,"_EventTimezone":"","_EventStartDate":"","_EventEndDate":"","_EventStartDateUTC":"","_EventEndDateUTC":"","_EventShowMap":false,"_EventShowMapLink":false,"_EventURL":"","_EventCost":"","_EventCostDescription":"","_EventCurrencySymbol":"","_EventCurrencyCode":"","_EventCurrencyPosition":"","_EventDateTimeSeparator":"","_EventTimeRangeSeparator":"","_EventOrganizerID":[],"_EventVenueID":[],"_OrganizerEmail":"","_OrganizerPhone":"","_OrganizerWebsite":"","_VenueAddress":"","_VenueCity":"","_VenueCountry":"","_VenueProvince":"","_VenueState":"","_VenueZip":"","_VenuePhone":"","_VenueURL":"","_VenueStateProvince":"","_VenueLat":"","_VenueLng":"","_VenueShowMap":false,"_VenueShowMapLink":false},"categories":[637,34],"tags":[384],"class_list":["post-38520","awf-news","type-awf-news","status-publish","has-post-thumbnail","hentry","category-fixed-content-es","category-news-es","tag-convocatoria-cuatrienal"],"_links":{"self":[{"href":"https:\/\/awf.world\/es\/wp-json\/wp\/v2\/awf-news\/38520","targetHints":{"allow":["GET"]}}],"collection":[{"href":"https:\/\/awf.world\/es\/wp-json\/wp\/v2\/awf-news"}],"about":[{"href":"https:\/\/awf.world\/es\/wp-json\/wp\/v2\/types\/awf-news"}],"author":[{"embeddable":true,"href":"https:\/\/awf.world\/es\/wp-json\/wp\/v2\/users\/24"}],"wp:featuredmedia":[{"embeddable":true,"href":"https:\/\/awf.world\/es\/wp-json\/wp\/v2\/media\/38519"}],"wp:attachment":[{"href":"https:\/\/awf.world\/es\/wp-json\/wp\/v2\/media?parent=38520"}],"wp:term":[{"taxonomy":"category","embeddable":true,"href":"https:\/\/awf.world\/es\/wp-json\/wp\/v2\/categories?post=38520"},{"taxonomy":"post_tag","embeddable":true,"href":"https:\/\/awf.world\/es\/wp-json\/wp\/v2\/tags?post=38520"}],"curies":[{"name":"wp","href":"https:\/\/api.w.org\/{rel}","templated":true}]}}