{"id":36005,"date":"2024-11-15T20:36:28","date_gmt":"2024-11-15T23:36:28","guid":{"rendered":"https:\/\/awf.world\/?post_type=awf-news&#038;p=36005"},"modified":"2024-11-29T14:51:35","modified_gmt":"2024-11-29T17:51:35","slug":"asamblea-y-symposio-latinoamericano-2024","status":"publish","type":"awf-news","link":"https:\/\/awf.world\/es\/awf-news\/asamblea-y-symposio-latinoamericano-2024\/","title":{"rendered":"La Alianza Latinoamericana se Re\u00fane en M\u00e9xico Para Recordar el Llamado Como \u201cTestigos de Cristo en Todo Lugar\u201d"},"content":{"rendered":"<p style=\"text-align: justify;\"><strong>En septiembre de 2024, la ciudad de Guadalajara, M\u00e9xico, se convirti\u00f3 en el escenario de la reuni\u00f3n de la Confraternidad Latinoamericana Aliancista (CLA &#8211; AWF) para 130 l\u00edderes y delegados.<\/strong><\/p>\n<p>Representantes de diez pa\u00edses latinoamericanos se reunieron en Guadalajara, M\u00e9xico, del 23 al 25 de septiembre de 2024 para la Asamblea y Simposio de CLA. Hubo oraciones compartidas, ense\u00f1anzas transformadoras y una unidad que trascendi\u00f3 las fronteras.<\/p>\n<p>La primera noche se desarroll\u00f3 con una rica mezcla de cultura mexicana y adoraci\u00f3n, comenzando con una cena inaugural y actuaciones tradicionales de mariachis que establecieron un tono alegre. El pastor Alex Fajardo, miembro de la junta directiva de CLA, dio una calurosa bienvenida a los asistentes, mientras que el presidente de CLA, el pastor David Muthre, y el presidente de la Confraternidad Mundial de la Alianza (AWF), el pastor Jurandir Yanagihara, ofrecieron palabras de aliento. Sus mensajes se centraron en el tema principal, \u201cTestigos de Cristo en Todo Lugar\u201d, estableciendo un tono de reverencia y prop\u00f3sito que se mantendr\u00eda a lo largo de cada sesi\u00f3n.<\/p>\n<p>Las sesiones plenarias iluminaron los principios del testimonio guiado por el Esp\u00edritu, bas\u00e1ndose en el Libro de los Hechos. El pastor Walter P\u00e9rez, miembro de la junta directiva de la Facultad Teol\u00f3gica Latinoamericana (FATELA), habl\u00f3 sobre \u201cTestimonio Audaz y en Integridad\u201d, desafiando a los participantes a vivir y servir con valent\u00eda. El pastor Miguel \u00c1ngel Palomino, director de FATELA, comparti\u00f3 \u201cDiversas Formas de Acertar el Prop\u00f3sito Siendo Testigos\u201d, haciendo hincapi\u00e9 en la creatividad y la resistencia en el ministerio, mientras que el pastor David Muthre dirigi\u00f3 una sesi\u00f3n titulada \u201cLa Visi\u00f3n de Hombres Piadosos\u201d, que inspir\u00f3 momentos de oraci\u00f3n en peque\u00f1os grupos que profundizaron el sentido de la misi\u00f3n compartida.<\/p>\n<p>\u201cHa sido significativo para m\u00ed encontrarme con la familia mexicana y latinoamericana de la Alianza\u201d, dijo el pastor Tranquilino Candia, presidente de la ACyM de Paraguay.<\/p>\n<p>La Asamblea y Simposio de CLA del martes por la tarde se centr\u00f3 en el progreso del ministerio de la regi\u00f3n, ya que los l\u00edderes compartieron actualizaciones sobre misiones, educaci\u00f3n y alcance comunitario. Cada informe pint\u00f3 un cuadro v\u00edvido de la obra de Dios en toda Am\u00e9rica Latina. Las Instituciones Teol\u00f3gicas de la Alianza en Am\u00e9rica Latina (ITAAL) fueron destacadas por los representantes de ITAAL, el pastor Juan Forttini y la hermana Hilda Gonz\u00e1lez, quienes describieron sus esfuerzos transfronterizos para equipar a pastores y l\u00edderes laicos. La hermana Isabel Freire de Muthre, coordinadora del Ministerio de Mujeres \u201cAMADA\u201d de CLA, comparti\u00f3 historias de iniciativas del ministerio, representando el esp\u00edritu de hermandad que define a \u201cAMADA\u201d. Estos momentos resonaron entre los asistentes, reafirmando el impacto transformador de cada ministerio.<\/p>\n<p>El pastor Daniel Fanderwud, presidente de la ACyM de Argentina, present\u00f3 un video que relata la historia de la ACyM de M\u00e9xico, trayendo un sentido de nostalgia y celebraci\u00f3n. Con el equipo de alabanza dirigiendo a los asistentes en el canto, la sala se llen\u00f3 del poder de la alabanza colectiva, una experiencia unificadora que trascendi\u00f3 el idioma y la nacionalidad. El pastor Fajardo explor\u00f3 el tema \u201cLa Comunicaci\u00f3n del Evangelio en un Mundo Secularizado\u201d, instando a los asistentes a abordar el ministerio con relevancia y autenticidad en la actualidad.<\/p>\n<p>El \u00faltimo d\u00eda comenz\u00f3 con un culto que reson\u00f3 en toda la sala de conferencias, cuando el pastor \u00c1ngel Barrientos, presidente de la ACyM de Per\u00fa, abri\u00f3 con el mensaje \u201cEl Liderazgo Pastoral Comunica desde Diferentes Facetas\u201d. Posteriormente, el pastor Iv\u00e1n Flores, presidente de la ACyM de Chile, reflexion\u00f3 sobre el \u201cCompromiso con la Verdad, la Justicia y la Proclamaci\u00f3n a Toda Criatura\u201d, animando a los l\u00edderes a mantenerse firmes en su vocaci\u00f3n. El mensaje de clausura del pastor Merari Rodr\u00edguez, presidente de la ACyM de Guatemala, \u201cLa Bendici\u00f3n Posterior al Naufragio\u201d, record\u00f3 a todos que, incluso en la adversidad, la gracia de Dios perdura y trae esperanza y renovaci\u00f3n.<\/p>\n<p>M\u00e1s all\u00e1 de las sesiones y presentaciones, hubo intercambios personales, comidas compartidas y oraciones que marcaron este encuentro. Los asistentes disfrutaron de los sabores de M\u00e9xico, incluidos los platos tradicionales servidos durante las comidas en comunidad que crearon oportunidades para el compa\u00f1erismo. En estos momentos, los lazos de amistad y unidad se hicieron m\u00e1s fuertes, subrayando el compromiso de los l\u00edderes de CLA de caminar juntos como una sola familia.<\/p>\n<p>Al finalizar el evento, los asistentes expresaron su gratitud a Dios, a los l\u00edderes de CLA y entre s\u00ed. La reuni\u00f3n en Guadalajara no fue s\u00f3lo un evento &#8211; fue una experiencia profunda que refresc\u00f3 y renov\u00f3 el compromiso de cada persona de ser \u201cTestigos de Cristo en Todo Lugar\u201d.<\/p>\n<p>\u201cPara nosotros ha sido una gran oportunidad de reunirnos con nuestra familia de la Alianza, hacer amistad con nuevas personas y conocer lo que Dios est\u00e1 haciendo en otras iglesias nacionales\u201d, a\u00f1adieron los pastores Jos\u00e9 Luis y Maribel Jald\u00edn, presidente de la ACyM de Bolivia.<\/p>\n<p>Al salir de Guadalajara, los asistentes se llevaron consigo los ecos de la adoraci\u00f3n compartida, una renovada dedicaci\u00f3n al servicio y la certeza de que sus historias, unidas en Cristo, seguir\u00e1n transformando comunidades en toda Am\u00e9rica Latina.<\/p>\n","protected":false},"author":24,"featured_media":35983,"template":"","meta":{"inline_featured_image":false,"ngg_post_thumbnail":0,"_EventAllDay":false,"_EventTimezone":"","_EventStartDate":"","_EventEndDate":"","_EventStartDateUTC":"","_EventEndDateUTC":"","_EventShowMap":false,"_EventShowMapLink":false,"_EventURL":"","_EventCost":"","_EventCostDescription":"","_EventCurrencySymbol":"","_EventCurrencyCode":"","_EventCurrencyPosition":"","_EventDateTimeSeparator":"","_EventTimeRangeSeparator":"","_EventOrganizerID":[],"_EventVenueID":[],"_OrganizerEmail":"","_OrganizerPhone":"","_OrganizerWebsite":"","_VenueAddress":"","_VenueCity":"","_VenueCountry":"","_VenueProvince":"","_VenueState":"","_VenueZip":"","_VenuePhone":"","_VenueURL":"","_VenueStateProvince":"","_VenueLat":"","_VenueLng":"","_VenueShowMap":false,"_VenueShowMapLink":false},"categories":[99,34],"tags":[231,209],"class_list":["post-36005","awf-news","type-awf-news","status-publish","has-post-thumbnail","hentry","category-latin-america-es","category-news-es","tag-cla-es","tag-america-latina"],"_links":{"self":[{"href":"https:\/\/awf.world\/es\/wp-json\/wp\/v2\/awf-news\/36005","targetHints":{"allow":["GET"]}}],"collection":[{"href":"https:\/\/awf.world\/es\/wp-json\/wp\/v2\/awf-news"}],"about":[{"href":"https:\/\/awf.world\/es\/wp-json\/wp\/v2\/types\/awf-news"}],"author":[{"embeddable":true,"href":"https:\/\/awf.world\/es\/wp-json\/wp\/v2\/users\/24"}],"wp:featuredmedia":[{"embeddable":true,"href":"https:\/\/awf.world\/es\/wp-json\/wp\/v2\/media\/35983"}],"wp:attachment":[{"href":"https:\/\/awf.world\/es\/wp-json\/wp\/v2\/media?parent=36005"}],"wp:term":[{"taxonomy":"category","embeddable":true,"href":"https:\/\/awf.world\/es\/wp-json\/wp\/v2\/categories?post=36005"},{"taxonomy":"post_tag","embeddable":true,"href":"https:\/\/awf.world\/es\/wp-json\/wp\/v2\/tags?post=36005"}],"curies":[{"name":"wp","href":"https:\/\/api.w.org\/{rel}","templated":true}]}}