{"id":36004,"date":"2024-11-10T20:16:14","date_gmt":"2024-11-10T23:16:14","guid":{"rendered":"https:\/\/awf.world\/?post_type=awf-news&#038;p=36004"},"modified":"2024-12-17T14:34:51","modified_gmt":"2024-12-17T17:34:51","slug":"congreso-latinoamericano-de-mujeres-amada-2024","status":"publish","type":"awf-news","link":"https:\/\/awf.world\/es\/awf-news\/congreso-latinoamericano-de-mujeres-amada-2024\/","title":{"rendered":"Mujeres que Irradian Fe y Resiliencia en \u201cAMADA M\u00e9xico 2024\u201d"},"content":{"rendered":"<p style=\"text-align: justify;\"><strong>Guadalajara atesor\u00f3 vida con fe y compa\u00f1erismo cuando 241 mujeres de toda Am\u00e9rica Latina se reunieron para \u201cAMADA M\u00e9xico 2024\u201d.<\/strong><\/p>\n<p>El Congreso Latinoamericano de Mujeres AMADA, del 25 al 27 de septiembre de 2024, en Guadalajara, M\u00e9xico, reuni\u00f3 a mujeres deseosas de crecer espiritualmente, conectarse unas con otras y abrazar sus roles como luces en sus comunidades.<\/p>\n<p>Bajo el lema \u201cMujeres que Resplandecen\u201d, el evento celebr\u00f3 la unidad y la resiliencia. Desde los momentos de apertura -con un grupo de mariachis que simbolizaba la riqueza cultural de M\u00e9xico- hasta la sesi\u00f3n plenaria de clausura sobre c\u00f3mo abrazar la feminidad que Dios nos ha dado, todos los aspectos de la conferencia orientaron a las participantes hacia una fe m\u00e1s profunda y una vida fortalecida.<\/p>\n<p>La jornada inaugural marc\u00f3 la pauta con una reuni\u00f3n de l\u00edderes y esposas de presidentes de iglesias nacionales, encabezada por Isabel Freire de Muthre, coordinadora general del Ministerio de Mujeres de la Confraternidad Latinoamericana Aliancista (CLA &#8211; AWF). Esta reuni\u00f3n \u00edntima foment\u00f3 la unidad y la colaboraci\u00f3n, anclada por un devocional inspirador de la hermana Lirio de Sovero, de Per\u00fa. El servicio inaugural de la noche reuni\u00f3 a todas, con adoraci\u00f3n, celebraciones culturales y palabras de \u00e1nimo de l\u00edderes regionales y mundiales. El pastor David Muthre, presidente de CLA, comparti\u00f3 el tema del congreso, instando a las mujeres a dejar que su luz brille intensamente en sus familias, iglesias y comunidades.<\/p>\n<p>Los dos d\u00edas siguientes se desarrollaron como un rico tapiz de aprendizaje y conexi\u00f3n. En las sesiones plenarias se exploraron temas como el mantenimiento de la integridad en un mundo turbulento, el fomento de matrimonios piadosos y la b\u00fasqueda de la fortaleza a trav\u00e9s del dolor. Los foros pr\u00e1cticos fomentaron el di\u00e1logo abierto sobre el bienestar emocional y la toma de decisiones, mientras que los momentos culturales, como la sesi\u00f3n \u201cManos Creativas\u201d, permitieron a las mujeres estrechar lazos a trav\u00e9s de la artesan\u00eda de sus respectivos pa\u00edses.<\/p>\n<p>Uno de los elementos m\u00e1s conmovedores de la conferencia fueron los testimonios compartidos por las participantes. Las mujeres contaron c\u00f3mo se sintieron desafiadas, reconfortadas e inspiradas por el culto y la ense\u00f1anza.<\/p>\n<p>Para muchas, como la mexicana Gabriela Mu\u00f1oz de Padilla, la conferencia les cambi\u00f3 la vida. \u201cDios habl\u00f3 a mi coraz\u00f3n en cada sesi\u00f3n\u201d, dijo. \u201cYa fuera sobre mi relaci\u00f3n con \u00e9l, mi matrimonio o mis luchas, sent\u00ed su gu\u00eda y presencia\u201d. La experiencia de Gabriela se hizo eco del sentimiento de muchas de las asistentes: no se trataba solo de un evento, sino de un encuentro profundamente transformador con Dios.<\/p>\n<p>La conferencia termin\u00f3 con una noche de celebraci\u00f3n, con presentaciones culturales y un sincero agradecimiento al Equipo Coordinador de AMADA, a las expositoras y a los organizadores locales. Cuando las mujeres regresaron a sus hogares, llevaban consigo un renovado sentido de prop\u00f3sito y el compromiso de hacer brillar su luz en todos los \u00e1mbitos de la vida.<\/p>\n<p>\u201cAMADA M\u00e9xico 2024\u201d reflej\u00f3 la fuerza y la fe de las mujeres de la Alianza Latinoamericana y record\u00f3 el poder de Dios para unir y transformar a su pueblo. Esta reuni\u00f3n dejar\u00e1 un impacto duradero, irradiando mucho m\u00e1s all\u00e1 de Guadalajara en las iglesias y comunidades de todo el continente.<\/p>\n","protected":false},"author":24,"featured_media":35976,"template":"","meta":{"inline_featured_image":false,"ngg_post_thumbnail":0,"_EventAllDay":false,"_EventTimezone":"","_EventStartDate":"","_EventEndDate":"","_EventStartDateUTC":"","_EventEndDateUTC":"","_EventShowMap":false,"_EventShowMapLink":false,"_EventURL":"","_EventCost":"","_EventCostDescription":"","_EventCurrencySymbol":"","_EventCurrencyCode":"","_EventCurrencyPosition":"","_EventDateTimeSeparator":"","_EventTimeRangeSeparator":"","_EventOrganizerID":[],"_EventVenueID":[],"_OrganizerEmail":"","_OrganizerPhone":"","_OrganizerWebsite":"","_VenueAddress":"","_VenueCity":"","_VenueCountry":"","_VenueProvince":"","_VenueState":"","_VenueZip":"","_VenuePhone":"","_VenueURL":"","_VenueStateProvince":"","_VenueLat":"","_VenueLng":"","_VenueShowMap":false,"_VenueShowMapLink":false},"categories":[99,930,34],"tags":[231,209,267],"class_list":["post-36004","awf-news","type-awf-news","status-publish","has-post-thumbnail","hentry","category-latin-america-es","category-ministerio-de-mujeres","category-news-es","tag-cla-es","tag-america-latina","tag-ministerio-de-mujeres"],"_links":{"self":[{"href":"https:\/\/awf.world\/es\/wp-json\/wp\/v2\/awf-news\/36004","targetHints":{"allow":["GET"]}}],"collection":[{"href":"https:\/\/awf.world\/es\/wp-json\/wp\/v2\/awf-news"}],"about":[{"href":"https:\/\/awf.world\/es\/wp-json\/wp\/v2\/types\/awf-news"}],"author":[{"embeddable":true,"href":"https:\/\/awf.world\/es\/wp-json\/wp\/v2\/users\/24"}],"wp:featuredmedia":[{"embeddable":true,"href":"https:\/\/awf.world\/es\/wp-json\/wp\/v2\/media\/35976"}],"wp:attachment":[{"href":"https:\/\/awf.world\/es\/wp-json\/wp\/v2\/media?parent=36004"}],"wp:term":[{"taxonomy":"category","embeddable":true,"href":"https:\/\/awf.world\/es\/wp-json\/wp\/v2\/categories?post=36004"},{"taxonomy":"post_tag","embeddable":true,"href":"https:\/\/awf.world\/es\/wp-json\/wp\/v2\/tags?post=36004"}],"curies":[{"name":"wp","href":"https:\/\/api.w.org\/{rel}","templated":true}]}}