{"id":33509,"date":"2024-07-01T14:50:55","date_gmt":"2024-07-01T17:50:55","guid":{"rendered":"https:\/\/awf.world\/?post_type=awf-news&#038;p=33509"},"modified":"2024-07-02T14:29:44","modified_gmt":"2024-07-02T17:29:44","slug":"nuevo-presidente-de-la-alianza-de-mexico","status":"publish","type":"awf-news","link":"https:\/\/awf.world\/es\/awf-news\/nuevo-presidente-de-la-alianza-de-mexico\/","title":{"rendered":"Conoce a Juan Carlos Perales Sifuentes, el Nuevo Presidente de la Alianza de M\u00e9xico"},"content":{"rendered":"<p style=\"text-align: justify;\"><strong>Los planes del nuevo presidente para la Iglesia ACyM de M\u00e9xico incluyen fomentar la unidad pastoral a trav\u00e9s de la colaboraci\u00f3n entre distritos, desarrollar un programa uniforme de educaci\u00f3n cristiana, preparar nuevos ministros y reforzar los esfuerzos misioneros.<\/strong><\/p>\n<p>Uno de los hechos m\u00e1s destacados bajo la direcci\u00f3n del Rev. Juan Carlos Perales es el env\u00edo de los primeros misioneros, la familia Hurtado Villase\u00f1or, al norte de Alemania para trabajar con la comunidad turca.<\/p>\n<p>El Rev. Perales fue elegido nuevo presidente de la Iglesia de la Alianza Cristiana y Misionera (ACyM) de M\u00e9xico en junio de 2024 por un periodo de tres a\u00f1os con posibilidad de reelecci\u00f3n por tres a\u00f1os m\u00e1s. Su objetivo es fortalecer la unidad pastoral, crear una educaci\u00f3n cristiana estandarizada en todas las congregaciones y apoyar el trabajo misionero.<\/p>\n<p>La Iglesia ACyM de M\u00e9xico fue fundada hace 40 a\u00f1os por los misioneros estadounidenses Ram\u00f3n y Kate Esparza. Comenz\u00f3 en Matamoros, Tamaulipas, y posteriormente se expandi\u00f3 a Monterrey. Actualmente la iglesia cuenta con aproximadamente 100 congregaciones en todo el pa\u00eds.<\/p>\n<p>Nacido el 28 de diciembre de 1970 en Reynosa, Tamaulipas, el Rev. Perales procede de una familia cat\u00f3lica numerosa de 12 hermanos. Es el d\u00e9cimo hijo de \u00d3scar Perales y Esperanza Sifuentes. En 1992 se cas\u00f3 con Liliana Castro, y tienen dos hijos, Carlos Israel y Keila.<\/p>\n<p>El viaje espiritual del Rev. Perales comenz\u00f3 el 15 de abril de 1987, cuando a la edad de 16 a\u00f1os acept\u00f3 a Jesucristo como su Se\u00f1or y Salvador. Fue influenciado por su hermano Oscar, quien tambi\u00e9n es pastor. Juan Carlos dej\u00f3 la escuela secundaria para estudiar en el Instituto B\u00edblico A. B. Simpson, gradu\u00e1ndose en 1991. Comenz\u00f3 su ministerio como pastor asistente en Reynosa antes de trasladarse a Monterrey, donde ha servido durante 31 a\u00f1os.<\/p>\n<p>El Rev. Perales pide oraciones por la unidad de la iglesia nacional, el establecimiento de un programa educativo para la formaci\u00f3n pastoral, la protecci\u00f3n y la seguridad de las iglesias del sur de M\u00e9xico, y orientaci\u00f3n para el nuevo equipo de liderazgo.<\/p>\n","protected":false},"author":24,"featured_media":33506,"template":"","meta":{"inline_featured_image":false,"ngg_post_thumbnail":0,"_EventAllDay":false,"_EventTimezone":"","_EventStartDate":"","_EventEndDate":"","_EventStartDateUTC":"","_EventEndDateUTC":"","_EventShowMap":false,"_EventShowMapLink":false,"_EventURL":"","_EventCost":"","_EventCostDescription":"","_EventCurrencySymbol":"","_EventCurrencyCode":"","_EventCurrencyPosition":"","_EventDateTimeSeparator":"","_EventTimeRangeSeparator":"","_EventOrganizerID":[],"_EventVenueID":[],"_OrganizerEmail":"","_OrganizerPhone":"","_OrganizerWebsite":"","_VenueAddress":"","_VenueCity":"","_VenueCountry":"","_VenueProvince":"","_VenueState":"","_VenueZip":"","_VenuePhone":"","_VenueURL":"","_VenueStateProvince":"","_VenueLat":"","_VenueLng":"","_VenueShowMap":false,"_VenueShowMapLink":false},"categories":[99,34],"tags":[209,713],"class_list":["post-33509","awf-news","type-awf-news","status-publish","has-post-thumbnail","hentry","category-latin-america-es","category-news-es","tag-america-latina","tag-mexico-es"],"_links":{"self":[{"href":"https:\/\/awf.world\/es\/wp-json\/wp\/v2\/awf-news\/33509","targetHints":{"allow":["GET"]}}],"collection":[{"href":"https:\/\/awf.world\/es\/wp-json\/wp\/v2\/awf-news"}],"about":[{"href":"https:\/\/awf.world\/es\/wp-json\/wp\/v2\/types\/awf-news"}],"author":[{"embeddable":true,"href":"https:\/\/awf.world\/es\/wp-json\/wp\/v2\/users\/24"}],"wp:featuredmedia":[{"embeddable":true,"href":"https:\/\/awf.world\/es\/wp-json\/wp\/v2\/media\/33506"}],"wp:attachment":[{"href":"https:\/\/awf.world\/es\/wp-json\/wp\/v2\/media?parent=33509"}],"wp:term":[{"taxonomy":"category","embeddable":true,"href":"https:\/\/awf.world\/es\/wp-json\/wp\/v2\/categories?post=33509"},{"taxonomy":"post_tag","embeddable":true,"href":"https:\/\/awf.world\/es\/wp-json\/wp\/v2\/tags?post=33509"}],"curies":[{"name":"wp","href":"https:\/\/api.w.org\/{rel}","templated":true}]}}