{"id":33385,"date":"2024-05-07T19:50:17","date_gmt":"2024-05-07T22:50:17","guid":{"rendered":"https:\/\/awf.world\/?post_type=awf-news&#038;p=33385"},"modified":"2024-05-10T11:30:13","modified_gmt":"2024-05-10T14:30:13","slug":"in-memoriam-rev-albert-bilongo","status":"publish","type":"awf-news","link":"https:\/\/awf.world\/es\/awf-news\/in-memoriam-rev-albert-bilongo\/","title":{"rendered":"In Memoriam: Rev. Albert Bilongo, Estimado L\u00edder de la Fe"},"content":{"rendered":"<p style=\"text-align: justify;\"><strong>La trayectoria del Rev. Albert Bilongo estuvo marcada por un decidido compromiso con su vocaci\u00f3n divina. Hered\u00f3 un legado de fe y servicio, dedicando su vida al ministerio.<\/strong><\/p>\n<p>Nacido el 1 de enero de 1958 en Kimbedi (Mindouli), Congo, el Rev. Albert Bilongo era hijo de padres devotos profundamente arraigados en la fe cristiana. Su educaci\u00f3n sent\u00f3 las bases de su dedicaci\u00f3n de por vida al servicio de Dios y de su comunidad.<\/p>\n<p>Tras completar su educaci\u00f3n primaria, secundaria y universitaria, el Rev. Bilongo sinti\u00f3 la fuerte convicci\u00f3n de dedicarse al ministerio a tiempo completo. Inspirado por el ejemplo de sus predecesores, en 2000 se matricul\u00f3 en la Facultad Evang\u00e9lica de Teolog\u00eda de la Alianza Cristiana (FATEAC) de Abiy\u00e1n, Costa de Marfil, donde profundiz\u00f3 sus conocimientos teol\u00f3gicos y se prepar\u00f3 para los desaf\u00edos del liderazgo pastoral.<\/p>\n<p>Al terminar sus estudios, el Rev. Bilongo se embarc\u00f3 en un notable viaje de servicio. Trabaj\u00f3 como profesor en el Instituto T\u00e9cnico Comercial 1\u00ba de Mayo de Brazzaville, impartiendo conocimientos y valores a los j\u00f3venes de su naci\u00f3n. Su dedicaci\u00f3n a la educaci\u00f3n fue un testimonio de su fe en el poder transformador del conocimiento y la educaci\u00f3n.<\/p>\n<p>En 1993, el Rev. Bilongo respondi\u00f3 a la llamada al ministerio pastoral y fue ordenado anciano en la <a href=\"https:\/\/awf.world\/es\/country-description\/republica-del-congo\/\" target=\"_blank\" rel=\"noopener\">Iglesia Alianza Cristiana y Misionera del Congo (EACMC)<\/a>. A lo largo de su carrera pastoral, sirvi\u00f3 con humildad y compasi\u00f3n, tocando las vidas de innumerables personas con su mensaje de esperanza y redenci\u00f3n.<\/p>\n<p>Adem\u00e1s de sus funciones pastorales, el Rev. Bilongo desempe\u00f1\u00f3 un papel fundamental en el liderazgo de la EACMC, ocupando diversos cargos a lo largo de los a\u00f1os. De presidente regional a presidente de la iglesia nacional, elegido en 2016, demostr\u00f3 un liderazgo ejemplar y un profundo compromiso con el avance del Reino de Dios.<\/p>\n<p>Bajo su direcci\u00f3n, la EACMC experiment\u00f3 un crecimiento y una expansi\u00f3n significativos, con la plantaci\u00f3n de nuevas iglesias y el establecimiento de ministerios en comunidades de todo el pa\u00eds. La familia de la Alianza cuenta con m\u00e1s de 3.600 miembros que celebran sus reuniones en 62 iglesias de todo el Congo. La visi\u00f3n del Rev. Bilongo de una iglesia vibrante y pr\u00f3spera inspir\u00f3 a otros a unirse a \u00e9l en la misi\u00f3n de extender el evangelio a todos los rincones del pa\u00eds.<\/p>\n<p>El Rev. Bilongo era un hombre que apreciaba mucho el humor. Para demostrar su moral cada vez m\u00e1s alta, dec\u00eda: \u201cEs un muchacho\u201d, como dicen los marfile\u00f1os, para hablar de un hombre fuerte dispuesto a invertir la tendencia. Trabajador duro, riguroso e incluso incansable, a pesar de su salud manifiestamente precaria, no dejaba de recordar como con humor: \u201cNo os encari\u00f1\u00e9is demasiado con las cosas terrenales\u201d. Y otra vez: \u201cLa muerte es ganancia para m\u00ed\u201d.<\/p>\n<p>La salud del Rev. Bilongo empez\u00f3 a declinar en los \u00faltimos meses de su vida, culminando en su fallecimiento el domingo de Pascua, 31 de marzo de 2024. Deja un legado de fe, servicio y sacrificio que seguir\u00e1 inspirando a las generaciones venideras.<\/p>\n<p>La noticia del fallecimiento del Rev. Albert Bilongo ha trascendido a toda la comunidad cristiana del Congo y m\u00e1s all\u00e1, mientras amigos, colegas y feligreses lloran la p\u00e9rdida de un querido l\u00edder y amigo. Su memoria ser\u00e1 apreciada y su legado honrado mientras la iglesia prosigue la labor a la que dedic\u00f3 su vida.<\/p>\n<p>El Rev. Albert Bilongo fue enterrado en Brazzaville, Congo, el 3 de abril de 2024, rodeado de familiares, amigos y miembros de la EACMC. Aunque ya no camine entre nosotros, su esp\u00edritu seguir\u00e1 vivo en los corazones de todos los que fueron tocados por su vida y su ministerio.<\/p>\n<p>Oremos por su esposa Claire, que ha sufrido recientemente un infarto, por sus cuatro hijos (dos ni\u00f1os y dos ni\u00f1as) y por la familia de la Alianza en el Congo.<\/p>\n","protected":false},"author":24,"featured_media":33383,"template":"","meta":{"inline_featured_image":false,"ngg_post_thumbnail":0,"_EventAllDay":false,"_EventTimezone":"","_EventStartDate":"","_EventEndDate":"","_EventStartDateUTC":"","_EventEndDateUTC":"","_EventShowMap":false,"_EventShowMapLink":false,"_EventURL":"","_EventCost":"","_EventCostDescription":"","_EventCurrencySymbol":"","_EventCurrencyCode":"","_EventCurrencyPosition":"","_EventDateTimeSeparator":"","_EventTimeRangeSeparator":"","_EventOrganizerID":[],"_EventVenueID":[],"_OrganizerEmail":"","_OrganizerPhone":"","_OrganizerWebsite":"","_VenueAddress":"","_VenueCity":"","_VenueCountry":"","_VenueProvince":"","_VenueState":"","_VenueZip":"","_VenuePhone":"","_VenueURL":"","_VenueStateProvince":"","_VenueLat":"","_VenueLng":"","_VenueShowMap":false,"_VenueShowMapLink":false},"categories":[285,34],"tags":[279],"class_list":["post-33385","awf-news","type-awf-news","status-publish","has-post-thumbnail","hentry","category-africa-es","category-news-es","tag-africa-es"],"_links":{"self":[{"href":"https:\/\/awf.world\/es\/wp-json\/wp\/v2\/awf-news\/33385","targetHints":{"allow":["GET"]}}],"collection":[{"href":"https:\/\/awf.world\/es\/wp-json\/wp\/v2\/awf-news"}],"about":[{"href":"https:\/\/awf.world\/es\/wp-json\/wp\/v2\/types\/awf-news"}],"author":[{"embeddable":true,"href":"https:\/\/awf.world\/es\/wp-json\/wp\/v2\/users\/24"}],"wp:featuredmedia":[{"embeddable":true,"href":"https:\/\/awf.world\/es\/wp-json\/wp\/v2\/media\/33383"}],"wp:attachment":[{"href":"https:\/\/awf.world\/es\/wp-json\/wp\/v2\/media?parent=33385"}],"wp:term":[{"taxonomy":"category","embeddable":true,"href":"https:\/\/awf.world\/es\/wp-json\/wp\/v2\/categories?post=33385"},{"taxonomy":"post_tag","embeddable":true,"href":"https:\/\/awf.world\/es\/wp-json\/wp\/v2\/tags?post=33385"}],"curies":[{"name":"wp","href":"https:\/\/api.w.org\/{rel}","templated":true}]}}