{"id":33230,"date":"2024-03-25T14:42:33","date_gmt":"2024-03-25T17:42:33","guid":{"rendered":"https:\/\/awf.world\/?post_type=awf-news&#038;p=33230"},"modified":"2024-03-25T19:58:54","modified_gmt":"2024-03-25T22:58:54","slug":"iglesia-alianza-de-jerusalen","status":"publish","type":"awf-news","link":"https:\/\/awf.world\/es\/awf-news\/iglesia-alianza-de-jerusalen\/","title":{"rendered":"Unidad en Medio de la Lucha: El Esp\u00edritu Inquebrantable de la Iglesia Alianza de Jerusal\u00e9n"},"content":{"rendered":"<p style=\"text-align: justify;\"><strong>La Iglesia Alianza de la Ciudad Vieja de Jerusal\u00e9n comenz\u00f3 su andadura en 1890, cuando emprendi\u00f3 su misi\u00f3n durante la agitaci\u00f3n pol\u00edtica de la regi\u00f3n. Hoy, enclavada entre piedras antiguas, se erige como un faro de esperanza, representando con orgullo la \u00fanica presencia evang\u00e9lica \u00e1rabe en la Ciudad Vieja. Aunque su camino ha estado plagado de desaf\u00edos, su esp\u00edritu inquebrantable brilla con fuerza.<\/strong><\/p>\n<p>A lo largo de la historia, Jerusal\u00e9n se ha enfrentado a pruebas y tribulaciones. En 1948, la ciudad qued\u00f3 desgarrada, dividida entre Este y Oeste en medio de la ocupaci\u00f3n y la divisi\u00f3n. La iglesia, anta\u00f1o enclavada en Jerusal\u00e9n Oeste, se vio desplazada. Sin embargo, sin dejarse intimidar por la adversidad, opt\u00f3 por trasladarse a la hist\u00f3rica Ciudad Vieja, decidida a mantener encendida su llama.<\/p>\n<p>Hoy, esta iglesia es una esperanza entre las piedras antiguas, la \u00fanica iglesia evang\u00e9lica \u00e1rabe de la Ciudad Vieja. Su camino no ha sido f\u00e1cil, pero su esp\u00edritu permanece inquebrantable.<\/p>\n<p>La gratitud llena los corazones de los miembros cuando reciben mensajes de amor y apoyo de cerca y de lejos. En un pa\u00eds asolado por el odio y el extremismo, reconocen que la batalla no s\u00f3lo se libra en el terreno f\u00edsico, sino tambi\u00e9n en el espiritual.<\/p>\n<p>La iglesia condena la violencia y se mantiene firme contra las fuerzas de la divisi\u00f3n. Para ellos, no se trata de una lucha pol\u00edtica, sino espiritual. Ven m\u00e1s all\u00e1 de la superficie, reconocen el sufrimiento de ambas partes y piden la paz con fervientes s\u00faplicas.<\/p>\n<p>Su misi\u00f3n es romper las cadenas del odio y la opresi\u00f3n, ser agentes de paz y amor en una tierra desgarrada por la guerra. Esa misi\u00f3n est\u00e1 latente en los corazones y las acciones de la gente, y nos piden que nos unamos a ellos en oraci\u00f3n, intercediendo por la paz, el consuelo para los afligidos y la paz de los que sufren.<\/p>\n<p>La visi\u00f3n del pueblo es construir una iglesia donde todos sean bienvenidos, donde reine el amor y donde el evangelio transforme vidas. La Iglesia de la Ciudad Vieja de Jerusal\u00e9n quiere ser una familia espiritual que fomente el crecimiento y el servicio entre sus miembros.<\/p>\n<p>Con su profundo prop\u00f3sito de conectar, crecer y servir a cada persona en su familia eclesial, aspiran a una profunda conexi\u00f3n con Dios y con los dem\u00e1s, al crecimiento a trav\u00e9s de la comunidad y al servicio a trav\u00e9s de su ministerio.<\/p>\n<p>En un esp\u00edritu de compasi\u00f3n y solidaridad, la iglesia extiende su radio de acci\u00f3n m\u00e1s all\u00e1 de las antiguas murallas de Jerusal\u00e9n, llegando a los necesitados de toda Cisjordania. Entre ellos hay personas desplazadas de la Franja de Gaza, que no pueden regresar a sus hogares devastados. A pesar de las dificultades de servir en tales circunstancias, la iglesia se dedica a ayudar a estos desplazados, proporcionando apoyo y ayuda donde m\u00e1s se necesita. Sin embargo, navegar por el panorama pol\u00edtico hace que la transferencia de fondos sea una tarea desalentadora, pero la iglesia persiste, inquebrantable en su compromiso de ayudar a los afectados por la agitaci\u00f3n de la regi\u00f3n.<\/p>\n<p>En el coraz\u00f3n de Jerusal\u00e9n, durante la lucha y la agitaci\u00f3n, esta iglesia es un testimonio del poder de la fe, la esperanza y el amor. Y mientras contin\u00faan su viaje, invitan a todos a unirse a ellos en la construcci\u00f3n de un futuro m\u00e1s brillante y pac\u00edfico para todos.<\/p>\n","protected":false},"author":24,"featured_media":33225,"template":"","meta":{"inline_featured_image":false,"ngg_post_thumbnail":0,"_EventAllDay":false,"_EventTimezone":"","_EventStartDate":"","_EventEndDate":"","_EventStartDateUTC":"","_EventEndDateUTC":"","_EventShowMap":false,"_EventShowMapLink":false,"_EventURL":"","_EventCost":"","_EventCostDescription":"","_EventCurrencySymbol":"","_EventCurrencyCode":"","_EventCurrencyPosition":"","_EventDateTimeSeparator":"","_EventTimeRangeSeparator":"","_EventOrganizerID":[],"_EventVenueID":[],"_OrganizerEmail":"","_OrganizerPhone":"","_OrganizerWebsite":"","_VenueAddress":"","_VenueCity":"","_VenueCountry":"","_VenueProvince":"","_VenueState":"","_VenueZip":"","_VenuePhone":"","_VenueURL":"","_VenueStateProvince":"","_VenueLat":"","_VenueLng":"","_VenueShowMap":false,"_VenueShowMapLink":false},"categories":[100,34],"tags":[689],"class_list":["post-33230","awf-news","type-awf-news","status-publish","has-post-thumbnail","hentry","category-emerald-es","category-news-es","tag-europa-y-medio-oriente"],"_links":{"self":[{"href":"https:\/\/awf.world\/es\/wp-json\/wp\/v2\/awf-news\/33230","targetHints":{"allow":["GET"]}}],"collection":[{"href":"https:\/\/awf.world\/es\/wp-json\/wp\/v2\/awf-news"}],"about":[{"href":"https:\/\/awf.world\/es\/wp-json\/wp\/v2\/types\/awf-news"}],"author":[{"embeddable":true,"href":"https:\/\/awf.world\/es\/wp-json\/wp\/v2\/users\/24"}],"wp:featuredmedia":[{"embeddable":true,"href":"https:\/\/awf.world\/es\/wp-json\/wp\/v2\/media\/33225"}],"wp:attachment":[{"href":"https:\/\/awf.world\/es\/wp-json\/wp\/v2\/media?parent=33230"}],"wp:term":[{"taxonomy":"category","embeddable":true,"href":"https:\/\/awf.world\/es\/wp-json\/wp\/v2\/categories?post=33230"},{"taxonomy":"post_tag","embeddable":true,"href":"https:\/\/awf.world\/es\/wp-json\/wp\/v2\/tags?post=33230"}],"curies":[{"name":"wp","href":"https:\/\/api.w.org\/{rel}","templated":true}]}}