{"id":33151,"date":"2024-02-26T15:01:45","date_gmt":"2024-02-26T18:01:45","guid":{"rendered":"https:\/\/awf.world\/?post_type=awf-news&#038;p=33151"},"modified":"2024-02-27T13:58:02","modified_gmt":"2024-02-27T16:58:02","slug":"impulsar-la-mision-y-la-colaboracion-en-africa","status":"publish","type":"awf-news","link":"https:\/\/awf.world\/es\/awf-news\/impulsar-la-mision-y-la-colaboracion-en-africa\/","title":{"rendered":"Unidad en Acci\u00f3n: Impulsar la Misi\u00f3n y la Colaboraci\u00f3n en \u00c1frica"},"content":{"rendered":"<p style=\"text-align: justify;\"><strong>La Conferencia Regional Africana de AWF se centr\u00f3 en temas como Socorro y Desarrollo, las Misiones, los Ministerios de Mujeres y las actualizaciones organizativas, haciendo hincapi\u00e9 en la restauraci\u00f3n de las relaciones rotas con Dios, con los dem\u00e1s y con la creaci\u00f3n, as\u00ed como en el fomento de la unidad y la colaboraci\u00f3n dentro de la familia de la Alianza en toda \u00c1frica.<\/strong><\/p>\n<p>La Conferencia Regional Africana de AWF se celebr\u00f3 en Monrovia, Liberia, del 8 al 13 de noviembre de 2023, y reuni\u00f3 a 80 representantes de diez pa\u00edses de la regi\u00f3n. En ella se abordaron diversos temas, como Socorro y Desarrollo, las Misiones, los Ministerios de Mujeres y las actualizaciones organizativas. Los di\u00e1logos sobre el desarrollo abarcaron diversas perspectivas, haciendo hincapi\u00e9 en la restauraci\u00f3n de las relaciones rotas con Dios, los unos con los otros y la creaci\u00f3n, haciendo hincapi\u00e9 en la centralidad de Dios. Los tres sermones del Rev. Serge Armand Yao aportaron profundas ideas sobre la fe y la misi\u00f3n. Se anim\u00f3 a los asistentes a profundizar en su fe, a examinar cr\u00edticamente sus pr\u00e1cticas misioneras y a dar prioridad a la unidad y el amor dentro de la comunidad eclesi\u00e1stica. Adem\u00e1s, las actualizaciones de diferentes pa\u00edses pusieron de relieve las estad\u00edsticas, la labor misionera y los proyectos en curso, mostrando las diversas iniciativas dentro de la familia de la Alianza. La conferencia tambi\u00e9n hizo hincapi\u00e9 en la importancia de la unidad y la colaboraci\u00f3n entre ministerios, con planes para futuros congresos y actividades dirigidas a los ministerios de j\u00f3venes, mujeres y hombres. A trav\u00e9s de estos di\u00e1logos y presentaciones, se anim\u00f3 a los asistentes a reflexionar sobre su papel en el avance de la misi\u00f3n de la iglesia y en el fomento de la unidad dentro de la familia de la Alianza en toda \u00c1frica.<\/p>\n<p>Con el tema general de la AWF \u201cIr M\u00e1s Profundo en Cristo, Ir M\u00e1s All\u00e1 en la Misi\u00f3n, Ir Juntos como Familia\u201d, los representantes de la regi\u00f3n africana miraron hacia atr\u00e1s, a sus ra\u00edces de creencia, y hacia adelante, a sus horizontes de posibilidades. Yao invit\u00f3 a los asistentes a esforzarse y reflexionar. \u201cUna de las aspiraciones m\u00e1s profundas de la familia de la Alianza\u201d, empez\u00f3 diciendo, \u201ces conocer a Cristo \u00edntimamente, caminar cada vez m\u00e1s con \u00e9l. Pero esta aspiraci\u00f3n debe renovarse continuamente, arraigada en la fuente de todas las cosas: Jesucristo mismo\u201d.<\/p>\n<p>Los asistentes dedicaron tiempo a redescubrir su identidad conjunta y a revisar al espectro del nominalismo que persegu\u00eda a las iglesias centenarias. Al saber qui\u00e9nes son en Cristo, pudieron trazar el rumbo de lo que llegar\u00edan a ser. Al explorar y aventurarse m\u00e1s all\u00e1 de las orillas familiares de la tradici\u00f3n hacia las aguas inexploradas de la misi\u00f3n, Yao habl\u00f3 de gratitud por los misioneros occidentales que hab\u00edan sembrado semillas de fe en suelo africano, a menudo con un gran coste personal. Su legado era a la vez una bendici\u00f3n y un desaf\u00edo, un recordatorio de que la misi\u00f3n distaba mucho de haber terminado. Yao rindi\u00f3 homenaje no s\u00f3lo al pasado, sino tambi\u00e9n a padres como el Rev. C\u00e9lestin Koffi, coordinador regional de \u00c1frica de AWF, que invierten en las nuevas generaciones.<\/p>\n<p>La voz de Yao se suaviz\u00f3 al hablar. \u201cNo nos definen las acciones de unos pocos, sino el amor que nos une como familia\u201d, dijo. En los momentos de silencio que siguieron, los corazones y las mentes de la gente se abrieron. Fue un recordatorio de la historia y una reinvenci\u00f3n del futuro, un viaje de sanidad y esperanza.<\/p>\n<p>El Rev. Jura Yanagihara, presidente de la Confraternidad Mundial de la Alianza (AWF), desempe\u00f1\u00f3 un papel importante en la reuni\u00f3n regional. Comparti\u00f3 valiosas ideas sobre la pertenencia a la familia mundial de la Alianza, destacando c\u00f3mo las asociaciones crean oportunidades de desarrollo y resiliencia al tiempo que difunden el evangelio en \u00c1frica.<\/p>\n<p>El recuerdo de la historia, combinado con las aspiraciones del presente, cre\u00f3 una atm\u00f3sfera de prop\u00f3sito para los asistentes a la conferencia. Y honraron el pasado, no s\u00f3lo los triunfos sino tambi\u00e9n las cicatrices, reconociendo las complejidades de su viaje compartido.<\/p>\n<p>Al t\u00e9rmino de la conferencia, hubo un sentimiento que trascendi\u00f3 la lengua y la cultura, de recordar que no eran solo delegados o asistentes, sino miembros de una gran familia, herederos de un legado de fe y fraternidad.<\/p>\n<p>En medio de coloridas celebraciones y disfraces, alegres canciones en sus diversas lenguas maternas, nuestros hermanos y hermanas reafirmaron su prop\u00f3sito y regresaron dispuestos a llevar adelante la antorcha de la misi\u00f3n. No son s\u00f3lo los hijos de la historia; son los arquitectos del ma\u00f1ana, unidos por una fe com\u00fan y una visi\u00f3n compartida de la esperanza.<\/p>\n","protected":false},"author":24,"featured_media":33150,"template":"","meta":{"inline_featured_image":false,"ngg_post_thumbnail":0,"_EventAllDay":false,"_EventTimezone":"","_EventStartDate":"","_EventEndDate":"","_EventStartDateUTC":"","_EventEndDateUTC":"","_EventShowMap":false,"_EventShowMapLink":false,"_EventURL":"","_EventCost":"","_EventCostDescription":"","_EventCurrencySymbol":"","_EventCurrencyCode":"","_EventCurrencyPosition":"","_EventDateTimeSeparator":"","_EventTimeRangeSeparator":"","_EventOrganizerID":[],"_EventVenueID":[],"_OrganizerEmail":"","_OrganizerPhone":"","_OrganizerWebsite":"","_VenueAddress":"","_VenueCity":"","_VenueCountry":"","_VenueProvince":"","_VenueState":"","_VenueZip":"","_VenuePhone":"","_VenueURL":"","_VenueStateProvince":"","_VenueLat":"","_VenueLng":"","_VenueShowMap":false,"_VenueShowMapLink":false},"categories":[285,34],"tags":[279],"class_list":["post-33151","awf-news","type-awf-news","status-publish","has-post-thumbnail","hentry","category-africa-es","category-news-es","tag-africa-es"],"_links":{"self":[{"href":"https:\/\/awf.world\/es\/wp-json\/wp\/v2\/awf-news\/33151","targetHints":{"allow":["GET"]}}],"collection":[{"href":"https:\/\/awf.world\/es\/wp-json\/wp\/v2\/awf-news"}],"about":[{"href":"https:\/\/awf.world\/es\/wp-json\/wp\/v2\/types\/awf-news"}],"author":[{"embeddable":true,"href":"https:\/\/awf.world\/es\/wp-json\/wp\/v2\/users\/24"}],"wp:featuredmedia":[{"embeddable":true,"href":"https:\/\/awf.world\/es\/wp-json\/wp\/v2\/media\/33150"}],"wp:attachment":[{"href":"https:\/\/awf.world\/es\/wp-json\/wp\/v2\/media?parent=33151"}],"wp:term":[{"taxonomy":"category","embeddable":true,"href":"https:\/\/awf.world\/es\/wp-json\/wp\/v2\/categories?post=33151"},{"taxonomy":"post_tag","embeddable":true,"href":"https:\/\/awf.world\/es\/wp-json\/wp\/v2\/tags?post=33151"}],"curies":[{"name":"wp","href":"https:\/\/api.w.org\/{rel}","templated":true}]}}