{"id":32851,"date":"2023-09-28T11:49:19","date_gmt":"2023-09-28T14:49:19","guid":{"rendered":"https:\/\/awf.world\/?post_type=awf-news&#038;p=32851"},"modified":"2023-10-17T15:34:56","modified_gmt":"2023-10-17T18:34:56","slug":"juventud-africana-se-une","status":"publish","type":"awf-news","link":"https:\/\/awf.world\/es\/awf-news\/juventud-africana-se-une\/","title":{"rendered":"La Juventud Africana se Une Para Influir en su Mundo"},"content":{"rendered":"<p style=\"text-align: justify;\"><strong>En la vibrante ciudad de Boma, en el coraz\u00f3n de la Rep\u00fablica Democr\u00e1tica del Congo (RDC), se desarroll\u00f3 una historia extraordinaria: una historia de unidad, inspiraci\u00f3n y transformaci\u00f3n.<\/strong><\/p>\n<p>Con el lema \u201cImpacta tu Mundo\u201d, el 15\u00ba congreso internacional de la Uni\u00f3n de J\u00f3venes de la Alianza Cristiana de \u00c1frica (UJAC) reuni\u00f3 en agosto de 2023 a 388 mentes j\u00f3venes de todo el continente, trascendiendo fronteras y encendiendo una visi\u00f3n compartida de cambio positivo.<\/p>\n<p>Desir\u00e9 Louzolo, de Gab\u00f3n, vio en este congreso un tesoro de lecciones que cambian la vida. Dijo: \u201cSon lecciones valiosas, y nos sentimos muy bendecidos. Oramos para que podamos ponerlas en pr\u00e1ctica, en acciones tangibles\u201d, haciendo hincapi\u00e9 en la necesidad de traducir estas lecciones en acciones del mundo real.<\/p>\n<p>Rebecca Mbungu, formadora del Instituto Nacional de Preparaci\u00f3n Profesional (INPP) de Matadi (RDC), declar\u00f3: \u201cEste congreso nos ha bendecido con la Palabra de Dios y el intercambio de experiencias. Estamos contentos y bendecidos. Participaremos en el pr\u00f3ximo congreso, aunque sea al otro lado del continente\u201d.<\/p>\n<p>Eunice Bilongo, de Gab\u00f3n, se alegr\u00f3 de la cumbre de crecimiento espiritual alcanzada durante el congreso. \u201c\u00a1Gloria a Dios!\u201d, comparti\u00f3. \u201cEsta 15\u00aa edici\u00f3n no es un accidente. Vuelvo como una persona diferente. En Cristo, las cosas viejas han pasado para un Gab\u00f3n renovado y un \u00c1frica m\u00e1s desarrollada\u201d.<\/p>\n<p>Mamie Mbungu, de Matadi, no pod\u00eda contener su emoci\u00f3n por la reuni\u00f3n internacional que congreg\u00f3 a asistentes de ocho pa\u00edses.<\/p>\n<p>La UJAC, que representaba a Burkina Faso, Gab\u00f3n, Guinea, Costa de Marfil, Mal\u00ed, la Rep\u00fablica Democr\u00e1tica del Congo, Congo-Brazzaville y Liberia, ten\u00eda como objetivo unir a los j\u00f3venes africanos de la Alianza Cristiana y Misionera (ACyM) por una \u00c1frica mejor a trav\u00e9s de programas misioneros y educativos.<\/p>\n<p>El congreso cont\u00f3 con testimonios de los movimientos juveniles de cada pa\u00eds, que mostraron su resiliencia y determinaci\u00f3n. El Rev. Dr. Jo\u00ebl Kuvuna, originario de la RDC y principal conferencista, pronunci\u00f3 un apasionado mensaje en el que inst\u00f3 a los j\u00f3venes a brillar con luz propia y a convertirse en fuerzas influyentes para el bien.<\/p>\n<p>Otro de los conferencistas del congreso, el Rev. Dr. Serge-Armand Yao, de Costa de Marfil, dijo que cre\u00eda que el evento hab\u00eda superado las expectativas y subray\u00f3 la importancia de que los j\u00f3venes contribuyan a las transformaciones de su naci\u00f3n. Este encuentro supuso un regreso simb\u00f3lico a sus ra\u00edces, conectando con la tierra a la que llegaron los primeros misioneros de la ACyM.<\/p>\n<p>El congreso se uni\u00f3 en oraci\u00f3n por la transformaci\u00f3n de las naciones africanas, con el Rev. Dr. Yao confiando en que estos d\u00edas de comuni\u00f3n con lo divino traer\u00edan resultados fruct\u00edferos.<\/p>\n<p>El Rev. Ferdinand Sangoye de Gab\u00f3n, presidente de la UJAC, inst\u00f3 a los j\u00f3venes cristianos a contribuir a la sociedad a trav\u00e9s de sus vocaciones y crecimiento personal, y el Rev. Benjamin Tamini de Burkina Faso anim\u00f3 a los asistentes a seguir la voluntad de Dios y adaptarse a las verdades b\u00edblicas en los retos de la vida.<\/p>\n<p>Asimismo, la Asamblea General de la UJAC tom\u00f3 decisiones clave, seleccionando a Guinea como pa\u00eds anfitri\u00f3n del pr\u00f3ximo congreso en 2025, y a Costa de Marfil y Burkina Faso como anfitriones en 2027 y 2029, respectivamente.<\/p>\n<p>Las visitas guiadas, las actividades, los concursos b\u00edblicos y la gran ceremonia de clausura pusieron la nota alegre al acto. Fue algo m\u00e1s que una simple ocasi\u00f3n: fue un hito en el camino de la juventud africana, que se une para forjar un futuro mejor para su continente y para el mundo.<\/p>\n<p>En un momento profundo del congreso, participantes de todo el continente se reunieron en unidad y devoci\u00f3n para orar en intercesi\u00f3n, buscando gu\u00eda, fuerza y bendiciones para sus pa\u00edses y para \u00c1frica en su conjunto.<\/p>\n<p>Pero no se trataba s\u00f3lo de palabras, sino tambi\u00e9n de acciones. Los asistentes aprovecharon una oferta especial para comprar cubos de basura de pl\u00e1stico, mostrando as\u00ed su compromiso con la gesti\u00f3n responsable del medio ambiente.<\/p>\n<p>Al concluir el congreso, los asistentes expresaron su gratitud por la labor transformadora realizada a trav\u00e9s de la UJAC, que ha dejado un impacto duradero en \u00c1frica y en el mundo.<\/p>\n<p>Sigamos orando por los j\u00f3venes africanos en esta fusi\u00f3n de culturas, perspectivas y experiencias, para que el Se\u00f1or los preserve y sigan creando un rico tapiz de diversidad y unidad.<\/p>\n","protected":false},"author":25,"featured_media":32850,"template":"","meta":{"inline_featured_image":false,"ngg_post_thumbnail":0,"_EventAllDay":false,"_EventTimezone":"","_EventStartDate":"","_EventEndDate":"","_EventStartDateUTC":"","_EventEndDateUTC":"","_EventShowMap":false,"_EventShowMapLink":false,"_EventURL":"","_EventCost":"","_EventCostDescription":"","_EventCurrencySymbol":"","_EventCurrencyCode":"","_EventCurrencyPosition":"","_EventDateTimeSeparator":"","_EventTimeRangeSeparator":"","_EventOrganizerID":[],"_EventVenueID":[],"_OrganizerEmail":"","_OrganizerPhone":"","_OrganizerWebsite":"","_VenueAddress":"","_VenueCity":"","_VenueCountry":"","_VenueProvince":"","_VenueState":"","_VenueZip":"","_VenuePhone":"","_VenueURL":"","_VenueStateProvince":"","_VenueLat":"","_VenueLng":"","_VenueShowMap":false,"_VenueShowMapLink":false},"categories":[285,34],"tags":[279,323],"class_list":["post-32851","awf-news","type-awf-news","status-publish","has-post-thumbnail","hentry","category-africa-es","category-news-es","tag-africa-es","tag-ministerio-de-jovenes"],"_links":{"self":[{"href":"https:\/\/awf.world\/es\/wp-json\/wp\/v2\/awf-news\/32851","targetHints":{"allow":["GET"]}}],"collection":[{"href":"https:\/\/awf.world\/es\/wp-json\/wp\/v2\/awf-news"}],"about":[{"href":"https:\/\/awf.world\/es\/wp-json\/wp\/v2\/types\/awf-news"}],"author":[{"embeddable":true,"href":"https:\/\/awf.world\/es\/wp-json\/wp\/v2\/users\/25"}],"wp:featuredmedia":[{"embeddable":true,"href":"https:\/\/awf.world\/es\/wp-json\/wp\/v2\/media\/32850"}],"wp:attachment":[{"href":"https:\/\/awf.world\/es\/wp-json\/wp\/v2\/media?parent=32851"}],"wp:term":[{"taxonomy":"category","embeddable":true,"href":"https:\/\/awf.world\/es\/wp-json\/wp\/v2\/categories?post=32851"},{"taxonomy":"post_tag","embeddable":true,"href":"https:\/\/awf.world\/es\/wp-json\/wp\/v2\/tags?post=32851"}],"curies":[{"name":"wp","href":"https:\/\/api.w.org\/{rel}","templated":true}]}}