{"id":32732,"date":"2023-07-24T10:51:37","date_gmt":"2023-07-24T13:51:37","guid":{"rendered":"https:\/\/awf.world\/?post_type=awf-news&#038;p=32732"},"modified":"2023-07-24T11:12:14","modified_gmt":"2023-07-24T14:12:14","slug":"liderazgo-misional-en-una-era-de-cristianismo-global","status":"publish","type":"awf-news","link":"https:\/\/awf.world\/es\/awf-news\/liderazgo-misional-en-una-era-de-cristianismo-global\/","title":{"rendered":"Liderazgo Misional en una Era de Cristianismo Global"},"content":{"rendered":"<p style=\"text-align: justify;\"><strong>Despu\u00e9s de m\u00e1s de 15 a\u00f1os, la Conferencia Regional AWF EMERALD regres\u00f3 a Francia, proporcionando compa\u00f1erismo y desafiando a los participantes a refrescar sus pensamientos y perspectivas sobre las misiones globales.<\/strong><\/p>\n<p>Con el tema \u201cLiderazgo Misional en una Era de Cristianismo Global\u201d, m\u00e1s de 125 delegados asistieron a la Conferencia Regional 2023 de AWF EMERALD (Europa y Medio Oriente) junto con m\u00e1s de 25 personas de la iglesia nacional anfitriona de la Alianza, la <a href=\"https:\/\/awf.world\/es\/country-description\/francia\/\" target=\"_blank\" rel=\"noopener\">ACyM de Francia<\/a>.<\/p>\n<p>Los participantes destacaron su sentido de comunidad y compa\u00f1erismo en el evento. \u201cLa pasamos muy bien juntos en Toulouse. Un maravilloso sentido de familia, aunque hablemos idiomas diferentes\u201d, dijo Rocco Rausch, de los Pa\u00edses Bajos. \u201cCristo est\u00e1 trabajando para cumplir sus sue\u00f1os para la creaci\u00f3n [Apocalipsis 7]: gente de todas las tribus, lenguas y naciones\u201d, dijo. \u201cEsto es lo que somos, y est\u00e1 tomando forma\u201d.<\/p>\n<p>Algunos reflexionaron sobre los efectos del distanciamiento causado por la pandemia del COVID-19 y celebraron el reencuentro. \u201cFue una gran y gozosa bendici\u00f3n volver a estar f\u00edsicamente juntos\u201d, escribi\u00f3 uno de los participantes. \u201cTambi\u00e9n estamos muy agradecidos con el equipo organizador local de la Iglesia Internacional de Toulouse y a los voluntarios de todo el mundo que se ocuparon de los delegados\u201d.<\/p>\n<p>El expositor principal, el Dr. Stanley John, profesor del Seminario Teol\u00f3gico Alianza de Nueva York, plante\u00f3 a los participantes cuatro retos relacionados con las misiones mundiales. Dirigi\u00f3 una serie de conferencias sobre Liderazgo Misional, pasando de c\u00f3mo \u00c1frica configurar\u00e1 el futuro del cristianismo en el siglo XXI a la necesidad de que arraiguemos nuestra misionolog\u00eda en la teolog\u00eda trinitaria y, luego, el papel y la importancia de la diversidad \u00e9tnica.<\/p>\n<p>\u201cEstamos viendo surgir la vitalidad de las iglesias de inmigrantes\u201d, dijo el Dr. Stanley John. \u201cLa cuesti\u00f3n es: \u00bfc\u00f3mo lideramos en un mundo tan diverso? \u00bfC\u00f3mo impulsamos los movimientos? Necesitamos todo tipo de iglesias para llegar a todo tipo de personas por el bien del evangelio\u201d, afirm\u00f3 John. \u201cSi nos centramos en la importancia del desarrollo del liderazgo: \u00bfc\u00f3mo levantamos una nueva generaci\u00f3n de l\u00edderes? El camino del desarrollo del liderazgo tiene que volver al camino de Jes\u00fas\u201d, dijo. <a href=\"https:\/\/youtu.be\/qvP9IP3cvJ4\" target=\"_blank\" rel=\"noopener\">Vea al Dr. Stanley John<\/a> hablando sobre el evento.<\/p>\n<p>Adem\u00e1s de las conferencias principales, el evento cont\u00f3 con talleres de tarde como Formaci\u00f3n de la Alianza, ministerios de habla \u00e1rabe, <a href=\"https:\/\/awf.world\/es\/socorro-y-desarrollo\/\" target=\"_blank\" rel=\"noopener\">Socorro y Desarrollo<\/a>, <a href=\"https:\/\/awf.world\/es\/ministerios-de-mujeres-de-awf\/\" target=\"_blank\" rel=\"noopener\">Ministerio de Mujeres de la Alianza<\/a> y Ministerio de Discipulado Infantil. Eunice Lumawag, de Filipinas, comparti\u00f3 sus impresiones sobre el evento. \u201cEstoy encantada de ver a nuestros pastores y misioneros sirviendo al Se\u00f1or en esta regi\u00f3n\u201d, dijo. \u201cSon las personas por las que hemos estado orando. Su perseverancia y resistencia en medio de calamidades, guerras, persecuciones y dificultades dan testimonio de qui\u00e9n es Dios. Su poder y sus milagros son tan evidentes en sus vidas. Una bendici\u00f3n\u201d.<\/p>\n<p>El taller de mujeres impact\u00f3 a Eunice. Nos dijo: \u201cMe anim\u00f3 conocer a las mujeres durante el taller. Fue una conexi\u00f3n maravillosa y oramos unas por otras. Conf\u00edo en el Se\u00f1or que esta conexi\u00f3n con las mujeres de esta regi\u00f3n continuar\u00e1 d\u00e1ndoles \u00e1nimo mientras organizan y fortalecen sus ministerios femeninos\u201d, dijo. \u201cEstoy agradecida por conectar con nuestras mujeres. Nos abre m\u00e1s oportunidades para trabajar juntas como una familia global\u201d.<\/p>\n<p>Durante el evento, los participantes tuvieron la oportunidad de escuchar testimonios de los <a href=\"https:\/\/awf.world\/es\/mision\/\" target=\"_blank\" rel=\"noopener\">campos misioneros<\/a> en Medio Oriente y el campo de la di\u00e1spora en Europa, as\u00ed como presentaciones sobre c\u00f3mo est\u00e1 evolucionando el campo misionero en todo el mundo. A muchos les sorprendi\u00f3 c\u00f3mo debemos cambiar nuestra forma de pensar y entender las misiones para equipar y movilizar a los laicos y a los obreros bivocacionales, principalmente de la di\u00e1spora, para las misiones.<\/p>\n<p>\u201cLa integraci\u00f3n y los di\u00e1logos abiertos entre l\u00edderes y obreros de la regi\u00f3n de Europa y Medio Oriente, en los que pudieron interactuar activamente representantes y asistentes de las regiones de Am\u00e9rica Latina, Am\u00e9rica del Norte y \u00c1frica, sirvieron para iniciar conversaciones sobre nuevos proyectos y cooperaciones entre pa\u00edses para enviar obreros a nuevos campos misioneros\u201d, afirm\u00f3 Iv\u00e1n Bonilla, de Colombia.<\/p>\n<p>Iv\u00e1n comparti\u00f3 con alegr\u00eda que \u201cLa Alianza Colombiana pudo participar y apoyar con degustaciones de nuestro &#8216;caf\u00e9 1923&#8217;, marca propia con la que buscamos apoyar a los nuevos obreros del campo enviados desde nuestro pa\u00eds\u201d.<\/p>\n<p>En la conferencia se present\u00f3 la Red Iglesia Alianza de Todas las Naciones (Alianza CAN &#8211; Church of All Nations), una nueva iniciativa de la AWF. El objetivo de esta red es animar a las iglesias nacionales, las iglesias locales, las iglesias \u00e9tnicas y las organizaciones misioneras a colaborar en la plantaci\u00f3n y el fomento de comunidades de la Alianza CAN.<\/p>\n<p>Este tipo de comunidades son familias en las que personas de todas las naciones, tribus y lenguas, sean quienes sean y vengan de donde vengan, encuentran una amorosa bienvenida, una c\u00e1lida familia y pertenencia, donde el amor de Jes\u00fas ha eliminado cualquier barrera debida al idioma o la cultura, y donde la gente experimenta el amor y la gracia de Jes\u00fas de una manera muy tangible &#8211; a trav\u00e9s del amor y la gracia de sus hermanos y hermanas en Cristo.<\/p>\n<p>Todos los asistentes a la conferencia experimentaron la comunidad de la Alianza CAN que es la Iglesia Internacional de Toulouse, donde personas de m\u00e1s de 40 naciones experimentan profundas relaciones de amor, est\u00e1n unidas en Cristo y son transformadas por \u00e9l para impactar este mundo para \u00e9l. <a href=\"https:\/\/youtube.com\/playlist?list=PLE2ddum0wAZCYxxijFW0UUsl1UWWHTJT4\" target=\"_blank\" rel=\"noopener\">Ver v\u00eddeos de la Red Alianza CAN<\/a>.<\/p>\n","protected":false},"author":24,"featured_media":32731,"template":"","meta":{"inline_featured_image":false,"ngg_post_thumbnail":0,"_EventAllDay":false,"_EventTimezone":"","_EventStartDate":"","_EventEndDate":"","_EventStartDateUTC":"","_EventEndDateUTC":"","_EventShowMap":false,"_EventShowMapLink":false,"_EventURL":"","_EventCost":"","_EventCostDescription":"","_EventCurrencySymbol":"","_EventCurrencyCode":"","_EventCurrencyPosition":"","_EventDateTimeSeparator":"","_EventTimeRangeSeparator":"","_EventOrganizerID":[],"_EventVenueID":[],"_OrganizerEmail":"","_OrganizerPhone":"","_OrganizerWebsite":"","_VenueAddress":"","_VenueCity":"","_VenueCountry":"","_VenueProvince":"","_VenueState":"","_VenueZip":"","_VenuePhone":"","_VenueURL":"","_VenueStateProvince":"","_VenueLat":"","_VenueLng":"","_VenueShowMap":false,"_VenueShowMapLink":false},"categories":[100,34],"tags":[202,689],"class_list":["post-32732","awf-news","type-awf-news","status-publish","has-post-thumbnail","hentry","category-emerald-es","category-news-es","tag-emerald-es","tag-europa-y-medio-oriente"],"_links":{"self":[{"href":"https:\/\/awf.world\/es\/wp-json\/wp\/v2\/awf-news\/32732","targetHints":{"allow":["GET"]}}],"collection":[{"href":"https:\/\/awf.world\/es\/wp-json\/wp\/v2\/awf-news"}],"about":[{"href":"https:\/\/awf.world\/es\/wp-json\/wp\/v2\/types\/awf-news"}],"author":[{"embeddable":true,"href":"https:\/\/awf.world\/es\/wp-json\/wp\/v2\/users\/24"}],"wp:featuredmedia":[{"embeddable":true,"href":"https:\/\/awf.world\/es\/wp-json\/wp\/v2\/media\/32731"}],"wp:attachment":[{"href":"https:\/\/awf.world\/es\/wp-json\/wp\/v2\/media?parent=32732"}],"wp:term":[{"taxonomy":"category","embeddable":true,"href":"https:\/\/awf.world\/es\/wp-json\/wp\/v2\/categories?post=32732"},{"taxonomy":"post_tag","embeddable":true,"href":"https:\/\/awf.world\/es\/wp-json\/wp\/v2\/tags?post=32732"}],"curies":[{"name":"wp","href":"https:\/\/api.w.org\/{rel}","templated":true}]}}