{"id":32674,"date":"2023-07-06T16:43:05","date_gmt":"2023-07-06T19:43:05","guid":{"rendered":"https:\/\/awf.world\/?post_type=awf-news&#038;p=32674"},"modified":"2023-07-06T16:56:49","modified_gmt":"2023-07-06T19:56:49","slug":"academicos-de-la-alianza-se-reunen-en-toulouse","status":"publish","type":"awf-news","link":"https:\/\/awf.world\/es\/awf-news\/academicos-de-la-alianza-se-reunen-en-toulouse\/","title":{"rendered":"Acad\u00e9micos de la Alianza se Re\u00fanen en Toulouse para Reflexionar Sobre Nuestro Ministerio y Misi\u00f3n"},"content":{"rendered":"<h3 style=\"text-align: justify;\">El primer Simposio de Teolog\u00eda de la Alianza de AWF se celebr\u00f3 en junio de 2023 en Francia. El objetivo era profundizar en el conocimiento de la historia y la teolog\u00eda del movimiento de la Alianza y reflexionar sobre las formas en que la Alianza deber\u00eda comprometerse en el ministerio y las misiones hoy en d\u00eda.<\/h3>\n<p>M\u00e1s de 50 participantes se reunieron en la hermosa ciudad de Toulouse, Francia, los d\u00edas 26 y 27 de junio de 2023, para compartir juntos en el Simposio de Teolog\u00eda de la Alianza. Organizado por la <a href=\"https:\/\/awf.world\/es\/educacion-teologica\/\" target=\"_blank\" rel=\"noopener\">Comisi\u00f3n Internacional de Educaci\u00f3n Teol\u00f3gica (ICTE) de la AWF<\/a>, se presentaron 25 ponencias a lo largo de los dos d\u00edas por acad\u00e9micos de los cinco continentes y en tres idiomas: espa\u00f1ol, franc\u00e9s e ingl\u00e9s.<\/p>\n<p>Las presentaciones abarcaron una amplia gama de temas, incluidos los distintivos de la Alianza, la historia de la misi\u00f3n de la Alianza, la eclesiolog\u00eda de la Alianza (tanto en la teor\u00eda como en la pr\u00e1ctica) y las estrategias misioneras eficaces. Cada ponente dispuso de 20 minutos para su exposici\u00f3n, seguidos de 10 minutos de debate. Tambi\u00e9n tuvimos la bendici\u00f3n de que el Dr. Daryn Henry, autor del reciente libro <strong><em>A. B. Simpson y la Creaci\u00f3n del Evangelicalismo Moderno<\/em><\/strong>, se uniera a nosotros en l\u00ednea para presentar el viaje de Albert Simpson en 1893 y para visitar los campos misioneros de la Alianza. Tambi\u00e9n se celebr\u00f3 una mesa redonda con cuatro miembros del ICTE y el Dr. Henry sobre la importancia de comprender la teolog\u00eda y la pr\u00e1ctica de la noci\u00f3n de \u201cUni\u00f3n con Cristo\u201d.<\/p>\n<p>Un comentario frecuente fue lo estupendo que resultaba poder reunirse para tratar estos importantes temas. Los debates continuaron a menudo durante el almuerzo y la cena, y se establecieron fruct\u00edferas conexiones entre acad\u00e9micos e instituciones. Hay que dar las gracias especialmente al Hermano Eoghan Cosgrave y a la Iglesia Internacional de Toulouse, anfitriona del simposio. Sin su excelente trabajo y servicio, no habr\u00eda sido posible celebrar el acto.<\/p>\n<p>El simposio se retransmiti\u00f3 en directo y la grabaci\u00f3n est\u00e1 disponible en el <a href=\"https:\/\/youtube.com\/playlist?list=PLFalPEZcHhkvgsfIRo2fKoM15fYT1JJIB\" target=\"_blank\" rel=\"noopener\">canal de YouTube de la AWF<\/a>. Se est\u00e1 preparando un volumen editado que se publicar\u00e1 a su debido tiempo. Se ha animado al ICTE a planificar otros actos, y es probable que se celebren m\u00e1s simposios en el futuro.<\/p>\n<p>El ICTE agradece a todos los participantes y especialmente a los expositores que hicieron el esfuerzo de preparar y presentar sus excelentes ponencias en el Simposio.<\/p>\n","protected":false},"author":24,"featured_media":32673,"template":"","meta":{"inline_featured_image":false,"ngg_post_thumbnail":0,"_EventAllDay":false,"_EventTimezone":"","_EventStartDate":"","_EventEndDate":"","_EventStartDateUTC":"","_EventEndDateUTC":"","_EventShowMap":false,"_EventShowMapLink":false,"_EventURL":"","_EventCost":"","_EventCostDescription":"","_EventCurrencySymbol":"","_EventCurrencyCode":"","_EventCurrencyPosition":"","_EventDateTimeSeparator":"","_EventTimeRangeSeparator":"","_EventOrganizerID":[],"_EventVenueID":[],"_OrganizerEmail":"","_OrganizerPhone":"","_OrganizerWebsite":"","_VenueAddress":"","_VenueCity":"","_VenueCountry":"","_VenueProvince":"","_VenueState":"","_VenueZip":"","_VenuePhone":"","_VenueURL":"","_VenueStateProvince":"","_VenueLat":"","_VenueLng":"","_VenueShowMap":false,"_VenueShowMapLink":false},"categories":[854,34],"tags":[347,346],"class_list":["post-32674","awf-news","type-awf-news","status-publish","has-post-thumbnail","hentry","category-educacion-teologica","category-news-es","tag-comision-internacional-de-educacion-teologica","tag-icte-es"],"_links":{"self":[{"href":"https:\/\/awf.world\/es\/wp-json\/wp\/v2\/awf-news\/32674","targetHints":{"allow":["GET"]}}],"collection":[{"href":"https:\/\/awf.world\/es\/wp-json\/wp\/v2\/awf-news"}],"about":[{"href":"https:\/\/awf.world\/es\/wp-json\/wp\/v2\/types\/awf-news"}],"author":[{"embeddable":true,"href":"https:\/\/awf.world\/es\/wp-json\/wp\/v2\/users\/24"}],"wp:featuredmedia":[{"embeddable":true,"href":"https:\/\/awf.world\/es\/wp-json\/wp\/v2\/media\/32673"}],"wp:attachment":[{"href":"https:\/\/awf.world\/es\/wp-json\/wp\/v2\/media?parent=32674"}],"wp:term":[{"taxonomy":"category","embeddable":true,"href":"https:\/\/awf.world\/es\/wp-json\/wp\/v2\/categories?post=32674"},{"taxonomy":"post_tag","embeddable":true,"href":"https:\/\/awf.world\/es\/wp-json\/wp\/v2\/tags?post=32674"}],"curies":[{"name":"wp","href":"https:\/\/api.w.org\/{rel}","templated":true}]}}