{"id":32320,"date":"2023-03-22T11:34:19","date_gmt":"2023-03-22T14:34:19","guid":{"rendered":"https:\/\/awf.world\/awf-news\/conoce-a-angel-barrientos-el-nuevo-presidente-de-la-alianza-de-peru\/"},"modified":"2023-03-24T11:35:09","modified_gmt":"2023-03-24T14:35:09","slug":"conoce-a-angel-barrientos","status":"publish","type":"awf-news","link":"https:\/\/awf.world\/es\/awf-news\/conoce-a-angel-barrientos\/","title":{"rendered":"Conoce a \u00c1ngel Barrientos, el Nuevo Presidente de la Alianza de Per\u00fa"},"content":{"rendered":"<h3 style=\"text-align: justify;\">\u201cAbrir el camino para las pr\u00f3ximas generaciones\u201d es la visi\u00f3n de \u00c1ngel Sabino Barrientos Chuquillanqui, el nuevo presidente de la ACyM Per\u00fa. \u00c1ngel fue elegido en septiembre 2022 para un periodo de cinco a\u00f1os, iniciando en febrero 2023. No puede contener su entusiasmo por su nuevo rol con la Alianza, y espera ver que las nuevas generaciones conozcan a Jes\u00fas. Que gran manera de celebrar los 100 a\u00f1os de trabajo de la Alianza en Per\u00fa.<\/h3>\n<p>Apasionado por el trabajo con la juventud y j\u00f3venes adultos, el Rev. \u00c1ngel Barrientos quiere invertir en las generaciones m\u00e1s j\u00f3venes y su liderazgo en el ministerio. Su pasi\u00f3n surge de su experiencia de conversi\u00f3n cuando a\u00fan ten\u00eda 20 a\u00f1os y vio que su vida cambiaba inesperadamente.<\/p>\n<p><img loading=\"lazy\" decoding=\"async\" class=\"alignright size-medium wp-image-32318\" src=\"https:\/\/awf.world\/wp-content\/uploads\/2023\/03\/Angel-300x200.jpg\" alt=\"\" width=\"300\" height=\"200\" srcset=\"https:\/\/awf.world\/wp-content\/uploads\/2023\/03\/Angel-300x200.jpg 300w, https:\/\/awf.world\/wp-content\/uploads\/2023\/03\/Angel-1024x684.jpg 1024w, https:\/\/awf.world\/wp-content\/uploads\/2023\/03\/Angel-768x513.jpg 768w, https:\/\/awf.world\/wp-content\/uploads\/2023\/03\/Angel-391x260.jpg 391w, https:\/\/awf.world\/wp-content\/uploads\/2023\/03\/Angel-1536x1025.jpg 1536w, https:\/\/awf.world\/wp-content\/uploads\/2023\/03\/Angel-272x182.jpg 272w, https:\/\/awf.world\/wp-content\/uploads\/2023\/03\/Angel.jpg 2048w\" sizes=\"auto, (max-width: 300px) 100vw, 300px\" \/>\u00c1ngel viene de una familia cat\u00f3lica de seis miembros, criados por su madre, despu\u00e9s de que su padre se fue de casa. Cuando \u00c1ngel era un adulto joven, y pocos a\u00f1os despu\u00e9s de su conversi\u00f3n, conoci\u00f3 a la que ser\u00eda su futura esposa, Neli Mel\u00e9ndez, con quien ahora celebra una relaci\u00f3n de m\u00e1s de 40 a\u00f1os. Juntos disfrutan de sus dos hijos, Abraham, de 37 a\u00f1os, y Heidi, de 35, y tres nietos.<\/p>\n<p>La experiencia pastoral de \u00c1ngel empez\u00f3 con su graduaci\u00f3n del Seminario B\u00edblico Alianza del Per\u00fa (SEBAP), en 1985. Desde entonces, el Rev. \u00c1ngel ha servido primeramente como pastor, realizando diferentes funciones en la ACyM Per\u00fa. Fue parte de la Junta Directiva Nacional como secretario, tesorero y Director Nacional de Misiones. Sirvi\u00f3 en los distritos de El Agustino y San Felipe, y su \u00faltimo nombramiento pastoral fue en Comas, donde fue pastor principal desde 2007 hasta enero de 2023.<\/p>\n<p>El trabajo de la <a href=\"https:\/\/awf.world\/es\/country-description\/peru\/\" target=\"_blank\" rel=\"noopener\">Alianza Cristiana y Misionera del Per\u00fa<\/a> cumplir\u00e1 100 a\u00f1os en el 2025. Los primeros d\u00edas estuvieron llenos de dificultades, incluida la persecuci\u00f3n, pero el Rev. \u00c1ngel espera celebrar el fruto de la ACyM Per\u00fa de todos estos a\u00f1os, que ha plantado y establecido m\u00e1s de 400 iglesias con 194.000 miembros, y ha ordenado ministros y desplegado muchos misioneros.<\/p>\n<p>Por favor continue orando por el nuevo liderazgo de la ACyM Per\u00fa y la direcci\u00f3n y visi\u00f3n del Se\u00f1or para el nuevo presidente. Todav\u00eda hay mucho que el Se\u00f1or quiere hacer a trav\u00e9s del Rev. \u00c1ngel y su familia. Como iglesia queremos apoyarlos en oraciones. Puede orar por el Rev. \u00c1ngel Barrientos de manera espec\u00edfica: \u00e9l pide por protecci\u00f3n para su familia, por la salud de sus hijos, y particularmente por su matrimonio, ya que \u00e9l y Neli enfrentan los desaf\u00edos de mudarse y adaptarse a su nuevo ministerio.<\/p>\n","protected":false},"author":24,"featured_media":32315,"template":"","meta":{"inline_featured_image":false,"ngg_post_thumbnail":0,"_EventAllDay":false,"_EventTimezone":"","_EventStartDate":"","_EventEndDate":"","_EventStartDateUTC":"","_EventEndDateUTC":"","_EventShowMap":false,"_EventShowMapLink":false,"_EventURL":"","_EventCost":"","_EventCostDescription":"","_EventCurrencySymbol":"","_EventCurrencyCode":"","_EventCurrencyPosition":"","_EventDateTimeSeparator":"","_EventTimeRangeSeparator":"","_EventOrganizerID":[],"_EventVenueID":[],"_OrganizerEmail":"","_OrganizerPhone":"","_OrganizerWebsite":"","_VenueAddress":"","_VenueCity":"","_VenueCountry":"","_VenueProvince":"","_VenueState":"","_VenueZip":"","_VenuePhone":"","_VenueURL":"","_VenueStateProvince":"","_VenueLat":"","_VenueLng":"","_VenueShowMap":false,"_VenueShowMapLink":false},"categories":[99,34],"tags":[209],"class_list":["post-32320","awf-news","type-awf-news","status-publish","has-post-thumbnail","hentry","category-latin-america-es","category-news-es","tag-america-latina"],"_links":{"self":[{"href":"https:\/\/awf.world\/es\/wp-json\/wp\/v2\/awf-news\/32320","targetHints":{"allow":["GET"]}}],"collection":[{"href":"https:\/\/awf.world\/es\/wp-json\/wp\/v2\/awf-news"}],"about":[{"href":"https:\/\/awf.world\/es\/wp-json\/wp\/v2\/types\/awf-news"}],"author":[{"embeddable":true,"href":"https:\/\/awf.world\/es\/wp-json\/wp\/v2\/users\/24"}],"wp:featuredmedia":[{"embeddable":true,"href":"https:\/\/awf.world\/es\/wp-json\/wp\/v2\/media\/32315"}],"wp:attachment":[{"href":"https:\/\/awf.world\/es\/wp-json\/wp\/v2\/media?parent=32320"}],"wp:term":[{"taxonomy":"category","embeddable":true,"href":"https:\/\/awf.world\/es\/wp-json\/wp\/v2\/categories?post=32320"},{"taxonomy":"post_tag","embeddable":true,"href":"https:\/\/awf.world\/es\/wp-json\/wp\/v2\/tags?post=32320"}],"curies":[{"name":"wp","href":"https:\/\/api.w.org\/{rel}","templated":true}]}}