{"id":32102,"date":"2023-01-16T11:48:09","date_gmt":"2023-01-16T14:48:09","guid":{"rendered":"https:\/\/awf.world\/awf-news\/mujeres-de-la-awf-de-todo-el-mundo-se-unen-para-celebrar-accion-de-gracias-y-navidad\/"},"modified":"2023-01-19T14:55:48","modified_gmt":"2023-01-19T17:55:48","slug":"mujeres-de-la-awf-de-todo-el-mundo-se-unen-para-celebrar-accion-de-gracias-y-navidad","status":"publish","type":"awf-news","link":"https:\/\/awf.world\/es\/awf-news\/mujeres-de-la-awf-de-todo-el-mundo-se-unen-para-celebrar-accion-de-gracias-y-navidad\/","title":{"rendered":"Mujeres de la AWF de Todo el Mundo se Unen para Celebrar Acci\u00f3n de Gracias y Navidad"},"content":{"rendered":"<p>\u00bfTe resultan ajetreados los meses de noviembre y diciembre? Para mucha gente, estos dos meses son los m\u00e1s ajetreados, ya que la iglesia y la familia celebran Acci\u00f3n de Gracias y Navidad. Cada pa\u00eds tiene su propia manera de celebrar estas fiestas. Para los <a href=\"https:\/\/awf.world\/es\/ministerios-de-mujeres-de-awf\/\" target=\"_blank\" rel=\"noopener\">Ministerios de Mujeres de la AWF<\/a>, \u00e9sta fue la primera vez que celebramos <a href=\"https:\/\/youtu.be\/xX_6yr4dJTs\" target=\"_blank\" rel=\"noopener\">Acci\u00f3n de Gracias y Navidad<\/a> con las mujeres de la Alianza de todo el mundo.<\/p>\n<p>El 30 de noviembre de 2022, m\u00e1s de un centenar de mujeres de diferentes regiones de la AWF se reunieron en Zoom. Se les pidi\u00f3 que trajeran un objeto que representara c\u00f3mo estaban agradecidas al Se\u00f1or por el a\u00f1o 2022. Algunas mujeres trajeron medicinas que representan a Dios como su sanador; otras una Biblia que ha sido su gu\u00eda y luz durante todo el a\u00f1o. Algunas ten\u00edan recuerdos de los pa\u00edses que visitaron donde tuvieron la oportunidad de conectarse con otras hermanas; fotos familiares que mostraban el apoyo, la unidad, el amor y el cuidado de sus familias; un frasco de agradecimiento con motivos de oraci\u00f3n; una herramienta evangel\u00edstica que el Se\u00f1or us\u00f3 para llevar a muchas personas a conocerlo. Fue un momento maravilloso para escucharse unas a otras, y el idioma no fue una barrera durante los momentos de compartir.<\/p>\n<p><img loading=\"lazy\" decoding=\"async\" class=\"alignleft size-medium wp-image-32099\" src=\"https:\/\/awf.world\/wp-content\/uploads\/2023\/01\/LuAnne-Baker_Mary4-300x169.png\" alt=\"\" width=\"300\" height=\"169\" srcset=\"https:\/\/awf.world\/wp-content\/uploads\/2023\/01\/LuAnne-Baker_Mary4-300x169.png 300w, https:\/\/awf.world\/wp-content\/uploads\/2023\/01\/LuAnne-Baker_Mary4-1024x576.png 1024w, https:\/\/awf.world\/wp-content\/uploads\/2023\/01\/LuAnne-Baker_Mary4-768x432.png 768w, https:\/\/awf.world\/wp-content\/uploads\/2023\/01\/LuAnne-Baker_Mary4-1536x864.png 1536w, https:\/\/awf.world\/wp-content\/uploads\/2023\/01\/LuAnne-Baker_Mary4.png 1920w\" sizes=\"auto, (max-width: 300px) 100vw, 300px\" \/><\/p>\n<p>La hermana LuAnne Baker, de Estados Unidos, comparti\u00f3 una <a href=\"https:\/\/youtu.be\/Wuk85ub5Su4\" target=\"_blank\" rel=\"noopener\">representaci\u00f3n de Mar\u00eda, la madre de Jes\u00fas<\/a>, a trav\u00e9s de un mon\u00f3logo. Fue poderoso y tuvo un gran impacto en nosotras. \u201cEl mon\u00f3logo interpretado por nuestra hermana LuAnne estuvo lleno del Esp\u00edritu y fue muy poderoso. Comunica y vocaliza los pensamientos, el amor, el dolor, la emoci\u00f3n, la agon\u00eda y el triunfo del personaje, Mar\u00eda\u201d, dijo la hermana Filipinas Barrieses. \u201cA trav\u00e9s de la historia de Mar\u00eda, recuerdo su fiel obediencia a Dios y su disposici\u00f3n a aceptar lo que \u00e9l la ha llamado a hacer. Su devoci\u00f3n desinteresada a Dios me motiv\u00f3 a ser fiel a obedecer a Dios incluso en una circunstancia muy dif\u00edcil\u201d. Filipinas dijo: \u201cLa fortaleza de Mar\u00eda en una situaci\u00f3n dolorosa me ense\u00f1\u00f3 a ser fuerte y a depender de la fuerza de Dios. Alabado sea el Se\u00f1or por el mensaje impartido a trav\u00e9s de este mon\u00f3logo\u201d.<\/p>\n<p>Durante en tiempo en grupos peque\u00f1os, las mujeres reflexionaron sobre el mon\u00f3logo y se plantearon la siguiente pregunta: \u00bfQu\u00e9 le puedo regalar a Jes\u00fas en esta Navidad? Tambi\u00e9n compartieron sus propias preocupaciones y oraron unas por otras.<\/p>\n<p>Se ley\u00f3 la Palabra de Dios en diferentes idiomas y nuestras hermanas de \u00c1frica, Am\u00e9rica Latina y Asia-Pac\u00edfico presentaron cantos de alabanza. Todo ello nos llev\u00f3 a adorar a nuestro Dios, pues s\u00f3lo \u00e9l es digno de nuestra adoraci\u00f3n. Dos vers\u00edculos, Isa\u00edas 12:4-5, resumen bien nuestra celebraci\u00f3n: \u201cY dir\u00e9is en aquel d\u00eda: Cantad a Jehov\u00e1, aclamad su nombre, haced c\u00e9lebres en los pueblos sus obras, recordad que su nombre es engrandecido. Cantad salmos a Jehov\u00e1, porque ha hecho cosas magn\u00edficas; sea sabido esto por toda la tierra\u201d.<\/p>\n<p>Muchas mujeres contaron lo mucho que las hab\u00eda bendecido esta celebraci\u00f3n. La hermana Terri Groh dijo: \u201cEsta ma\u00f1ana tuve un maravilloso recordatorio de la gran obra de la Alianza Cristiana y Misionera al participar en la reuni\u00f3n de Mujeres de la Alianza de la AWF. Fue maravilloso escuchar a mujeres de todo el mundo orar en su propio idioma. Tambi\u00e9n me sent\u00ed agradecida por mi grupo peque\u00f1o con mujeres de Corea, Filipinas y Singapur\u201d.<\/p>\n<p>La hermana Abi De Jesus dijo que \u201cfue un tiempo maravilloso de agradecimiento a Dios y de encuentro con queridas hermanas de diferentes partes del mundo. Dios est\u00e1 haciendo grandes cosas\u201d.<\/p>\n<p>Al final del evento, tuvimos el privilegio de bendecirnos unas a otras a trav\u00e9s de la Palabra de Dios. Uno de los muchos vers\u00edculos b\u00edblicos que compartimos fue Isa\u00edas 12:2: \u201cHe aqu\u00ed Dios es salvaci\u00f3n m\u00eda; me asegurar\u00e9 y no temer\u00e9; porque mi fortaleza y mi canci\u00f3n es Jehov\u00e1, quien ha sido salvaci\u00f3n para m\u00ed\u201d. Es un maravilloso recordatorio que podemos clamar en 2023.<\/p>\n<p>Durante nuestras reuniones de Zoom en 2022 nos dimos cuenta de que la conexi\u00f3n de las mujeres es cada vez m\u00e1s profunda y cercana. En 2023 esperamos realizar m\u00e1s eventos mientras nos involucramos en estos ministerios de mujeres: Liderazgo, Profesionales y Carrera, Oraci\u00f3n y Misiones, y Esposas de Pastores.<\/p>\n<p>Me gustar\u00eda animarte a que <a href=\"https:\/\/forms.gle\/VGTkTYiN5UzfoZWv6\" target=\"_blank\" rel=\"noopener\">te registres y participes<\/a> en estos ministerios. Nos encantar\u00eda tenerte en nuestros encuentros.<\/p>\n","protected":false},"author":24,"featured_media":32098,"template":"","meta":{"inline_featured_image":false,"ngg_post_thumbnail":0,"_EventAllDay":false,"_EventTimezone":"","_EventStartDate":"","_EventEndDate":"","_EventStartDateUTC":"","_EventEndDateUTC":"","_EventShowMap":false,"_EventShowMapLink":false,"_EventURL":"","_EventCost":"","_EventCostDescription":"","_EventCurrencySymbol":"","_EventCurrencyCode":"","_EventCurrencyPosition":"","_EventDateTimeSeparator":"","_EventTimeRangeSeparator":"","_EventOrganizerID":[],"_EventVenueID":[],"_OrganizerEmail":"","_OrganizerPhone":"","_OrganizerWebsite":"","_VenueAddress":"","_VenueCity":"","_VenueCountry":"","_VenueProvince":"","_VenueState":"","_VenueZip":"","_VenuePhone":"","_VenueURL":"","_VenueStateProvince":"","_VenueLat":"","_VenueLng":"","_VenueShowMap":false,"_VenueShowMapLink":false},"categories":[930,34],"tags":[267],"class_list":["post-32102","awf-news","type-awf-news","status-publish","has-post-thumbnail","hentry","category-ministerio-de-mujeres","category-news-es","tag-ministerio-de-mujeres"],"_links":{"self":[{"href":"https:\/\/awf.world\/es\/wp-json\/wp\/v2\/awf-news\/32102","targetHints":{"allow":["GET"]}}],"collection":[{"href":"https:\/\/awf.world\/es\/wp-json\/wp\/v2\/awf-news"}],"about":[{"href":"https:\/\/awf.world\/es\/wp-json\/wp\/v2\/types\/awf-news"}],"author":[{"embeddable":true,"href":"https:\/\/awf.world\/es\/wp-json\/wp\/v2\/users\/24"}],"wp:featuredmedia":[{"embeddable":true,"href":"https:\/\/awf.world\/es\/wp-json\/wp\/v2\/media\/32098"}],"wp:attachment":[{"href":"https:\/\/awf.world\/es\/wp-json\/wp\/v2\/media?parent=32102"}],"wp:term":[{"taxonomy":"category","embeddable":true,"href":"https:\/\/awf.world\/es\/wp-json\/wp\/v2\/categories?post=32102"},{"taxonomy":"post_tag","embeddable":true,"href":"https:\/\/awf.world\/es\/wp-json\/wp\/v2\/tags?post=32102"}],"curies":[{"name":"wp","href":"https:\/\/api.w.org\/{rel}","templated":true}]}}