{"id":32068,"date":"2023-01-10T14:06:37","date_gmt":"2023-01-10T17:06:37","guid":{"rendered":"https:\/\/awf.world\/awf-news\/el-ministerio-de-dios-y-mi-oportunidad-la-historia-detras-de-la-historia-de-mi-representacion-de-maria-la-madre-de-jesus\/"},"modified":"2023-01-17T11:29:13","modified_gmt":"2023-01-17T14:29:13","slug":"el-ministerio-de-dios-y-mi-oportunidad-la-historia-detras-de-la-historia-de-mi-representacion-de-maria-la-madre-de-jesus","status":"publish","type":"awf-news","link":"https:\/\/awf.world\/es\/awf-news\/el-ministerio-de-dios-y-mi-oportunidad-la-historia-detras-de-la-historia-de-mi-representacion-de-maria-la-madre-de-jesus\/","title":{"rendered":"La \u201cHistoria Detr\u00e1s de la Historia\u201d de mi Representaci\u00f3n de Mar\u00eda, la Madre de Jes\u00fas"},"content":{"rendered":"<p>Cuando recib\u00ed una invitaci\u00f3n para escribir y desarrollar una breve representaci\u00f3n de la vida de Mar\u00eda, la madre de Jes\u00fas, para el <a href=\"https:\/\/youtu.be\/xX_6yr4dJTs\" target=\"_blank\" rel=\"noopener\">evento de Acci\u00f3n de Gracias y Navidad<\/a> del <a href=\"https:\/\/awf.world\/es\/ministerios-de-mujeres-de-awf\/\" target=\"_blank\" rel=\"noopener\">Ministerio de Mujeres de AWF<\/a>, me sent\u00ed un poco abrumada. Estaba muy ocupada en ese momento y rechac\u00e9 la oportunidad, sin siquiera pedirle a Dios que me guiara. Pero el Se\u00f1or ten\u00eda otros planes.<\/p>\n<p>Jen Vogel, directora nacional de mujeres de la Alianza de Estados Unidos, se puso en contacto conmigo para que escribiera un breve retrato de la vida de Mar\u00eda, la madre de Jes\u00fas, desde el momento en que el \u00e1ngel de Dios se le apareci\u00f3 y le dijo que hab\u00eda sido elegida para ser la madre del Hijo de Dios hasta el tormento de ver c\u00f3mo lo crucificaban en aquella cruz cruel y fea, y luego presenciar c\u00f3mo la tumba quedaba vac\u00eda, cumpliendo su promesa de que resucitar\u00eda de entre los muertos al tercer d\u00eda. Pero yo estaba un poco abrumada. Estaba muy ocupada, viajando y haciendo representaciones, ayudando a mi hermana a llevar su Alojamiento y Desayuno (Bed &amp; Breakfast) en una \u00e9poca del a\u00f1o muy ajetreada, y manteni\u00e9ndome al d\u00eda con el funcionamiento de nuestra granja familiar. As\u00ed que le ped\u00ed disculpas a Jen y rechac\u00e9 la oportunidad, sin siquiera pedirle a Dios que me orientara.<\/p>\n<p>A medida que pasaban los d\u00edas, el Se\u00f1or no me dejaba descansar. No ten\u00eda paz en absoluto. S\u00f3lo pod\u00eda pensar en c\u00f3mo adaptar tres representaciones diferentes sobre Mar\u00eda y Jes\u00fas en una representaci\u00f3n de 13 minutos. Para m\u00ed, era demasiado para abordar en ese momento.<\/p>\n<p>Todos mis guiones de representaci\u00f3n vienen directamente de Dios, y no le hab\u00eda dado la oportunidad de darme esta breve representaci\u00f3n. Hab\u00eda cerrado completamente la puerta. \u00a1Pero Dios no hab\u00eda cerrado la puerta!<\/p>\n<p>Todos los d\u00edas camino por nuestra granja, oro y practico la representaci\u00f3n que voy a hacer esa semana o ese d\u00eda. Ese d\u00eda, mientras caminaba, Dios capt\u00f3 mi atenci\u00f3n y comenz\u00f3 a derramar esta breve representaci\u00f3n especial en mi coraz\u00f3n. Y antes de que me diera cuenta, me hab\u00eda dado todo el gui\u00f3n, \u00a1excepto el final! Era como si me dijera: \u201cDeber\u00edas haberle dicho \u2018s\u00ed\u2019 a Jen la primera vez y haber confiado en que yo te dar\u00eda el gui\u00f3n. Eso se llama fe. En vez de eso, recurriste a tu propia fuerza\u201d. Hable de ser puesto en mis zapatos. Dios tiene maneras de llamar nuestra atenci\u00f3n. \u00a1\u00c9l consigui\u00f3 la m\u00eda ese d\u00eda!<\/p>\n<p>Dios me dio este don hace 30 a\u00f1os. Yo no tuve nada que ver con la creaci\u00f3n de este ministerio, todo fue obra suya. Le dije que ir\u00eda a donde me pidiera para compartir su Palabra a trav\u00e9s del teatro. No estaba cumpliendo mi promesa.<\/p>\n<p>Me puse en contacto con Jen, le pregunt\u00e9 si la oportunidad segu\u00eda disponible y le cont\u00e9 lo que hab\u00eda pasado. Ella respondi\u00f3: \u201cLa plaza sigue abierta\u201d. \u00a1Alabado sea el Se\u00f1or!<\/p>\n<p><img loading=\"lazy\" decoding=\"async\" class=\"alignleft size-medium wp-image-32067\" src=\"https:\/\/awf.world\/wp-content\/uploads\/2023\/01\/LuAnne-Baker_Mary3-300x300.jpg\" alt=\"\" width=\"300\" height=\"300\" srcset=\"https:\/\/awf.world\/wp-content\/uploads\/2023\/01\/LuAnne-Baker_Mary3-300x300.jpg 300w, https:\/\/awf.world\/wp-content\/uploads\/2023\/01\/LuAnne-Baker_Mary3-150x150.jpg 150w, https:\/\/awf.world\/wp-content\/uploads\/2023\/01\/LuAnne-Baker_Mary3.jpg 530w\" sizes=\"auto, (max-width: 300px) 100vw, 300px\" \/>Tuve dos semanas para practicar y perfeccionar la representaci\u00f3n. Dos horas antes de la grabaci\u00f3n, Dios cambi\u00f3 mi final y puso el suyo, que era perfecto, por supuesto. Me encanta cuando Dios interviene. Es entonces cuando s\u00e9 que el Esp\u00edritu Santo tiene el control.<\/p>\n<p>S\u00f3lo tuvimos que hacer una toma. \u00bfPuedes creerlo? \u00a1Eso es todo Dios!<\/p>\n<p>Me siento tan humilde y honrada de que me haya permitido hacer esta representaci\u00f3n de Mar\u00eda a las mujeres de la Alianza de todo el mundo. \u00a1Doy toda la alabanza, honor y gloria a Dios!<\/p>\n<p><a href=\"https:\/\/youtu.be\/Wuk85ub5Su4\" target=\"_blank\" rel=\"noopener\">Haga clic aqu\u00ed<\/a> para ver la representaci\u00f3n.<\/p>\n","protected":false},"author":24,"featured_media":32094,"template":"","meta":{"inline_featured_image":false,"ngg_post_thumbnail":0,"_EventAllDay":false,"_EventTimezone":"","_EventStartDate":"","_EventEndDate":"","_EventStartDateUTC":"","_EventEndDateUTC":"","_EventShowMap":false,"_EventShowMapLink":false,"_EventURL":"","_EventCost":"","_EventCostDescription":"","_EventCurrencySymbol":"","_EventCurrencyCode":"","_EventCurrencyPosition":"","_EventDateTimeSeparator":"","_EventTimeRangeSeparator":"","_EventOrganizerID":[],"_EventVenueID":[],"_OrganizerEmail":"","_OrganizerPhone":"","_OrganizerWebsite":"","_VenueAddress":"","_VenueCity":"","_VenueCountry":"","_VenueProvince":"","_VenueState":"","_VenueZip":"","_VenuePhone":"","_VenueURL":"","_VenueStateProvince":"","_VenueLat":"","_VenueLng":"","_VenueShowMap":false,"_VenueShowMapLink":false},"categories":[930,34],"tags":[267],"class_list":["post-32068","awf-news","type-awf-news","status-publish","has-post-thumbnail","hentry","category-ministerio-de-mujeres","category-news-es","tag-ministerio-de-mujeres"],"_links":{"self":[{"href":"https:\/\/awf.world\/es\/wp-json\/wp\/v2\/awf-news\/32068","targetHints":{"allow":["GET"]}}],"collection":[{"href":"https:\/\/awf.world\/es\/wp-json\/wp\/v2\/awf-news"}],"about":[{"href":"https:\/\/awf.world\/es\/wp-json\/wp\/v2\/types\/awf-news"}],"author":[{"embeddable":true,"href":"https:\/\/awf.world\/es\/wp-json\/wp\/v2\/users\/24"}],"wp:featuredmedia":[{"embeddable":true,"href":"https:\/\/awf.world\/es\/wp-json\/wp\/v2\/media\/32094"}],"wp:attachment":[{"href":"https:\/\/awf.world\/es\/wp-json\/wp\/v2\/media?parent=32068"}],"wp:term":[{"taxonomy":"category","embeddable":true,"href":"https:\/\/awf.world\/es\/wp-json\/wp\/v2\/categories?post=32068"},{"taxonomy":"post_tag","embeddable":true,"href":"https:\/\/awf.world\/es\/wp-json\/wp\/v2\/tags?post=32068"}],"curies":[{"name":"wp","href":"https:\/\/api.w.org\/{rel}","templated":true}]}}