{"id":32052,"date":"2022-12-13T15:23:27","date_gmt":"2022-12-13T18:23:27","guid":{"rendered":"https:\/\/awf.world\/awf-news\/movilizando-a-la-region-asia-pacifico-para-cooperar-en-las-misiones\/"},"modified":"2023-07-18T11:51:16","modified_gmt":"2023-07-18T14:51:16","slug":"movilizando-a-la-region-asia-pacifico-para-cooperar-en-las-misiones","status":"publish","type":"awf-news","link":"https:\/\/awf.world\/es\/awf-news\/movilizando-a-la-region-asia-pacifico-para-cooperar-en-las-misiones\/","title":{"rendered":"Movilizando a la Regi\u00f3n Asia Pac\u00edfico para Cooperar en las Misiones"},"content":{"rendered":"<h3 style=\"text-align: justify;\">Dios est\u00e1 abriendo puertas para que la Alianza mundial fortalezca la cooperaci\u00f3n en misiones con su \u00e9nfasis en las Misiones de la Di\u00e1spora, el Socorro y Desarrollo, y los Negocios como Misi\u00f3n. La Conferencia Regional AWF 2022 de las Iglesias de la Alianza de Asia Pac\u00edfico (APAC) permiti\u00f3 a los participantes debatir y planificar los pr\u00f3ximos pasos para fomentar la cooperaci\u00f3n entre las iglesias nacionales.<\/h3>\n<figure id=\"attachment_32014\" aria-describedby=\"caption-attachment-32014\" style=\"width: 300px\" class=\"wp-caption alignright\"><img loading=\"lazy\" decoding=\"async\" class=\"wp-image-32014 size-medium\" src=\"https:\/\/awf.world\/wp-content\/uploads\/2022\/12\/APAC-Regional-Conference_Seoul-Korea_2022-1129-300x225.jpg\" alt=\"\" width=\"300\" height=\"225\" srcset=\"https:\/\/awf.world\/wp-content\/uploads\/2022\/12\/APAC-Regional-Conference_Seoul-Korea_2022-1129-300x225.jpg 300w, https:\/\/awf.world\/wp-content\/uploads\/2022\/12\/APAC-Regional-Conference_Seoul-Korea_2022-1129-1024x768.jpg 1024w, https:\/\/awf.world\/wp-content\/uploads\/2022\/12\/APAC-Regional-Conference_Seoul-Korea_2022-1129-768x576.jpg 768w, https:\/\/awf.world\/wp-content\/uploads\/2022\/12\/APAC-Regional-Conference_Seoul-Korea_2022-1129-1536x1152.jpg 1536w, https:\/\/awf.world\/wp-content\/uploads\/2022\/12\/APAC-Regional-Conference_Seoul-Korea_2022-1129.jpg 2048w\" sizes=\"auto, (max-width: 300px) 100vw, 300px\" \/><figcaption id=\"caption-attachment-32014\" class=\"wp-caption-text\">Dr. Stanley John<\/figcaption><\/figure>\n<p>El Dr. Stanley John, del Seminario Teol\u00f3gico de la Alianza, ponente principal del tema \u201cMisiones en un mundo en constante cambio\u201d, utiliz\u00f3 el libro de los Hechos para explicar c\u00f3mo los trabajadores emigrantes empleaban sus habilidades vocacionales y oficios para ganarse la vida a la vez que difund\u00edan el evangelio. Se expusieron los principios y aplicaciones de esos textos para que la iglesia pueda ser eficaz en su proclamaci\u00f3n del evangelio en la actualidad.<\/p>\n<figure id=\"attachment_32017\" aria-describedby=\"caption-attachment-32017\" style=\"width: 300px\" class=\"wp-caption alignleft\"><img loading=\"lazy\" decoding=\"async\" class=\"wp-image-32017 size-medium\" src=\"https:\/\/awf.world\/wp-content\/uploads\/2022\/12\/APAC-Regional-Conference_Seoul-Korea_2022-1135-300x225.jpg\" alt=\"\" width=\"300\" height=\"225\" srcset=\"https:\/\/awf.world\/wp-content\/uploads\/2022\/12\/APAC-Regional-Conference_Seoul-Korea_2022-1135-300x225.jpg 300w, https:\/\/awf.world\/wp-content\/uploads\/2022\/12\/APAC-Regional-Conference_Seoul-Korea_2022-1135-1024x768.jpg 1024w, https:\/\/awf.world\/wp-content\/uploads\/2022\/12\/APAC-Regional-Conference_Seoul-Korea_2022-1135-768x576.jpg 768w, https:\/\/awf.world\/wp-content\/uploads\/2022\/12\/APAC-Regional-Conference_Seoul-Korea_2022-1135-1536x1152.jpg 1536w, https:\/\/awf.world\/wp-content\/uploads\/2022\/12\/APAC-Regional-Conference_Seoul-Korea_2022-1135.jpg 2048w\" sizes=\"auto, (max-width: 300px) 100vw, 300px\" \/><figcaption id=\"caption-attachment-32017\" class=\"wp-caption-text\">Dr. Peter Laughlin<\/figcaption><\/figure>\n<p>El presidente del <a href=\"https:\/\/awf.world\/es\/educacion-teologica\/\" target=\"_blank\" rel=\"noopener\">ICTE-AWF<\/a>, Dr. Peter Laughlin, present\u00f3 el <a href=\"https:\/\/awf.world\/es\/awf-news\/manifiesto-de-guayaquil\/\" target=\"_blank\" rel=\"noopener\">Manifiesto de Guayaquil<\/a>, aprobado en la \u00faltima Cuadrienal de la AWF. Facilit\u00f3 talleres en los que se trataron cuestiones clave relacionadas con los retos a los que se enfrenta hoy la Alianza como movimiento misionero.<\/p>\n<p>El evento contribuy\u00f3 al desarrollo de la cooperaci\u00f3n entre l\u00edderes hacia las misiones. Talleres con temas como <a href=\"https:\/\/awf.world\/es\/socorro-y-desarrollo\/\" target=\"_blank\" rel=\"noopener\">Socorro y Desarrollo<\/a> (Mark Jones, Canad\u00e1, y Pak Nehemiah, Indonesia) y <a href=\"https:\/\/awf.world\/es\/mision\/\" target=\"_blank\" rel=\"noopener\">Negocios como Misi\u00f3n<\/a> (Bao Her, EE.UU.) desafiaron a los participantes a pensar y entender las misiones de forma innovadora, centr\u00e1ndose en los l\u00edderes procedentes de la di\u00e1spora. Se crearon grupos de conversaci\u00f3n basados en el idioma y el ministerio para dialogar cuestiones cr\u00edticas. Dios utiliz\u00f3 las experiencias compartidas para inspirar y animar a los l\u00edderes a trabajar juntos.<\/p>\n<p><img loading=\"lazy\" decoding=\"async\" class=\"alignright size-medium wp-image-32020\" src=\"https:\/\/awf.world\/wp-content\/uploads\/2022\/12\/APAC-Regional-Conference_Seoul-Korea_2022-1117-300x225.jpg\" alt=\"\" width=\"300\" height=\"225\" srcset=\"https:\/\/awf.world\/wp-content\/uploads\/2022\/12\/APAC-Regional-Conference_Seoul-Korea_2022-1117-300x225.jpg 300w, https:\/\/awf.world\/wp-content\/uploads\/2022\/12\/APAC-Regional-Conference_Seoul-Korea_2022-1117-1024x768.jpg 1024w, https:\/\/awf.world\/wp-content\/uploads\/2022\/12\/APAC-Regional-Conference_Seoul-Korea_2022-1117-768x576.jpg 768w, https:\/\/awf.world\/wp-content\/uploads\/2022\/12\/APAC-Regional-Conference_Seoul-Korea_2022-1117-1536x1152.jpg 1536w, https:\/\/awf.world\/wp-content\/uploads\/2022\/12\/APAC-Regional-Conference_Seoul-Korea_2022-1117.jpg 2048w\" sizes=\"auto, (max-width: 300px) 100vw, 300px\" \/><\/p>\n<p>Uno de los aspectos m\u00e1s destacados de la conferencia fue la comuni\u00f3n y el amor fraternal que mostr\u00f3 la reuni\u00f3n de APAC por los creyentes que hab\u00edan huido de Corea del Norte. Los asistentes disfrutaron de bailes culturales, canciones y testimonios de la gracia de Dios por parte de la congregaci\u00f3n norcoreana, al tiempo que se percataron de las atenciones del equipo local, que inclu\u00edan comidas y cenas diarias.<\/p>\n<p>En la sesi\u00f3n de trabajo, los presidentes y representantes nacionales expusieron c\u00f3mo est\u00e1 obrando el Se\u00f1or en la regi\u00f3n de APAC y c\u00f3mo pueden apoyarse mutuamente en la oraci\u00f3n. Las televisiones locales entrevistaron al presidente de la AWF, Jura Yanagihara, y al coordinador regional de APAC, Ken Graham, sobre la ACyM y el prop\u00f3sito y la direcci\u00f3n de la AWF y la regi\u00f3n de Asia Pac\u00edfico.<\/p>\n<p>La conferencia se celebr\u00f3 en Se\u00fal, Corea del Sur, del 1 al 4 de noviembre de 2022. Participaron m\u00e1s de 70 delegados de las iglesias nacionales, obreros internacionales y la familia m\u00e1s amplia de la AWF, junto con los de la iglesia nacional anfitriona de la Alianza de Corea. Despu\u00e9s de todas las restricciones de COVID-19, los delegados estaban agradecidos de estar f\u00edsicamente juntos una vez m\u00e1s. El \u00faltimo d\u00eda de la conferencia, los asistentes visitaron la isla de Nami, cerca de Se\u00fal. La isla es famosa por su forma de medialuna. La pr\u00f3xima reuni\u00f3n regional de APAC est\u00e1 prevista para noviembre de 2024.<\/p>\n<p><img loading=\"lazy\" decoding=\"async\" class=\"aligncenter size-full wp-image-32023\" src=\"https:\/\/awf.world\/wp-content\/uploads\/2022\/12\/APAC-Regional-Conference_Seoul-Korea_2022-1125-scaled.jpg\" alt=\"\" width=\"2560\" height=\"1612\" srcset=\"https:\/\/awf.world\/wp-content\/uploads\/2022\/12\/APAC-Regional-Conference_Seoul-Korea_2022-1125-scaled.jpg 2560w, https:\/\/awf.world\/wp-content\/uploads\/2022\/12\/APAC-Regional-Conference_Seoul-Korea_2022-1125-300x189.jpg 300w, https:\/\/awf.world\/wp-content\/uploads\/2022\/12\/APAC-Regional-Conference_Seoul-Korea_2022-1125-1024x645.jpg 1024w, https:\/\/awf.world\/wp-content\/uploads\/2022\/12\/APAC-Regional-Conference_Seoul-Korea_2022-1125-768x484.jpg 768w, https:\/\/awf.world\/wp-content\/uploads\/2022\/12\/APAC-Regional-Conference_Seoul-Korea_2022-1125-1536x967.jpg 1536w\" sizes=\"auto, (max-width: 2560px) 100vw, 2560px\" \/><\/p>\n","protected":false},"author":24,"featured_media":32031,"template":"","meta":{"inline_featured_image":false,"ngg_post_thumbnail":0,"_EventAllDay":false,"_EventTimezone":"","_EventStartDate":"","_EventEndDate":"","_EventStartDateUTC":"","_EventEndDateUTC":"","_EventShowMap":false,"_EventShowMapLink":false,"_EventURL":"","_EventCost":"","_EventCostDescription":"","_EventCurrencySymbol":"","_EventCurrencyCode":"","_EventCurrencyPosition":"","_EventDateTimeSeparator":"","_EventTimeRangeSeparator":"","_EventOrganizerID":[],"_EventVenueID":[],"_OrganizerEmail":"","_OrganizerPhone":"","_OrganizerWebsite":"","_VenueAddress":"","_VenueCity":"","_VenueCountry":"","_VenueProvince":"","_VenueState":"","_VenueZip":"","_VenuePhone":"","_VenueURL":"","_VenueStateProvince":"","_VenueLat":"","_VenueLng":"","_VenueShowMap":false,"_VenueShowMapLink":false},"categories":[106,192,34],"tags":[649],"class_list":["post-32052","awf-news","type-awf-news","status-publish","has-post-thumbnail","hentry","category-apac-es","category-mission-es","category-news-es","tag-asia-pacifico"],"_links":{"self":[{"href":"https:\/\/awf.world\/es\/wp-json\/wp\/v2\/awf-news\/32052","targetHints":{"allow":["GET"]}}],"collection":[{"href":"https:\/\/awf.world\/es\/wp-json\/wp\/v2\/awf-news"}],"about":[{"href":"https:\/\/awf.world\/es\/wp-json\/wp\/v2\/types\/awf-news"}],"author":[{"embeddable":true,"href":"https:\/\/awf.world\/es\/wp-json\/wp\/v2\/users\/24"}],"wp:featuredmedia":[{"embeddable":true,"href":"https:\/\/awf.world\/es\/wp-json\/wp\/v2\/media\/32031"}],"wp:attachment":[{"href":"https:\/\/awf.world\/es\/wp-json\/wp\/v2\/media?parent=32052"}],"wp:term":[{"taxonomy":"category","embeddable":true,"href":"https:\/\/awf.world\/es\/wp-json\/wp\/v2\/categories?post=32052"},{"taxonomy":"post_tag","embeddable":true,"href":"https:\/\/awf.world\/es\/wp-json\/wp\/v2\/tags?post=32052"}],"curies":[{"name":"wp","href":"https:\/\/api.w.org\/{rel}","templated":true}]}}