{"id":32051,"date":"2022-12-13T16:10:21","date_gmt":"2022-12-13T19:10:21","guid":{"rendered":"https:\/\/awf.world\/awf-news\/herencia-y-legado-125-anos-de-la-acym-en-argentina\/"},"modified":"2024-02-07T14:19:53","modified_gmt":"2024-02-07T17:19:53","slug":"125-anos-de-la-acym-en-argentina","status":"publish","type":"awf-news","link":"https:\/\/awf.world\/es\/awf-news\/125-anos-de-la-acym-en-argentina\/","title":{"rendered":"Herencia y Legado: 125 A\u00f1os de la ACyM en Argentina"},"content":{"rendered":"<p style=\"text-align: justify;\"><strong>Pastores y l\u00edderes de las iglesias de la Alianza de Argentina y Am\u00e9rica Latina se reunieron en noviembre de 2022 para celebrar los 125 a\u00f1os de historia de la Alianza Cristiana y Misionera de Argentina y reconocer a aquellos que han ayudado a construir y hacer crecer la ACyM en ese pa\u00eds.<\/strong><\/p>\n<p>Pastores y l\u00edderes de iglesias regionales de la Alianza se reunieron en el marco de la celebraci\u00f3n de la 51\u00aa Convenci\u00f3n y Asamblea Nacional, el 11 y 12 de noviembre de 2022, para celebrar 125 a\u00f1os de historia compartida. El tema central de la convenci\u00f3n en Buenos Aires fue Herencia y Legado, y en el evento se hizo un merecido reconocimiento a la labor y trayectoria acad\u00e9mica del Instituto B\u00edblico de Buenos Aires (IBBA) por su valioso aporte a la comunidad cristiana evang\u00e9lica durante los 100 a\u00f1os de existencia del IBBA.<\/p>\n<p>A partir de rese\u00f1as hist\u00f3ricas, fotos, datos y gr\u00e1ficos explicativos, los participantes pudieron tener una clara comprensi\u00f3n de la historia de la <a href=\"https:\/\/awf.world\/es\/country-description\/argentina\/\" target=\"_blank\" rel=\"noopener\">ACyM en Argentina<\/a> desde 1897 hasta 2022. El pastor Daniel Fanderwud, presidente de la iglesia nacional, habl\u00f3 de la importancia de \u201cvalorar y contar las historias de los h\u00e9roes de la fe que, preocupados por llevar el mensaje de Dios, abrieron brechas y caminos para que hoy tengamos iglesias establecidas en nuestras comunidades\u201d. Record\u00f3 a los misioneros Samuel y Vera Barnes, que llegaron a Argentina a principios del siglo XX para dar forma oficial a lo que hoy en el pa\u00eds conocemos como la Alianza Cristiana y Misionera.<\/p>\n<p>Las sesiones plenarias, tanto devocionales como de oraci\u00f3n, se centraron en la misma visi\u00f3n. Y al final de la jornada, el 11 de noviembre, se celebr\u00f3 la Cena del Se\u00f1or, un momento dedicado a la exaltaci\u00f3n y al culto corporativo que marca los 125 a\u00f1os de historia compartida.<\/p>\n<p>En un culto de acci\u00f3n de gracias celebrado el s\u00e1bado 12 de noviembre, el pastor Jura Yanagihara, presidente de la AWF, record\u00f3 que la iglesia Alianza de Argentina es la iglesia Alianza m\u00e1s antigua de Am\u00e9rica Latina. Con alegr\u00eda, reconoci\u00f3 la mano del Se\u00f1or que acompa\u00f1\u00f3 a los miembros a lo largo de esta peregrinaci\u00f3n. \u201cTodos los que participan de esta celebraci\u00f3n son la prueba viviente de c\u00f3mo Dios ha obrado de manera maravillosa a trav\u00e9s de esta familia de la Alianza en Argentina\u201d, dijo Jura. La ACyM es una familia que tiene una herencia y una ra\u00edz com\u00fan, y por eso, explic\u00f3, es importante conocer lo que los miembros de la familia est\u00e1n haciendo en diferentes partes del mundo. Jura ofreci\u00f3 a la Asamblea Nacional una visi\u00f3n general de los objetivos alcanzados a nivel mundial por la ACyM y habl\u00f3 de la transformaci\u00f3n que se ha producido en las \u00faltimas d\u00e9cadas.<\/p>\n<p>Uno de los actos m\u00e1s emotivos de la convenci\u00f3n fue el reconocimiento a quienes portaron la antorcha y se entregaron a la labor que nuestro Padre Celestial les encomend\u00f3. Los presidentes nacionales fueron los primeros en recibir placas conmemorativas, destacando los nombres de Alejandro Fanderwud, Rogelio Nonini y Alfredo Smith, entre otros. Varias placas fueron recibidas por sus hijos, nietos e incluso por el propio expresidente Rogelio Nonini. Otros presidentes nacionales homenajeados por su servicio a la Alianza de Argentina fueron Juan S\u00e1nchez, Humberto Garrido, Jorge Bernardini, Guillermo Gitz, Roberto Papa, G\u00fcilfredo Fanderwud y F\u00e9lix Jim\u00e9nez.<\/p>\n<p>Del mismo modo, durante el reconocimiento de los 100 a\u00f1os del IBBA, se honr\u00f3 la memoria de los predecesores que dirigieron el instituto b\u00edblico. Hubo menciones especiales para Samuel Barnes y Jorge Little. Tambi\u00e9n se honr\u00f3 a los rectores del seminario: Jack Shannon, Myron Voth, Vernon Caston, Daniel Reigel Esteban Voth, Vilmar Casal, Eduardo Tat\u00e1ngelo, Walter P\u00e9rez y Jos\u00e9 Fonseca.<\/p>\n<p>Dejando una herencia y un legado espiritual para los que vienen despu\u00e9s de nosotros, los que recibir\u00e1n esta antorcha en las pr\u00f3ximas generaciones, seguir\u00e1 siendo el objetivo hasta que nuestro Rey Jesucristo vuelva.<\/p>\n","protected":false},"author":24,"featured_media":32035,"template":"","meta":{"inline_featured_image":false,"ngg_post_thumbnail":0,"_EventAllDay":false,"_EventTimezone":"","_EventStartDate":"","_EventEndDate":"","_EventStartDateUTC":"","_EventEndDateUTC":"","_EventShowMap":false,"_EventShowMapLink":false,"_EventURL":"","_EventCost":"","_EventCostDescription":"","_EventCurrencySymbol":"","_EventCurrencyCode":"","_EventCurrencyPosition":"","_EventDateTimeSeparator":"","_EventTimeRangeSeparator":"","_EventOrganizerID":[],"_EventVenueID":[],"_OrganizerEmail":"","_OrganizerPhone":"","_OrganizerWebsite":"","_VenueAddress":"","_VenueCity":"","_VenueCountry":"","_VenueProvince":"","_VenueState":"","_VenueZip":"","_VenuePhone":"","_VenueURL":"","_VenueStateProvince":"","_VenueLat":"","_VenueLng":"","_VenueShowMap":false,"_VenueShowMapLink":false},"categories":[99,34],"tags":[404],"class_list":["post-32051","awf-news","type-awf-news","status-publish","has-post-thumbnail","hentry","category-latin-america-es","category-news-es","tag-argentina-es"],"_links":{"self":[{"href":"https:\/\/awf.world\/es\/wp-json\/wp\/v2\/awf-news\/32051","targetHints":{"allow":["GET"]}}],"collection":[{"href":"https:\/\/awf.world\/es\/wp-json\/wp\/v2\/awf-news"}],"about":[{"href":"https:\/\/awf.world\/es\/wp-json\/wp\/v2\/types\/awf-news"}],"author":[{"embeddable":true,"href":"https:\/\/awf.world\/es\/wp-json\/wp\/v2\/users\/24"}],"wp:featuredmedia":[{"embeddable":true,"href":"https:\/\/awf.world\/es\/wp-json\/wp\/v2\/media\/32035"}],"wp:attachment":[{"href":"https:\/\/awf.world\/es\/wp-json\/wp\/v2\/media?parent=32051"}],"wp:term":[{"taxonomy":"category","embeddable":true,"href":"https:\/\/awf.world\/es\/wp-json\/wp\/v2\/categories?post=32051"},{"taxonomy":"post_tag","embeddable":true,"href":"https:\/\/awf.world\/es\/wp-json\/wp\/v2\/tags?post=32051"}],"curies":[{"name":"wp","href":"https:\/\/api.w.org\/{rel}","templated":true}]}}