{"id":31974,"date":"2022-12-05T18:13:46","date_gmt":"2022-12-05T21:13:46","guid":{"rendered":"https:\/\/awf.world\/awf-news\/compartiendo-la-historia-y-el-pensamiento-de-la-acym-en-centroamerica\/"},"modified":"2023-01-17T11:35:40","modified_gmt":"2023-01-17T14:35:40","slug":"compartiendo-la-historia-y-el-pensamiento-de-la-acym-en-centroamerica","status":"publish","type":"awf-news","link":"https:\/\/awf.world\/es\/awf-news\/compartiendo-la-historia-y-el-pensamiento-de-la-acym-en-centroamerica\/","title":{"rendered":"Compartiendo la Historia y el Pensamiento de la ACyM en Centroam\u00e9rica"},"content":{"rendered":"<h3 style=\"text-align: justify;\">En el norte de la regi\u00f3n de Chalatenango, en El Salvador, se celebr\u00f3 el Congreso Centroamericano Aliancista del 19 al 23 de septiembre de 2022. Participaron alrededor de 90 representantes del liderazgo de las iglesias de Costa Rica, El Salvador, Guatemala, Honduras y Nicaragua.<\/h3>\n<p><img loading=\"lazy\" decoding=\"async\" class=\"alignright size-medium wp-image-31968\" src=\"https:\/\/awf.world\/wp-content\/uploads\/2022\/12\/Curso_Historia-y-Pensamiento-de-la-Alianza_Centroamerica_2022-092-1-300x135.jpeg\" alt=\"\" width=\"300\" height=\"135\" srcset=\"https:\/\/awf.world\/wp-content\/uploads\/2022\/12\/Curso_Historia-y-Pensamiento-de-la-Alianza_Centroamerica_2022-092-1-300x135.jpeg 300w, https:\/\/awf.world\/wp-content\/uploads\/2022\/12\/Curso_Historia-y-Pensamiento-de-la-Alianza_Centroamerica_2022-092-1-1024x461.jpeg 1024w, https:\/\/awf.world\/wp-content\/uploads\/2022\/12\/Curso_Historia-y-Pensamiento-de-la-Alianza_Centroamerica_2022-092-1-768x346.jpeg 768w, https:\/\/awf.world\/wp-content\/uploads\/2022\/12\/Curso_Historia-y-Pensamiento-de-la-Alianza_Centroamerica_2022-092-1.jpeg 1280w\" sizes=\"auto, (max-width: 300px) 100vw, 300px\" \/><\/p>\n<p>Durante este evento se comparti\u00f3 el curso sobre la \u201cHistoria y Pensamiento de la ACyM\u201d a cargo del pastor chileno Cristian Salgado, quien particip\u00f3 en la primera capacitaci\u00f3n de <a href=\"https:\/\/awf.world\/es\/awf-news\/iniciativa-de-capacitacion-de-la-awf-icte-para-jovenes-educadores\/\" target=\"_blank\" rel=\"noopener\">J\u00f3venes Acad\u00e9micos<\/a> de ICTE de AWF en 2019. Este curso forma parte del esfuerzo que la Confraternidad Mundial de la Alianza (AWF) est\u00e1 realizando para fortalecer la identidad de la Alianza a trav\u00e9s de una reflexi\u00f3n basada en la vida y el ministerio de nuestro fundador, A.B. Simpson. Adem\u00e1s, la AWF tambi\u00e9n quiere fortalecer los aspectos teol\u00f3gicos de la Alianza basados en la centralidad de Cristo en la vida y misi\u00f3n de la iglesia.<\/p>\n<p>El pastor Merari Rodr\u00edguez, presidente del Compa\u00f1erismo Centroamericano Aliancista (CCA) y de la ACyM de Guatemala, fue uno de los participantes en el evento. Coment\u00f3 que \u201cresult\u00f3 ser un tema muy pertinente. La ACyM en Centroam\u00e9rica tiene diferentes ra\u00edces denominacionales y doctrinales, por lo que este curso contribuye a fortalecer la unidad de la iglesia basada en una identidad com\u00fan con s\u00f3lidas ra\u00edces hist\u00f3ricas y doctrinales sustentadas en la persona de Jesucristo\u201d.<\/p>\n<p>Del mismo modo, el pastor Jimmy Choguaj, de la ACyM guatemalteca, dijo que \u201cel ministerio de Simpson parece muy relevante para las necesidades actuales de la misi\u00f3n, en especial considerando su creatividad y amplitud\u201d. Tambi\u00e9n mencion\u00f3 que estaba \u201cle sorprendi\u00f3 gratamente que estrategias que hoy se consideran innovadoras ya eran aplicadas por A.B. Simpson, especialmente en su ministerio en Nueva York\u201d.<\/p>\n<p>Ricardo Aburto, l\u00edder y consejero de la ACyM Betania, en Managua, la capital de Nicaragua, coment\u00f3 que \u201cestudiar la vida y trayectoria de A.B. Simpson comprendiendo c\u00f3mo entreg\u00f3 su vida a Dios respondiendo al llamado, su b\u00fasqueda continua de santidad, el enfoque y la visi\u00f3n que nunca perdi\u00f3, el amor a las almas sin distinci\u00f3n y el esp\u00edritu misionero que siempre mantuvo, es un ejemplo digno de imitar, y nos invita a reflexionar en nuestra responsabilidad de proclamar el Reino de Dios haciendo obras de misericordia al necesitado sin acepci\u00f3n\u201d. Por ello, considera adem\u00e1s que \u201ceste material deber\u00eda ser compartido a los pastores de cada congregaci\u00f3n de la Alianza, con el objetivo de incentivar a cada miembro a vivir una vida consagrada a Dios\u201d.<\/p>\n<p>\u201cPersonalmente no sab\u00eda la historia de la denominaci\u00f3n a la que pertenezco, y puedo afirmar que fue de mucho provecho y aprendizaje, pues no s\u00f3lo se trata de datos a trav\u00e9s del tiempo, sino de la vivencia llena de experiencias victoriosas como tambi\u00e9n amargas y dolorosas de quienes fundaron la Alianza\u201d, dijo la hermana Mirian Palma, de Honduras. \u201cMe parece que nuestra iglesia tiene una historia similar a la de la iglesia primitiva y saberlo me da mucha seguridad. Seguimos una sana doctrina y estamos sobre fundamentos s\u00f3lidos pues es la misma Palabra de Dios su base fundamental\u201d, continu\u00f3. \u201cEn poco tiempo aprend\u00ed much\u00edsimo. Son temas cargados de informaci\u00f3n y el expositor lo hizo muy ameno. Gracias por esta experiencia de conocimiento, compa\u00f1erismo y de bendici\u00f3n\u201d.<\/p>\n<p>Otro de los participantes, el pastor Mario Barboza, rector del Seminario Ministerial Centroamericano Alianza (SEMMCA), mencion\u00f3: \u201cEste taller fue de mucha pertinencia para todos y cada uno de los l\u00edderes que estuvieron presentes. En primer lugar, ofreci\u00f3 una panor\u00e1mica amplia sobre la historia y el pensamiento de la ACyM; en segundo lugar, refresc\u00f3 y ampli\u00f3 los aspectos m\u00e1s relevantes en cuanto al pensamiento de Simpson en relaci\u00f3n con el Evangelio Cu\u00e1druple; y en tercer lugar, ayud\u00f3 a afirmar la identidad aliancista en los l\u00edderes y pastores centroamericanos\u201d.<\/p>\n<p>El CCA actualmente est\u00e1 desarrollando una estrategia de expansi\u00f3n a trav\u00e9s de la plantaci\u00f3n de nuevas iglesias, y un plan de fortalecimiento formativo a trav\u00e9s del SEMMCA. Est\u00e1n planificando nuevas formas de cooperaci\u00f3n en estas \u00e1reas para el 2023, extendiendo el curso \u201cHistoria y Pensamiento de la ACyM\u201d para ser impartido en las iglesias y como materia a nivel del seminario.<\/p>\n<p><img loading=\"lazy\" decoding=\"async\" class=\"aligncenter size-large wp-image-31971\" src=\"https:\/\/awf.world\/wp-content\/uploads\/2022\/12\/Curso_Historia-y-Pensamiento-de-la-Alianza_Centroamerica_2022-094-1024x410.jpeg\" alt=\"\" width=\"843\" height=\"338\" srcset=\"https:\/\/awf.world\/wp-content\/uploads\/2022\/12\/Curso_Historia-y-Pensamiento-de-la-Alianza_Centroamerica_2022-094-1024x410.jpeg 1024w, https:\/\/awf.world\/wp-content\/uploads\/2022\/12\/Curso_Historia-y-Pensamiento-de-la-Alianza_Centroamerica_2022-094-300x120.jpeg 300w, https:\/\/awf.world\/wp-content\/uploads\/2022\/12\/Curso_Historia-y-Pensamiento-de-la-Alianza_Centroamerica_2022-094-768x307.jpeg 768w, https:\/\/awf.world\/wp-content\/uploads\/2022\/12\/Curso_Historia-y-Pensamiento-de-la-Alianza_Centroamerica_2022-094.jpeg 1280w\" sizes=\"auto, (max-width: 843px) 100vw, 843px\" \/><\/p>\n<p>Sigamos orando para que el Se\u00f1or gu\u00ede y fortalezca a las iglesias de la Alianza en Centroam\u00e9rica.<\/p>\n","protected":false},"author":24,"featured_media":31967,"template":"","meta":{"inline_featured_image":false,"ngg_post_thumbnail":0,"_EventAllDay":false,"_EventTimezone":"","_EventStartDate":"","_EventEndDate":"","_EventStartDateUTC":"","_EventEndDateUTC":"","_EventShowMap":false,"_EventShowMapLink":false,"_EventURL":"","_EventCost":"","_EventCostDescription":"","_EventCurrencySymbol":"","_EventCurrencyCode":"","_EventCurrencyPosition":"","_EventDateTimeSeparator":"","_EventTimeRangeSeparator":"","_EventOrganizerID":[],"_EventVenueID":[],"_OrganizerEmail":"","_OrganizerPhone":"","_OrganizerWebsite":"","_VenueAddress":"","_VenueCity":"","_VenueCountry":"","_VenueProvince":"","_VenueState":"","_VenueZip":"","_VenuePhone":"","_VenueURL":"","_VenueStateProvince":"","_VenueLat":"","_VenueLng":"","_VenueShowMap":false,"_VenueShowMapLink":false},"categories":[99,854,34],"tags":[232],"class_list":["post-31974","awf-news","type-awf-news","status-publish","has-post-thumbnail","hentry","category-latin-america-es","category-educacion-teologica","category-news-es","tag-educacion-teologica"],"_links":{"self":[{"href":"https:\/\/awf.world\/es\/wp-json\/wp\/v2\/awf-news\/31974","targetHints":{"allow":["GET"]}}],"collection":[{"href":"https:\/\/awf.world\/es\/wp-json\/wp\/v2\/awf-news"}],"about":[{"href":"https:\/\/awf.world\/es\/wp-json\/wp\/v2\/types\/awf-news"}],"author":[{"embeddable":true,"href":"https:\/\/awf.world\/es\/wp-json\/wp\/v2\/users\/24"}],"wp:featuredmedia":[{"embeddable":true,"href":"https:\/\/awf.world\/es\/wp-json\/wp\/v2\/media\/31967"}],"wp:attachment":[{"href":"https:\/\/awf.world\/es\/wp-json\/wp\/v2\/media?parent=31974"}],"wp:term":[{"taxonomy":"category","embeddable":true,"href":"https:\/\/awf.world\/es\/wp-json\/wp\/v2\/categories?post=31974"},{"taxonomy":"post_tag","embeddable":true,"href":"https:\/\/awf.world\/es\/wp-json\/wp\/v2\/tags?post=31974"}],"curies":[{"name":"wp","href":"https:\/\/api.w.org\/{rel}","templated":true}]}}