{"id":31902,"date":"2022-11-17T15:35:35","date_gmt":"2022-11-17T18:35:35","guid":{"rendered":"https:\/\/awf.world\/awf-news\/simposio-de-teologia-de-la-alianza-historia-teologia-y-mision-de-la-acym\/"},"modified":"2023-01-18T09:32:23","modified_gmt":"2023-01-18T12:32:23","slug":"simposio-de-teologia-de-la-alianza-historia-teologia-y-mision-de-la-acym","status":"publish","type":"awf-news","link":"https:\/\/awf.world\/es\/awf-news\/simposio-de-teologia-de-la-alianza-historia-teologia-y-mision-de-la-acym\/","title":{"rendered":"Simposio de Teolog\u00eda de la Alianza \u201cHistoria, Teolog\u00eda y Misi\u00f3n de la ACyM\u201d"},"content":{"rendered":"<p>La <a href=\"https:\/\/awf.world\/es\/educacion-teologica\/\" target=\"_blank\" rel=\"noopener\">Comisi\u00f3n Internacional de Educaci\u00f3n Teol\u00f3gica de AWF (ICTE)<\/a> est\u00e1 organizando un simposio teol\u00f3gico para la comunidad mundial de la Alianza los d\u00edas 26 y 27 de junio de 2023, en Toulouse, Francia. Se invita a acad\u00e9micos, pastores, l\u00edderes y otros que deseen contribuir al trabajo de la Alianza a proponer una ponencia para el Simposio antes del 31 de enero del 2023. La aceptaci\u00f3n de las ponencias se comunicar\u00e1 a medida que se reciban las propuestas. Las presentaciones ser\u00e1n de 20 minutos, con 5-10 minutos adicionales para preguntas e interacci\u00f3n. Se espera que una selecci\u00f3n de ponencias de la conferencia se publique posteriormente en un volumen editado.<\/p>\n<p>Ya est\u00e1 abierta la convocatoria de ponencias sobre temas relacionados con la historia, el pensamiento y la misi\u00f3n de la ACyM. Los trabajos que aborden cualquier aspecto de estos temas son bienvenidos.<\/p>\n<p>Tenga en cuenta que los presentadores deber\u00e1n inscribirse en el simposio <u>y estar preparados para presentar en persona<\/u>. Las presentaciones en l\u00ednea pueden ser organizadas s\u00f3lo para aquellos que no puedan asistir en persona debido a restricciones de visado o de viaje. La inscripci\u00f3n para el simposio se abrir\u00e1 a principios del 2023.<\/p>\n<p>Dependiendo del n\u00famero y de la calidad de las presentaciones recibidas, puede que no sea posible aceptar todos los trabajos propuestos.<\/p>\n<p><strong>Directrices Para las Propuestas de Ponencias<\/strong><\/p>\n<p>El t\u00edtulo de la presentaci\u00f3n propuesta, con un resumen de 250-300 palabras, deber\u00e1 enviarse al presidente del ICTE, el Profesor Asociado Peter Laughlin (<a href=\"mailto:plaughlin@acom.edu.au\" target=\"_blank\" rel=\"noopener\">plaughlin@acom.edu.au<\/a>), antes del 31 de enero del 2023. Los env\u00edos deber\u00e1n ir acompa\u00f1ados de los datos de contacto: nombre, t\u00edtulo, cargo, n\u00famero de tel\u00e9fono y direcci\u00f3n de correo electr\u00f3nico. Los trabajos aceptados se notificar\u00e1n a finales de febrero del 2023.<\/p>\n","protected":false},"author":24,"featured_media":31901,"template":"","meta":{"inline_featured_image":false,"ngg_post_thumbnail":0,"_EventAllDay":false,"_EventTimezone":"","_EventStartDate":"","_EventEndDate":"","_EventStartDateUTC":"","_EventEndDateUTC":"","_EventShowMap":false,"_EventShowMapLink":false,"_EventURL":"","_EventCost":"","_EventCostDescription":"","_EventCurrencySymbol":"","_EventCurrencyCode":"","_EventCurrencyPosition":"","_EventDateTimeSeparator":"","_EventTimeRangeSeparator":"","_EventOrganizerID":[],"_EventVenueID":[],"_OrganizerEmail":"","_OrganizerPhone":"","_OrganizerWebsite":"","_VenueAddress":"","_VenueCity":"","_VenueCountry":"","_VenueProvince":"","_VenueState":"","_VenueZip":"","_VenuePhone":"","_VenueURL":"","_VenueStateProvince":"","_VenueLat":"","_VenueLng":"","_VenueShowMap":false,"_VenueShowMapLink":false},"categories":[854,34],"tags":[232],"class_list":["post-31902","awf-news","type-awf-news","status-publish","has-post-thumbnail","hentry","category-educacion-teologica","category-news-es","tag-educacion-teologica"],"_links":{"self":[{"href":"https:\/\/awf.world\/es\/wp-json\/wp\/v2\/awf-news\/31902","targetHints":{"allow":["GET"]}}],"collection":[{"href":"https:\/\/awf.world\/es\/wp-json\/wp\/v2\/awf-news"}],"about":[{"href":"https:\/\/awf.world\/es\/wp-json\/wp\/v2\/types\/awf-news"}],"author":[{"embeddable":true,"href":"https:\/\/awf.world\/es\/wp-json\/wp\/v2\/users\/24"}],"wp:featuredmedia":[{"embeddable":true,"href":"https:\/\/awf.world\/es\/wp-json\/wp\/v2\/media\/31901"}],"wp:attachment":[{"href":"https:\/\/awf.world\/es\/wp-json\/wp\/v2\/media?parent=31902"}],"wp:term":[{"taxonomy":"category","embeddable":true,"href":"https:\/\/awf.world\/es\/wp-json\/wp\/v2\/categories?post=31902"},{"taxonomy":"post_tag","embeddable":true,"href":"https:\/\/awf.world\/es\/wp-json\/wp\/v2\/tags?post=31902"}],"curies":[{"name":"wp","href":"https:\/\/api.w.org\/{rel}","templated":true}]}}