{"id":31883,"date":"2022-11-09T08:00:29","date_gmt":"2022-11-09T11:00:29","guid":{"rendered":"https:\/\/awf.world\/?post_type=awf-news&#038;p=31883"},"modified":"2024-02-05T19:49:08","modified_gmt":"2024-02-05T22:49:08","slug":"conferencia-regional-de-cla","status":"publish","type":"awf-news","link":"https:\/\/awf.world\/es\/awf-news\/conferencia-regional-de-cla\/","title":{"rendered":"Iglesias de Latinoam\u00e9rica Estrechan Lazos en la Conferencia Regional de CLA"},"content":{"rendered":"<h3 style=\"text-align: justify;\">Con el tema \u201cVolvamos a Dios\u201d, m\u00e1s de 200 delegados de los pa\u00edses latinoamericanos de la Alianza Cristiana y Misionera se reunieron en la Asamblea y Simposio de la Confraternidad Latinoamericana Aliancista (CLA) del 28 al 30 de septiembre de 2022 en Armenia, Colombia.<\/h3>\n<p>Por primera vez el encuentro cont\u00f3 con la presencia de Hait\u00ed, nuevo integrante de CLA, y tres pa\u00edses de Centroam\u00e9rica: Honduras, El Salvador y Nicaragua. Todos los a\u00f1os esta reuni\u00f3n se celebra para conocer los proyectos que la Alianza ha realizado en Am\u00e9rica Latina y buscar una conexi\u00f3n entre las iglesias de la regi\u00f3n.<\/p>\n<p>El Pastor David Muthre, presidente de CLA, inaugur\u00f3 la asamblea, a la que participaron los presidentes de los pa\u00edses miembros de CLA, con el objetivo de concretar acuerdos y firmar compromisos. Se presentaron informes de actividades en diferentes \u00e1reas, como educaci\u00f3n teol\u00f3gica, misiones, finanzas y estad\u00edsticas.<\/p>\n<p>El culto inaugural se inici\u00f3 al ritmo de la cumbia, con la canci\u00f3n \u201cColombia, tierra querida\u201d. Bailarines luciendo trajes t\u00edpicos del pa\u00eds anfitri\u00f3n dieron la bienvenida a los participantes al son de los tambores y las maracas,. El Pastor Esnilder Popo, presidente de la ACyM de Colombia, y el Pastor Mario P\u00e9rez, vicepresidente de CLA, inauguraron la conferencia con una oraci\u00f3n y palabras de bienvenida. El Pastor Jura Yanagihara, presidente de la Confraternidad Mundial de la Alianza (AWF), comparti\u00f3 su emoci\u00f3n por ver el crecimiento del CLA. \u201cEs un movimiento que se ha fortalecido, siempre enfatizando en la necesidad de profundizar en la presencia de Cristo y en la llenura del Esp\u00edritu Santo\u201d, expres\u00f3.<\/p>\n<p>El Pastor David Muthre trajo una reflexi\u00f3n sobre el tema de la conferencia \u201cVolvamos a Dios\u201d, basado en el libro de Malaqu\u00edas. \u201c\u00bfC\u00f3mo debemos volver a Dios?\u201d, \u00e9l pregunt\u00f3. El profeta Malaqu\u00edas nos ofrece algunas respuestas: Desde el amor, como lo hizo Jacob (1:1-5). \u201cLa salvaci\u00f3n est\u00e1 dispuesta para todos\u201d, dijo el Pastor David, citando Juan 3:16. Debemos volver a Dios con admiraci\u00f3n (1:6-7) y con honra (1:7b-2:16). \u201cEsto quiere decir: con lo mejor de nuestros bienes, con un car\u00e1cter igual al de Cristo, y con un matrimonio fiel\u201d, reforz\u00f3. Con justicia (2:17-3:5): \u201cMirar a la gente como Dios la mira, tratar a la gente como Dios la trata, amar a la gente como Dios la ama, sin hacer excepci\u00f3n de personas\u201d, resumi\u00f3. Debemos volver a Dios con generosidad (3:6-12), con gratitud (3:13-18) y con esperanza (4:1-6). Para concluir, el Pastor David hizo una invitaci\u00f3n a los presentes a volver a Cristo, usando el vers\u00edculo 1:3 del profeta Zacarias: \u201cDiles, pues: As\u00ed ha dicho Jehov\u00e1 de los ej\u00e9rcitos: Volveos a m\u00ed, dice Jehov\u00e1 de los ej\u00e9rcitos, y yo me volver\u00e9 a vosotros\u201d.<\/p>\n<p>La Facultad Teol\u00f3gica Latinoamericana (FATELA) fue reconocida por sus 25 a\u00f1os de aniversario, formando a las personas de la ACyM y de otras iglesias evang\u00e9licas del continente. El Pastor Miguel \u00c1ngel Palomino, rector de FATELA, estuvo a cargo del mensaje de la noche \u201cVolvamos al Pastor de los pastores\u201d. Destac\u00f3 tres aspectos importantes del prop\u00f3sito del pastor: 1) Como gu\u00eda del pueblo para el cumplimiento del prop\u00f3sito de Dios; 2) Como persona que conf\u00eda en Dios; y 3) Como predicador del evangelio en cada rinc\u00f3n del mundo. \u201cLa tarea pastoral es imitar a Dios, el pastor de Israel, seguir a Jesucristo, el buen pastor &#8230; y entender que la tarea es teol\u00f3gica y necesitamos revalorizarla &#8230;. Debemos conocer al pie de la letra la Palabra de Dios\u201d asegur\u00f3.<\/p>\n<p>Uno de los aspectos m\u00e1s destacados de la conferencia fueron los testimonios de los pastores de la Alianza de Cuba y Venezuela, dos pa\u00edses de la regi\u00f3n que contin\u00faan perseverando firmemente, a pesar de los momentos dif\u00edciles que atraviesan. Se recaud\u00f3 una ofrenda durante la conferencia para el sostenimiento de esas iglesias nacionales.<\/p>\n<p>El pastor Jura present\u00f3 el ministerio de Socorro y Desarrollo de la AWF, dando a conocer la labor efectuada en los \u00faltimos a\u00f1os especialmente el socorro brindado a iglesias y pastores durante la pandemia de COVID-19. Los asistentes tuvieron la oportunidad de escuchar historias sobre lo que ha significado este apoyo para las personas en necesidad, especialmente los refugiados venezolanos en Colombia.<\/p>\n<p>\u201cVolvamos al Dios misionero\u201d fue el tema del mensaje en la ceremonia de clausura. El pastor Jura enfatiz\u00f3 la importancia de la oraci\u00f3n. \u201cEs necesario buscar la intimidad para orar, como Jes\u00fas lo hac\u00eda (Mateo: 6:6) &#8230;, reconocer nuestra debilidad y abrir nuestro coraz\u00f3n como David (Salmo: 6:6)\u201d. Para explicar la dimensi\u00f3n de la oraci\u00f3n Jura cit\u00f3 a A.B. Simpson: \u201cNo hay maravilla m\u00e1s sobrenatural y divina en la vida de un creyente que el ministerio de la oraci\u00f3n, la mano del ni\u00f1o tocando el brazo del padre y moviendo la rueda del universo\u201d.<\/p>\n<p>Al final de la conferencia, cada presidente de una iglesia nacional pas\u00f3 al frente para unirse en oraci\u00f3n, agradeciendo al Se\u00f1or por la gran bendici\u00f3n de compartir juntos y por la obra de Dios en cada naci\u00f3n latinoamericana.<\/p>\n<p>La pr\u00f3xima Conferencia Regional de CLA se llevar\u00e1 a cabo en septiembre de 2023 en Lima, Per\u00fa.<\/p>\n<p>Como familia aliancista latinoamericana, tenemos el privilegio del servir al Se\u00f1or. Agradecemos a Dios por su gracia, fidelidad, y protecci\u00f3n para poder realizar nuevamente esta conferencia de manera presencial. Tambi\u00e9n estamos agradecidos con la Alianza Colombiana por su hospitalidad.<\/p>\n<p>\u00a1Que Jesucristo sea glorificado por siempre!<\/p>\n<p>Si quieres ver los cultos vespertinos de la conferencia, puedes hacerlo ingresando al <a href=\"https:\/\/youtu.be\/f15zd1KJlL8\" target=\"_blank\" rel=\"noopener\">canal de YouTube de la ACyM de Colombia<\/a> o a la <a href=\"https:\/\/www.facebook.com\/ConfraternidadLatinoamericanaAliancista\" target=\"_blank\" rel=\"noopener\">p\u00e1gina de Facebook de CLA<\/a>.<\/p>\n","protected":false},"author":24,"featured_media":31874,"template":"","meta":{"inline_featured_image":false,"ngg_post_thumbnail":0,"_EventAllDay":false,"_EventTimezone":"","_EventStartDate":"","_EventEndDate":"","_EventStartDateUTC":"","_EventEndDateUTC":"","_EventShowMap":false,"_EventShowMapLink":false,"_EventURL":"","_EventCost":"","_EventCostDescription":"","_EventCurrencySymbol":"","_EventCurrencyCode":"","_EventCurrencyPosition":"","_EventDateTimeSeparator":"","_EventTimeRangeSeparator":"","_EventOrganizerID":[],"_EventVenueID":[],"_OrganizerEmail":"","_OrganizerPhone":"","_OrganizerWebsite":"","_VenueAddress":"","_VenueCity":"","_VenueCountry":"","_VenueProvince":"","_VenueState":"","_VenueZip":"","_VenuePhone":"","_VenueURL":"","_VenueStateProvince":"","_VenueLat":"","_VenueLng":"","_VenueShowMap":false,"_VenueShowMapLink":false},"categories":[99,34],"tags":[209],"class_list":["post-31883","awf-news","type-awf-news","status-publish","has-post-thumbnail","hentry","category-latin-america-es","category-news-es","tag-america-latina"],"_links":{"self":[{"href":"https:\/\/awf.world\/es\/wp-json\/wp\/v2\/awf-news\/31883","targetHints":{"allow":["GET"]}}],"collection":[{"href":"https:\/\/awf.world\/es\/wp-json\/wp\/v2\/awf-news"}],"about":[{"href":"https:\/\/awf.world\/es\/wp-json\/wp\/v2\/types\/awf-news"}],"author":[{"embeddable":true,"href":"https:\/\/awf.world\/es\/wp-json\/wp\/v2\/users\/24"}],"wp:featuredmedia":[{"embeddable":true,"href":"https:\/\/awf.world\/es\/wp-json\/wp\/v2\/media\/31874"}],"wp:attachment":[{"href":"https:\/\/awf.world\/es\/wp-json\/wp\/v2\/media?parent=31883"}],"wp:term":[{"taxonomy":"category","embeddable":true,"href":"https:\/\/awf.world\/es\/wp-json\/wp\/v2\/categories?post=31883"},{"taxonomy":"post_tag","embeddable":true,"href":"https:\/\/awf.world\/es\/wp-json\/wp\/v2\/tags?post=31883"}],"curies":[{"name":"wp","href":"https:\/\/api.w.org\/{rel}","templated":true}]}}