{"id":31687,"date":"2022-10-17T10:53:33","date_gmt":"2022-10-17T13:53:33","guid":{"rendered":"https:\/\/awf.world\/awf-news\/vida-y-ministerio-del-rev-andre-conga-da-costa-ex-presidente-de-la-iglesia-de-la-alianza-de-angola\/"},"modified":"2023-01-19T14:06:42","modified_gmt":"2023-01-19T17:06:42","slug":"vida-y-ministerio-del-rev-andre-conga-da-costa-ex-presidente-de-la-iglesia-de-la-alianza-de-angola","status":"publish","type":"awf-news","link":"https:\/\/awf.world\/es\/awf-news\/vida-y-ministerio-del-rev-andre-conga-da-costa-ex-presidente-de-la-iglesia-de-la-alianza-de-angola\/","title":{"rendered":"Vida y Ministerio del Rev. Andr\u00e9 Conga da Costa, Ex Presidente de la Iglesia de la Alianza de Angola"},"content":{"rendered":"<h3 style=\"text-align: justify;\">El Rev. Andr\u00e9 Conga da Costa, uno de los l\u00edderes m\u00e1s antiguos de la Alianza en \u00c1frica, falleci\u00f3 el 4 de octubre de 2022 en el Hospital General de Cabinda, Angola, tras una prolongada enfermedad. Naci\u00f3 el 23 de junio de 1933, no lejos de la hist\u00f3rica Misi\u00f3n de Mboca, fundada en 1907 por el misionero de la ACyM, Elmer Crist, Conga da Costa era hijo del evangelista Joel Jo\u00e3o, de la Misi\u00f3n de Mboca.<\/h3>\n<p>Recibi\u00f3 su educaci\u00f3n primaria en la Misi\u00f3n de Mboca de 1945 a 1948 y fue bautizado all\u00ed en 1956. Ese mismo a\u00f1o, sintiendo un llamado al ministerio, se inscribi\u00f3 en el curso para evangelistas en Mboca a pesar de llegar despu\u00e9s de que las clases hab\u00edan comenzado. El misionero Joe Nicholson decidi\u00f3 darle una oportunidad al joven. Muy brillante y trabajador, pronto se puso a la altura de los dem\u00e1s estudiantes y se convirti\u00f3 en catequista, en Mboca, antes de pasar a otra parroquia en Gamda-Cango.<\/p>\n<p>En 1959, el Rev. Conga da Costa y su esposa, Isabel Massiala, dejaron Cabinda para seguir estudiando en el Instituto B\u00edblico Bautista de Calambata, en Angola. Con el inicio de la \u201cGuerra de la Independencia\u201d en 1961 contra el r\u00e9gimen colonial portugu\u00e9s, el Rev. Conga da Costa y su esposa fueron al Instituto B\u00edblico de Kinkonzi, en la RDC, con estudios adicionales en Kimpese, antes de entrar en la Universidad Nacional de Kinshasa, donde se gradu\u00f3 en 1972.<\/p>\n<p>A continuaci\u00f3n, comenz\u00f3 a dar clases, primero en el Seminario Teol\u00f3gico de Bolenge (RDC) y luego en el Liceo Protestante de Maduda, entre 1973 y 1974. All\u00ed se consagr\u00f3 al ministerio pastoral. En ese momento, regres\u00f3 a Cabinda y comenz\u00f3 a servir en la Iglesia Evang\u00e9lica de Angola, siendo elegido presidente en 1976. Al a\u00f1o siguiente, reabri\u00f3 el Instituto B\u00edblico en Ntendequele, Cabinda. Fue elegido presidente del Consejo de Iglesias Evang\u00e9licas de Angola en 1980, secretario general de la Iglesia de la <a href=\"https:\/\/awf.world\/es\/country-description\/angola\/\" target=\"_blank\" rel=\"noopener\">Alianza Cristiana de Angola<\/a> (ICAA) en 1982 y presidente de la ICAA en 1991.<\/p>\n<figure id=\"attachment_31678\" aria-describedby=\"caption-attachment-31678\" style=\"width: 300px\" class=\"wp-caption alignleft\"><img loading=\"lazy\" decoding=\"async\" class=\"size-medium wp-image-31678\" src=\"https:\/\/awf.world\/wp-content\/uploads\/2022\/10\/Angola_Pastors-Ordination_20181-300x169.jpg\" alt=\"\" width=\"300\" height=\"169\" srcset=\"https:\/\/awf.world\/wp-content\/uploads\/2022\/10\/Angola_Pastors-Ordination_20181-300x169.jpg 300w, https:\/\/awf.world\/wp-content\/uploads\/2022\/10\/Angola_Pastors-Ordination_20181-1024x576.jpg 1024w, https:\/\/awf.world\/wp-content\/uploads\/2022\/10\/Angola_Pastors-Ordination_20181-768x432.jpg 768w, https:\/\/awf.world\/wp-content\/uploads\/2022\/10\/Angola_Pastors-Ordination_20181-1536x864.jpg 1536w, https:\/\/awf.world\/wp-content\/uploads\/2022\/10\/Angola_Pastors-Ordination_20181.jpg 2001w\" sizes=\"auto, (max-width: 300px) 100vw, 300px\" \/><figcaption id=\"caption-attachment-31678\" class=\"wp-caption-text\">El Rev. Andr\u00e9 Conga da Costa (derecha) en la Ceremonia de Ordenaci\u00f3n de Pastores en 2018<\/figcaption><\/figure>\n<p>Durante sus a\u00f1os de ministerio, dirigi\u00f3 la construcci\u00f3n de cinco iglesias, educ\u00f3 a una generaci\u00f3n de pastores y obreros de la iglesia, escribi\u00f3 varios libros y fue una figura importante en la vida p\u00fablica y la cultura de Cabinda. Viaj\u00f3 mucho, particip\u00f3 en el crecimiento de la AWF en \u00c1frica y viaj\u00f3 a Brasil solicitando ayuda para la educaci\u00f3n teol\u00f3gica de una nueva generaci\u00f3n de obreros. A lo largo de los largos a\u00f1os de guerra civil y lucha pol\u00edtica en Angola, el Rev. Andr\u00e9 Conga da Costa, aunque de peque\u00f1a estatura, desempe\u00f1\u00f3 un gran papel en mantener a la ICAA unida y fuerte frente a las fuerzas contrarias.<\/p>\n<p><img loading=\"lazy\" decoding=\"async\" class=\"alignright size-medium wp-image-31681\" src=\"https:\/\/awf.world\/wp-content\/uploads\/2022\/10\/Angola_Andre-Conga-da-Costa_Enterro4_Square-300x300.jpg\" alt=\"\" width=\"300\" height=\"300\" srcset=\"https:\/\/awf.world\/wp-content\/uploads\/2022\/10\/Angola_Andre-Conga-da-Costa_Enterro4_Square-300x300.jpg 300w, https:\/\/awf.world\/wp-content\/uploads\/2022\/10\/Angola_Andre-Conga-da-Costa_Enterro4_Square-1024x1024.jpg 1024w, https:\/\/awf.world\/wp-content\/uploads\/2022\/10\/Angola_Andre-Conga-da-Costa_Enterro4_Square-150x150.jpg 150w, https:\/\/awf.world\/wp-content\/uploads\/2022\/10\/Angola_Andre-Conga-da-Costa_Enterro4_Square-768x769.jpg 768w, https:\/\/awf.world\/wp-content\/uploads\/2022\/10\/Angola_Andre-Conga-da-Costa_Enterro4_Square.jpg 1531w\" sizes=\"auto, (max-width: 300px) 100vw, 300px\" \/><\/p>\n<p>Fue enterrado en Mboca el 9 de octubre de 2022. En palabras de su nieto: \u201cTodo empez\u00f3 en Mboca y todo termina en Mboca\u201d.<\/p>\n","protected":false},"author":24,"featured_media":31686,"template":"","meta":{"inline_featured_image":false,"ngg_post_thumbnail":0,"_EventAllDay":false,"_EventTimezone":"","_EventStartDate":"","_EventEndDate":"","_EventStartDateUTC":"","_EventEndDateUTC":"","_EventShowMap":false,"_EventShowMapLink":false,"_EventURL":"","_EventCost":"","_EventCostDescription":"","_EventCurrencySymbol":"","_EventCurrencyCode":"","_EventCurrencyPosition":"","_EventDateTimeSeparator":"","_EventTimeRangeSeparator":"","_EventOrganizerID":[],"_EventVenueID":[],"_OrganizerEmail":"","_OrganizerPhone":"","_OrganizerWebsite":"","_VenueAddress":"","_VenueCity":"","_VenueCountry":"","_VenueProvince":"","_VenueState":"","_VenueZip":"","_VenuePhone":"","_VenueURL":"","_VenueStateProvince":"","_VenueLat":"","_VenueLng":"","_VenueShowMap":false,"_VenueShowMapLink":false},"categories":[285,34],"tags":[279],"class_list":["post-31687","awf-news","type-awf-news","status-publish","has-post-thumbnail","hentry","category-africa-es","category-news-es","tag-africa-es"],"_links":{"self":[{"href":"https:\/\/awf.world\/es\/wp-json\/wp\/v2\/awf-news\/31687","targetHints":{"allow":["GET"]}}],"collection":[{"href":"https:\/\/awf.world\/es\/wp-json\/wp\/v2\/awf-news"}],"about":[{"href":"https:\/\/awf.world\/es\/wp-json\/wp\/v2\/types\/awf-news"}],"author":[{"embeddable":true,"href":"https:\/\/awf.world\/es\/wp-json\/wp\/v2\/users\/24"}],"wp:featuredmedia":[{"embeddable":true,"href":"https:\/\/awf.world\/es\/wp-json\/wp\/v2\/media\/31686"}],"wp:attachment":[{"href":"https:\/\/awf.world\/es\/wp-json\/wp\/v2\/media?parent=31687"}],"wp:term":[{"taxonomy":"category","embeddable":true,"href":"https:\/\/awf.world\/es\/wp-json\/wp\/v2\/categories?post=31687"},{"taxonomy":"post_tag","embeddable":true,"href":"https:\/\/awf.world\/es\/wp-json\/wp\/v2\/tags?post=31687"}],"curies":[{"name":"wp","href":"https:\/\/api.w.org\/{rel}","templated":true}]}}