{"id":31639,"date":"2022-09-12T11:36:17","date_gmt":"2022-09-12T14:36:17","guid":{"rendered":"https:\/\/awf.world\/awf-news\/los-pastores-en-angola-estan-agradecidos-por-su-apoyo\/"},"modified":"2023-01-19T14:20:54","modified_gmt":"2023-01-19T17:20:54","slug":"los-pastores-en-angola-estan-agradecidos-por-su-apoyo","status":"publish","type":"awf-news","link":"https:\/\/awf.world\/es\/awf-news\/los-pastores-en-angola-estan-agradecidos-por-su-apoyo\/","title":{"rendered":"Los Pastores en Angola Est\u00e1n Agradecidos por su Apoyo"},"content":{"rendered":"<h3 style=\"text-align: justify;\">Un alto porcentaje de pastores en Angola (90%) son rehenes de su condici\u00f3n social, una forma de vida que los obliga a depender casi por completo de lo que ocasionalmente reciben de sus iglesias locales. Alabamos a Dios por nuestros socios fieles que bendijeron a los pastores con socorro para mejores condiciones de vida.<\/h3>\n<p>Parte de la <a href=\"\/?page_id=28949\" target=\"_blank\" rel=\"noopener\">Respuesta Global de AWF al COVID-19<\/a> fue el Proyecto de Socorro para Pastores. El proyecto se centr\u00f3 en pastores y familias que viv\u00edan en condiciones extremas debido a la pandemia. La Regi\u00f3n \u00c1frica de AWF, incluidas las Personas Desplazadas Internamente (PDI) en la parte norte de \u00c1frica, recibi\u00f3 este apoyo. Uno de los pa\u00edses seleccionados para participar en el proyecto fue Angola, donde se atendi\u00f3 a un total de 18 familias pastorales.<\/p>\n<p>Para la distribuci\u00f3n, la Junta Directiva de la ACyM de Angola (ICAA) reuni\u00f3 a todos los pastores en un encuentro, donde fueron instruidos sobre el buen uso de estos recursos. Despu\u00e9s de que se distribuyeron los fondos, la Junta Directiva recibi\u00f3 muchos comentarios positivos.<\/p>\n<p>Algunos de los pastores pudieron cubrir las cuotas escolares de sus hijos, algunos usaron los fondos para asuntos de salud y otros usaron la ayuda para mantener sus hogares. Adem\u00e1s, muchos de ellos usaron parte del dinero para sus peque\u00f1os proyectos comerciales, como criar pollos para cr\u00eda, cr\u00eda de cerdos y siembra.<\/p>\n<p>El pastor Patricio Chibinda, uno de los beneficiarios del proyecto, comparti\u00f3 con nosotros su testimonio: \u201cEste socorro lo recib\u00ed de ustedes y agradezco tener ese apoyo. Me proporcion\u00f3 muchas cosas buenas en mi vida\u201d, dijo, \u201ccontribuy\u00f3 a mi vida espiritual, ministerial, salud, peque\u00f1os negocios y construir buenas relaciones con mi vecindario\u201d.<\/p>\n<p>El pastor Chibinda comparti\u00f3 con alegr\u00eda: \u201cEn mi vida espiritual, me ayud\u00f3 con m\u00e1s optimismo. Ten\u00eda mucha m\u00e1s energ\u00eda y alivi\u00f3 mi alma de muchos problemas que enfrento en mi vida diaria. En mi ministerio, el apoyo me motiv\u00f3 y me permiti\u00f3 desempe\u00f1arme mejor que antes. Estoy deseoso por contribuir m\u00e1s a la iglesia. En mi salud, ten\u00eda una cita m\u00e9dica y tambi\u00e9n consult\u00e9 con un especialista que hab\u00eda sido cancelado antes por cuestiones de dinero. Y comenc\u00e9 un peque\u00f1o negocio para poder pagar m\u00e1s gastos\u201d.<\/p>\n<p>\u201cAlrededor de la iglesia donde trabajo como pastor\u201d, continu\u00f3, \u201cla gente pudo ver que recibimos ayuda de todos ustedes, y tambi\u00e9n pude compartirla con algunos de ellos. Ayud\u00f3 a construir una buena relaci\u00f3n entre mi familia y las comunidades que nos rodean, as\u00ed como con los miembros de nuestra iglesia. Mi familia tambi\u00e9n est\u00e1 motivada por este gran apoyo que recibimos, e influy\u00f3 positivamente en nuestra relaci\u00f3n con los l\u00edderes de la iglesia ACyM de Angola\u201d.<\/p>\n<p>\u201cY por \u00faltimo\u201d, dijo el pastor Chibinda, \u201cel socorro para los pastores necesitados contribuy\u00f3 a mejorar la vida de mi familia, la iglesia y las comunidades donde se encuentra la ICAA\u201d.<\/p>\n<p>AWF est\u00e1 agradecida con nuestros socios patrocinadores fieles por su apoyo durante este tiempo especial y por ser de bendici\u00f3n para muchos pastores, familias y comunidades. Todos so\u00f1amos con d\u00edas mejores y, para algunos de ellos, \u00a1este sue\u00f1o se ha hecho realidad!<\/p>\n<p>Sigamos orando por nuestros hermanos y hermanas de todo el mundo y por los desaf\u00edos diarios que enfrentan.<\/p>\n","protected":false},"author":24,"featured_media":31634,"template":"","meta":{"inline_featured_image":false,"ngg_post_thumbnail":0,"_EventAllDay":false,"_EventTimezone":"","_EventStartDate":"","_EventEndDate":"","_EventStartDateUTC":"","_EventEndDateUTC":"","_EventShowMap":false,"_EventShowMapLink":false,"_EventURL":"","_EventCost":"","_EventCostDescription":"","_EventCurrencySymbol":"","_EventCurrencyCode":"","_EventCurrencyPosition":"","_EventDateTimeSeparator":"","_EventTimeRangeSeparator":"","_EventOrganizerID":[],"_EventVenueID":[],"_OrganizerEmail":"","_OrganizerPhone":"","_OrganizerWebsite":"","_VenueAddress":"","_VenueCity":"","_VenueCountry":"","_VenueProvince":"","_VenueState":"","_VenueZip":"","_VenuePhone":"","_VenueURL":"","_VenueStateProvince":"","_VenueLat":"","_VenueLng":"","_VenueShowMap":false,"_VenueShowMapLink":false},"categories":[285,34,955],"tags":[275],"class_list":["post-31639","awf-news","type-awf-news","status-publish","has-post-thumbnail","hentry","category-africa-es","category-news-es","category-socorro-desarrollo","tag-socorro-y-desarrollo"],"_links":{"self":[{"href":"https:\/\/awf.world\/es\/wp-json\/wp\/v2\/awf-news\/31639","targetHints":{"allow":["GET"]}}],"collection":[{"href":"https:\/\/awf.world\/es\/wp-json\/wp\/v2\/awf-news"}],"about":[{"href":"https:\/\/awf.world\/es\/wp-json\/wp\/v2\/types\/awf-news"}],"author":[{"embeddable":true,"href":"https:\/\/awf.world\/es\/wp-json\/wp\/v2\/users\/24"}],"wp:featuredmedia":[{"embeddable":true,"href":"https:\/\/awf.world\/es\/wp-json\/wp\/v2\/media\/31634"}],"wp:attachment":[{"href":"https:\/\/awf.world\/es\/wp-json\/wp\/v2\/media?parent=31639"}],"wp:term":[{"taxonomy":"category","embeddable":true,"href":"https:\/\/awf.world\/es\/wp-json\/wp\/v2\/categories?post=31639"},{"taxonomy":"post_tag","embeddable":true,"href":"https:\/\/awf.world\/es\/wp-json\/wp\/v2\/tags?post=31639"}],"curies":[{"name":"wp","href":"https:\/\/api.w.org\/{rel}","templated":true}]}}