{"id":31600,"date":"2022-07-21T14:41:25","date_gmt":"2022-07-21T17:41:25","guid":{"rendered":"https:\/\/awf.world\/awf-news\/el-manifiesto-de-guayaquil-desafios\/"},"modified":"2023-01-19T15:00:29","modified_gmt":"2023-01-19T18:00:29","slug":"el-manifiesto-de-guayaquil-desafios","status":"publish","type":"awf-news","link":"https:\/\/awf.world\/es\/awf-news\/el-manifiesto-de-guayaquil-desafios\/","title":{"rendered":"El Manifiesto de Guayaquil &#8211; Desaf\u00edos"},"content":{"rendered":"<p>El <a href=\"https:\/\/awf.world\/es\/awf-news\/manifiesto-de-guayaquil\/\" target=\"_blank\" rel=\"noopener\">Manifiesto de Guayaquil<\/a>, aprobado en la \u00faltima Asamblea de la AWF, pretende presentar nuestra respuesta a los desaf\u00edos que enfrentamos hoy como movimiento misionero. Esta es la primera de una serie de reflexiones sobre el manifiesto que ser\u00e1n escritas por miembros de la <a href=\"https:\/\/awf.world\/es\/educacion-teologica\/\" target=\"_blank\" rel=\"noopener\">Comisi\u00f3n Internacional de Educaci\u00f3n Teol\u00f3gica<\/a> de la AWF. Estas reflexiones apuntan a fortalecer nuestra identidad como movimiento misionero cristoc\u00e9ntrico.<\/p>\n<p>Ni que decir tiene que Jesucristo era un hombre de su tiempo, de su cultura, con amplios conocimientos de su religi\u00f3n y de la pol\u00edtica hebrea-nacionalista y romana. Jes\u00fas no ignoraba su tiempo, pero supo expresar su evangelio a la sociedad.<\/p>\n<p>Estamos viviendo tiempos que ninguno de nosotros so\u00f1aba hace alg\u00fan tiempo. La pandemia del COVID-19 ha tenido un severo impacto sanitario, pero tambi\u00e9n ha sido una \u00e9poca que inaugur\u00f3 transformaciones sociales, dadas predominantemente por la nueva concepci\u00f3n del Estado durante la pandemia. El Estado orden\u00f3 encerrarnos en nuestras casas y, entre otras cosas, prohibi\u00f3 el ejercicio religioso y el cierre de los lugares p\u00fablicos de culto. Para ayudar a los innumerables millones de personas empobrecidas por el COVID-19, el Estado tuvo que responder con profundas restricciones econ\u00f3micas y gastos flagrantes. Las monedas se devaluaron inevitablemente y la deuda nacional aument\u00f3 dr\u00e1sticamente. La inflaci\u00f3n se convirti\u00f3 en parte de nuestras econom\u00edas. Curiosamente, la nueva interpretaci\u00f3n de la autoridad del Estado no hizo que nos sinti\u00e9ramos perseguidos, ni que nos opusi\u00e9ramos mayoritariamente a ella. M\u00e1s bien, nos sentimos protegidos. La pandemia, en cierto modo, detuvo el mundo, y en cierto modo nos integr\u00f3 en nuevos modos de existencia.<\/p>\n<p>Sin duda, la pandemia gener\u00f3 m\u00e1s pobreza, m\u00e1s miseria, e impuls\u00f3 m\u00e1s movimientos de inmigraci\u00f3n hasta el punto de que ahora tenemos una demograf\u00eda mundial cambiante. Nadie estaba honestamente preparado para estos cambios sociales. En la migraci\u00f3n masiva se ha incluido el dram\u00e1tico aumento de los desplazados internos. Nada ha puesto m\u00e1s de relieve esto en los \u00faltimos tiempos que la sorprendente e inexplicable guerra entre Rusia y Ucrania. Sin discutir las causas o incluso las consecuencias, la guerra ha puesto a prueba a las principales instituciones (OTAN; ONU) mostrando la debilidad pol\u00edtica y moral de estas entidades.<\/p>\n<p>\u00bfC\u00f3mo responder a estos retos estructurales? La Alianza debe volver al adagio de \u201centender los tiempos\u201d (Isacar, 1 Cr\u00f3nicas). El epicentro del poder ha cambiado. Ya no es una cuesti\u00f3n de Occidente-Oriente. Nos interesa saber en qu\u00e9 medida esto afecta a la iglesia, y a su compromiso con la evangelizaci\u00f3n del mundo. \u00bfPodemos insistir como hace a\u00f1os en que el epicentro de las misiones ha cambiado del Norte al Sur? Mi opini\u00f3n es que esta afirmaci\u00f3n antes defendida, no puede, ni siquiera hoy, mantenerse en pie. La globalizaci\u00f3n como concepto marca, en cierto modo, la desaparici\u00f3n de las filosof\u00edas ministeriales basadas en los cuatro puntos cardinales. El estado actual del mundo deber\u00eda haber obligado a redefinir los roles y los comportamientos misioneros. Falt\u00f3 una geopol\u00edtica misionera que respondiera a nuevos componentes como: la di\u00e1spora y su importancia, la inmigraci\u00f3n, y evitar la negligencia de un reduccionismo misionero que nos cegara ante las grandes realidades de un mundo globalizado que no es alcanzado por el evangelio.<\/p>\n<p>Obviamente, no podemos ignorar que cientos de misioneros de la Alianza ofrecen hoy sus vidas al servicio del Se\u00f1or. De eso no hay duda. Pero la Alianza tiene que navegar por nuevos mares y siendo as\u00ed (1) debe acordar estrategias misioneras actualizadas a este siglo; (2) debe trabajar con una mentalidad de uni\u00f3n y trabajo en equipo ante el desaf\u00edo misionero; (3) debe elevar los est\u00e1ndares del servicio misionero; (4) el viejo lema sigue siendo v\u00e1lido, \u201cdame el mundo o me muero\u201d; no es simplemente un toque de poes\u00eda conmovedora, esa pasi\u00f3n debe ser la realidad; (5) la Alianza necesita redefinir las funciones de sus contingentes misioneros y las inversiones de recursos econ\u00f3micos e indudablemente; (6) todo esto debe hacerse en un clima de profunda oraci\u00f3n, humildad, respeto y hermandad. En medio de todo esto podemos descansar sabiendo que Dios, como siempre, obrar\u00e1 bendiciendo.<\/p>\n","protected":false},"author":24,"featured_media":31572,"template":"","meta":{"inline_featured_image":false,"ngg_post_thumbnail":0,"_EventAllDay":false,"_EventTimezone":"","_EventStartDate":"","_EventEndDate":"","_EventStartDateUTC":"","_EventEndDateUTC":"","_EventShowMap":false,"_EventShowMapLink":false,"_EventURL":"","_EventCost":"","_EventCostDescription":"","_EventCurrencySymbol":"","_EventCurrencyCode":"","_EventCurrencyPosition":"","_EventDateTimeSeparator":"","_EventTimeRangeSeparator":"","_EventOrganizerID":[],"_EventVenueID":[],"_OrganizerEmail":"","_OrganizerPhone":"","_OrganizerWebsite":"","_VenueAddress":"","_VenueCity":"","_VenueCountry":"","_VenueProvince":"","_VenueState":"","_VenueZip":"","_VenuePhone":"","_VenueURL":"","_VenueStateProvince":"","_VenueLat":"","_VenueLng":"","_VenueShowMap":false,"_VenueShowMapLink":false},"categories":[854,34],"tags":[347],"class_list":["post-31600","awf-news","type-awf-news","status-publish","has-post-thumbnail","hentry","category-educacion-teologica","category-news-es","tag-comision-internacional-de-educacion-teologica"],"_links":{"self":[{"href":"https:\/\/awf.world\/es\/wp-json\/wp\/v2\/awf-news\/31600","targetHints":{"allow":["GET"]}}],"collection":[{"href":"https:\/\/awf.world\/es\/wp-json\/wp\/v2\/awf-news"}],"about":[{"href":"https:\/\/awf.world\/es\/wp-json\/wp\/v2\/types\/awf-news"}],"author":[{"embeddable":true,"href":"https:\/\/awf.world\/es\/wp-json\/wp\/v2\/users\/24"}],"wp:featuredmedia":[{"embeddable":true,"href":"https:\/\/awf.world\/es\/wp-json\/wp\/v2\/media\/31572"}],"wp:attachment":[{"href":"https:\/\/awf.world\/es\/wp-json\/wp\/v2\/media?parent=31600"}],"wp:term":[{"taxonomy":"category","embeddable":true,"href":"https:\/\/awf.world\/es\/wp-json\/wp\/v2\/categories?post=31600"},{"taxonomy":"post_tag","embeddable":true,"href":"https:\/\/awf.world\/es\/wp-json\/wp\/v2\/tags?post=31600"}],"curies":[{"name":"wp","href":"https:\/\/api.w.org\/{rel}","templated":true}]}}