{"id":31596,"date":"2022-08-23T09:46:19","date_gmt":"2022-08-23T12:46:19","guid":{"rendered":"https:\/\/awf.world\/awf-news\/vida-y-ministerio-del-pastor-thomas-traore-ex-presidente-de-la-acym-de-burkina-faso\/"},"modified":"2023-01-19T14:54:22","modified_gmt":"2023-01-19T17:54:22","slug":"vida-y-ministerio-del-pastor-thomas-traore-ex-presidente-de-la-acym-de-burkina-faso","status":"publish","type":"awf-news","link":"https:\/\/awf.world\/es\/awf-news\/vida-y-ministerio-del-pastor-thomas-traore-ex-presidente-de-la-acym-de-burkina-faso\/","title":{"rendered":"Vida y Ministerio del Pastor Thomas Traor\u00e9, Ex Presidente de la ACyM de Burkina Faso"},"content":{"rendered":"<h3 style=\"text-align: justify;\">Los ancianos de la iglesia central de la Alianza Cristiana de Ouagadougou visitaron y oraron por el Rev. Thomas Traor\u00e9 el domingo 31 de julio de 2022. Muri\u00f3 de c\u00e1ncer solo unos d\u00edas despu\u00e9s, el 15 de agosto.<\/h3>\n<p>El Rev. Traor\u00e9 recibi\u00f3 a los ancianos con el humor y la alegr\u00eda que le caracterizan. Oraron por \u00e9l. Al final de la visita, los acompa\u00f1\u00f3 hasta la puerta y les estrech\u00f3 la mano. Fue por \u00faltima vez. El Rev. Traor\u00e9 muri\u00f3 de c\u00e1ncer el 15 de agosto de 2022. Miles asistieron al funeral, incluidos muchos funcionarios gubernamentales de alto rango. Oremos para que muchos vengan a Cristo, especialmente en estos d\u00edas de dificultad en Burkina Faso.<\/p>\n<p>Nacido el 24 de febrero de 1961 en Bourasso en un hogar cristiano, el Rev. Traor\u00e9 hizo sus estudios pastorales en el Instituto B\u00edblico Maranatha en Bobo-Dioulasso. Comenz\u00f3 su ministerio pastoral en el distrito de Banfora , y r\u00e1pidamente la gente not\u00f3 sus cualidades como buen predicador, evangelista y cantante. Durante su ministerio en Banfora, la iglesia experiment\u00f3 un gran avivamiento y la plantaci\u00f3n de nuevas iglesias.<\/p>\n<p>En 1987, el Rev. Traor\u00e9 fue al Instituto Emma\u00fcs en Suiza donde obtuvo un Certificado en Teolog\u00eda Pastoral. Tras su regreso a Burkina Faso, se le asign\u00f3 la puesta en marcha de la joven iglesia de la Alianza Cristiana en la capital, Uagadug\u00fa, que estaba formada principalmente por estudiantes.<\/p>\n<p>El Rev. Traor\u00e9 regres\u00f3 a Suiza en 1991 para una segunda formaci\u00f3n avanzada en Teolog\u00eda. En 2001, se matricul\u00f3 en la Facultad de Teolog\u00eda de la Alianza Cristiana (FATEAC) en Abijan, Costa de Marfil, y obtuvo una maestr\u00eda en Teolog\u00eda B\u00edblica en 2006.<\/p>\n<p>Elegido presidente de la Iglesia Alianza Cristiana y Misionera de Burkina Faso en marzo de 2013, el Rev. Traor\u00e9 sirvi\u00f3 durante dos mandatos consecutivos. Durante este tiempo, recibi\u00f3 una condecoraci\u00f3n del gobierno de Burkina Faso. Al final de su mandato, regres\u00f3 a Uaga como responsable de la organizaci\u00f3n encargada del env\u00edo de misioneros, cargo que ocup\u00f3 hasta su fallecimiento.<\/p>\n<p>El Rev. Traor\u00e9 fue un l\u00edder ejemplar, cercano y disponible para todos, y condujo a miles a Cristo. Se lo extra\u00f1ar\u00e1 mucho.<\/p>\n<p>Oremos por consuelo y paz para su esposa Dina y sus cuatro hijos.<\/p>\n<p>\u00a1Descansa en paz valiente soldado de Cristo!<\/p>\n","protected":false},"author":24,"featured_media":31595,"template":"","meta":{"inline_featured_image":false,"ngg_post_thumbnail":0,"_EventAllDay":false,"_EventTimezone":"","_EventStartDate":"","_EventEndDate":"","_EventStartDateUTC":"","_EventEndDateUTC":"","_EventShowMap":false,"_EventShowMapLink":false,"_EventURL":"","_EventCost":"","_EventCostDescription":"","_EventCurrencySymbol":"","_EventCurrencyCode":"","_EventCurrencyPosition":"","_EventDateTimeSeparator":"","_EventTimeRangeSeparator":"","_EventOrganizerID":[],"_EventVenueID":[],"_OrganizerEmail":"","_OrganizerPhone":"","_OrganizerWebsite":"","_VenueAddress":"","_VenueCity":"","_VenueCountry":"","_VenueProvince":"","_VenueState":"","_VenueZip":"","_VenuePhone":"","_VenueURL":"","_VenueStateProvince":"","_VenueLat":"","_VenueLng":"","_VenueShowMap":false,"_VenueShowMapLink":false},"categories":[285,34],"tags":[279],"class_list":["post-31596","awf-news","type-awf-news","status-publish","has-post-thumbnail","hentry","category-africa-es","category-news-es","tag-africa-es"],"_links":{"self":[{"href":"https:\/\/awf.world\/es\/wp-json\/wp\/v2\/awf-news\/31596","targetHints":{"allow":["GET"]}}],"collection":[{"href":"https:\/\/awf.world\/es\/wp-json\/wp\/v2\/awf-news"}],"about":[{"href":"https:\/\/awf.world\/es\/wp-json\/wp\/v2\/types\/awf-news"}],"author":[{"embeddable":true,"href":"https:\/\/awf.world\/es\/wp-json\/wp\/v2\/users\/24"}],"wp:featuredmedia":[{"embeddable":true,"href":"https:\/\/awf.world\/es\/wp-json\/wp\/v2\/media\/31595"}],"wp:attachment":[{"href":"https:\/\/awf.world\/es\/wp-json\/wp\/v2\/media?parent=31596"}],"wp:term":[{"taxonomy":"category","embeddable":true,"href":"https:\/\/awf.world\/es\/wp-json\/wp\/v2\/categories?post=31596"},{"taxonomy":"post_tag","embeddable":true,"href":"https:\/\/awf.world\/es\/wp-json\/wp\/v2\/tags?post=31596"}],"curies":[{"name":"wp","href":"https:\/\/api.w.org\/{rel}","templated":true}]}}