{"id":31591,"date":"2022-08-18T10:42:26","date_gmt":"2022-08-18T13:42:26","guid":{"rendered":"https:\/\/awf.world\/awf-news\/conoce-a-darren-herbold-el-nuevo-presidente-de-la-iglesia-acym-de-canada\/"},"modified":"2023-01-19T14:57:31","modified_gmt":"2023-01-19T17:57:31","slug":"conoce-a-darren-herbold-el-nuevo-presidente-de-la-iglesia-acym-de-canada","status":"publish","type":"awf-news","link":"https:\/\/awf.world\/es\/awf-news\/conoce-a-darren-herbold-el-nuevo-presidente-de-la-iglesia-acym-de-canada\/","title":{"rendered":"Conoce a Darren Herbold, el Nuevo Presidente de la Iglesia ACyM de Canad\u00e1"},"content":{"rendered":"<h3 style=\"text-align: justify;\">El Rev. Darren Herbold ha servido a la Alianza de Canad\u00e1 durante m\u00e1s de 15 a\u00f1os. Parte de su ministerio ha sido en Tailandia y el Sudeste Asi\u00e1tico como obrero internacional y desarrollador regional. Como nuevo presidente, le apasiona ver prosperar a La Alianza de Canad\u00e1 como un movimiento centrado en Cristo, empoderado por el Esp\u00edritu y centrado en la misi\u00f3n.<\/h3>\n<p>El Rev. Darren Herbold naci\u00f3 el 17 de agosto de 1979. Est\u00e1 casado con Naomi y tienen tres hijos. En 2014, el Rev. Herbold y su esposa, Naomi, fueron enviados como obreros internacionales a Tailandia, donde sirvieron durante m\u00e1s de ocho a\u00f1os. En 2015, fueron designados como l\u00edderes de equipo y, en 2019, como desarrolladores regionales, brindando liderazgo y supervisi\u00f3n a la regi\u00f3n. En los \u00faltimos cuatro a\u00f1os, el Rev. Herbold tambi\u00e9n ha sido miembro de la Junta Directiva.<\/p>\n<p>Con una experiencia significativa en negocios empresariales, el Rev. Herbold fund\u00f3 y dirigi\u00f3 una organizaci\u00f3n ben\u00e9fica internacional, \u201cFor Freedom International\u201d, que se enfoca en los esfuerzos contra la trata, el desarrollo comunitario y la multiplicaci\u00f3n del evangelio en el sudeste asi\u00e1tico.<\/p>\n<p>El Rev. Herbold se gradu\u00f3 del Covenant Bible College en Strathmore, Alberta, Canad\u00e1, con un Certificado en Estudios Cristianos. Tiene una licenciatura en Religi\u00f3n y Teolog\u00eda de Taylor University College en Edmonton, Alberta, y una licenciatura en Estudios Globales de Liberty University en los EE. UU. con alta distinci\u00f3n.<\/p>\n<p>Elegido en la Asamblea General el 7 de julio de 2022, el Rev. Herbold cumplir\u00e1 un mandato de cuatro a\u00f1os, a partir del 1 de agosto de 2022. \u00c9l prev\u00e9 expandir el nombre de Jes\u00fas adaptando estructuras, sistemas y estrategias de <a href=\"https:\/\/awf.world\/es\/country-description\/canada\/\" target=\"_blank\" rel=\"noopener\">La Alianza de Canad\u00e1<\/a> para desatar el potencial creativo latente que Dios ha puesto dentro de nosotros hoy mientras simult\u00e1neamente nos prepara para los desaf\u00edos y oportunidades del ma\u00f1ana.<\/p>\n<p>El Rev. Herbold y Naomi nos piden que oremos por su familia mientras se mudan de Tailandia a Toronto, Canad\u00e1.<\/p>\n","protected":false},"author":24,"featured_media":31589,"template":"","meta":{"inline_featured_image":false,"ngg_post_thumbnail":0,"_EventAllDay":false,"_EventTimezone":"","_EventStartDate":"","_EventEndDate":"","_EventStartDateUTC":"","_EventEndDateUTC":"","_EventShowMap":false,"_EventShowMapLink":false,"_EventURL":"","_EventCost":"","_EventCostDescription":"","_EventCurrencySymbol":"","_EventCurrencyCode":"","_EventCurrencyPosition":"","_EventDateTimeSeparator":"","_EventTimeRangeSeparator":"","_EventOrganizerID":[],"_EventVenueID":[],"_OrganizerEmail":"","_OrganizerPhone":"","_OrganizerWebsite":"","_VenueAddress":"","_VenueCity":"","_VenueCountry":"","_VenueProvince":"","_VenueState":"","_VenueZip":"","_VenuePhone":"","_VenueURL":"","_VenueStateProvince":"","_VenueLat":"","_VenueLng":"","_VenueShowMap":false,"_VenueShowMapLink":false},"categories":[101,34],"tags":[329],"class_list":["post-31591","awf-news","type-awf-news","status-publish","has-post-thumbnail","hentry","category-north-america-es","category-news-es","tag-norteamerica"],"_links":{"self":[{"href":"https:\/\/awf.world\/es\/wp-json\/wp\/v2\/awf-news\/31591","targetHints":{"allow":["GET"]}}],"collection":[{"href":"https:\/\/awf.world\/es\/wp-json\/wp\/v2\/awf-news"}],"about":[{"href":"https:\/\/awf.world\/es\/wp-json\/wp\/v2\/types\/awf-news"}],"author":[{"embeddable":true,"href":"https:\/\/awf.world\/es\/wp-json\/wp\/v2\/users\/24"}],"wp:featuredmedia":[{"embeddable":true,"href":"https:\/\/awf.world\/es\/wp-json\/wp\/v2\/media\/31589"}],"wp:attachment":[{"href":"https:\/\/awf.world\/es\/wp-json\/wp\/v2\/media?parent=31591"}],"wp:term":[{"taxonomy":"category","embeddable":true,"href":"https:\/\/awf.world\/es\/wp-json\/wp\/v2\/categories?post=31591"},{"taxonomy":"post_tag","embeddable":true,"href":"https:\/\/awf.world\/es\/wp-json\/wp\/v2\/tags?post=31591"}],"curies":[{"name":"wp","href":"https:\/\/api.w.org\/{rel}","templated":true}]}}