{"id":31539,"date":"2022-07-15T11:09:04","date_gmt":"2022-07-15T14:09:04","guid":{"rendered":"https:\/\/awf.world\/awf-news\/movilizando-la-region-de-europa-y-medio-oriente-para-las-misiones-en-un-mundo-en-cambio-constante\/"},"modified":"2022-07-25T10:36:01","modified_gmt":"2022-07-25T13:36:01","slug":"movilizando-la-region-de-europa-y-medio-oriente-para-las-misiones-en-un-mundo-en-cambio-constante","status":"publish","type":"awf-news","link":"https:\/\/awf.world\/es\/awf-news\/movilizando-la-region-de-europa-y-medio-oriente-para-las-misiones-en-un-mundo-en-cambio-constante\/","title":{"rendered":"Movilizando la Regi\u00f3n de Europa y Medio Oriente para las Misiones en un Mundo en Cambio Constante"},"content":{"rendered":"<h3 style=\"text-align: justify;\">La Conferencia Regional 2022 de EMERALD (Europa y Medio Oriente) de AWF fue el primer encuentro regional desde la conferencia de 2019 en Alemania. Asistieron m\u00e1s de 70 delegados de la regi\u00f3n, de la familia m\u00e1s amplia de la AWF y del ICTE (Comisi\u00f3n Internacional de Educaci\u00f3n Teol\u00f3gica), junto con m\u00e1s de 30 de la iglesia nacional anfitriona de la Alianza.<\/h3>\n<p>Fue una gran y alegre bendici\u00f3n volver a estar f\u00edsicamente juntos despu\u00e9s de una pausa de tres a\u00f1os, especialmente para nuestros hermanos y hermanas de la Alianza de Siria, Irak, L\u00edbano y Egipto, que pudieron asistir gracias a la generosidad de las iglesias de la Alianza de todo el mundo. Tambi\u00e9n agradecemos al equipo local que atendi\u00f3 tan bien a los delegados.<\/p>\n<figure id=\"attachment_31527\" aria-describedby=\"caption-attachment-31527\" style=\"width: 300px\" class=\"wp-caption alignright\"><img loading=\"lazy\" decoding=\"async\" class=\"wp-image-31527 size-medium\" src=\"https:\/\/awf.world\/wp-content\/uploads\/2022\/07\/EMERALD-Regional-Conference_Amman-Jordan_2022-052-300x225.jpeg\" alt=\"\" width=\"300\" height=\"225\" srcset=\"https:\/\/awf.world\/wp-content\/uploads\/2022\/07\/EMERALD-Regional-Conference_Amman-Jordan_2022-052-300x225.jpeg 300w, https:\/\/awf.world\/wp-content\/uploads\/2022\/07\/EMERALD-Regional-Conference_Amman-Jordan_2022-052-1024x768.jpeg 1024w, https:\/\/awf.world\/wp-content\/uploads\/2022\/07\/EMERALD-Regional-Conference_Amman-Jordan_2022-052-768x576.jpeg 768w, https:\/\/awf.world\/wp-content\/uploads\/2022\/07\/EMERALD-Regional-Conference_Amman-Jordan_2022-052.jpeg 1280w\" sizes=\"auto, (max-width: 300px) 100vw, 300px\" \/><figcaption id=\"caption-attachment-31527\" class=\"wp-caption-text\">El Rev. Dr. Stanley John predicando sobre las Misiones en un Mundo en Cambio Constante<\/figcaption><\/figure>\n<p>El tema de la conferencia fue \u201cLas Misiones en un Mundo en Cambio Constante\u201d, y el expositor principal fue el Dr. Stanley John, Profesor Asociado de Estudios Interculturales del Seminario Teol\u00f3gico de la Alianza. Present\u00f3 una ponencia sobre \u201cEl Factor Migratorio en los Centros Cambiantes del Cristianismo\u201d. A continuaci\u00f3n, se realiz\u00f3 un estudio b\u00edblico en profundidad sobre c\u00f3mo los trabajadores migrantes difunden el evangelio a trav\u00e9s del proceso de migraci\u00f3n forzada y voluntaria, empleando sus habilidades profesionales y el comercio para establecer un medio de vida que proporciona la base para las misiones.<\/p>\n<figure id=\"attachment_31530\" aria-describedby=\"caption-attachment-31530\" style=\"width: 300px\" class=\"wp-caption alignleft\"><img loading=\"lazy\" decoding=\"async\" class=\"wp-image-31530 size-medium\" src=\"https:\/\/awf.world\/wp-content\/uploads\/2022\/07\/EMERALD-Regional-Conference_Amman-Jordan_2022-051-300x225.jpeg\" alt=\"\" width=\"300\" height=\"225\" srcset=\"https:\/\/awf.world\/wp-content\/uploads\/2022\/07\/EMERALD-Regional-Conference_Amman-Jordan_2022-051-300x225.jpeg 300w, https:\/\/awf.world\/wp-content\/uploads\/2022\/07\/EMERALD-Regional-Conference_Amman-Jordan_2022-051-1024x768.jpeg 1024w, https:\/\/awf.world\/wp-content\/uploads\/2022\/07\/EMERALD-Regional-Conference_Amman-Jordan_2022-051-768x576.jpeg 768w, https:\/\/awf.world\/wp-content\/uploads\/2022\/07\/EMERALD-Regional-Conference_Amman-Jordan_2022-051.jpeg 1280w\" sizes=\"auto, (max-width: 300px) 100vw, 300px\" \/><figcaption id=\"caption-attachment-31530\" class=\"wp-caption-text\">El Dr. Peter Laughlin presentando el Manifiesto de Guayaquil<\/figcaption><\/figure>\n<p>El Dr. Peter Laughlin, Decano del Instituto Alianza para la Misi\u00f3n en el Colegio Australiano de Ministerios y Presidente de <a href=\"https:\/\/awf.world\/es\/educacion-teologica\/\" target=\"_blank\" rel=\"noopener\">ICTE<\/a>, present\u00f3 el <a href=\"https:\/\/awf.world\/es\/awf-news\/manifiesto-de-guayaquil\/\" target=\"_blank\" rel=\"noopener\">Manifiesto de Guayaquil<\/a> y facilit\u00f3 talleres que trataron cuestiones clave relacionadas con \u00e9l.<\/p>\n<figure id=\"attachment_31533\" aria-describedby=\"caption-attachment-31533\" style=\"width: 300px\" class=\"wp-caption alignright\"><img loading=\"lazy\" decoding=\"async\" class=\"size-medium wp-image-31533\" src=\"https:\/\/awf.world\/wp-content\/uploads\/2022\/07\/EMERALD-Regional-Conference_Amman-Jordan_2022-055-300x225.jpeg\" alt=\"\" width=\"300\" height=\"225\" srcset=\"https:\/\/awf.world\/wp-content\/uploads\/2022\/07\/EMERALD-Regional-Conference_Amman-Jordan_2022-055-300x225.jpeg 300w, https:\/\/awf.world\/wp-content\/uploads\/2022\/07\/EMERALD-Regional-Conference_Amman-Jordan_2022-055-1024x768.jpeg 1024w, https:\/\/awf.world\/wp-content\/uploads\/2022\/07\/EMERALD-Regional-Conference_Amman-Jordan_2022-055-768x576.jpeg 768w, https:\/\/awf.world\/wp-content\/uploads\/2022\/07\/EMERALD-Regional-Conference_Amman-Jordan_2022-055.jpeg 1280w\" sizes=\"auto, (max-width: 300px) 100vw, 300px\" \/><figcaption id=\"caption-attachment-31533\" class=\"wp-caption-text\">Taller de Socorro y Desarrollo<\/figcaption><\/figure>\n<p>Varios talleres vespertinos trataron temas como el Entrenamiento Aliancista, los Ministerios de Habla \u00c1rabe, <a href=\"\/?page_id=28949\" target=\"_blank\" rel=\"noopener\">Socorro y Desarrollo<\/a>, las <a href=\"https:\/\/awf.world\/es\/mision\/\" target=\"_blank\" rel=\"noopener\">Misiones en la Di\u00e1spora<\/a> y el Ministerio Eclesi\u00e1stico Internacional. Despu\u00e9s de las presentaciones se organizaron grupos por idioma para que todos pudieran dialogar las cuestiones clave planteadas en un idioma con el que se sintieran c\u00f3modos.<\/p>\n<p>El punto culminante de la conferencia fue la amistad y el amor fraternal que mostraron los presidentes de las iglesias nacionales de la Alianza de dos naciones en conflicto, al reunirse para guiarnos en la celebraci\u00f3n de la Mesa del Se\u00f1or y el sacrificio expiatorio de Jes\u00fas en la cruz.<\/p>\n<p>Los testimonios de los campos misioneros en el Medio Oriente y la di\u00e1spora en Europa acompa\u00f1aron a las presentaciones sobre c\u00f3mo est\u00e1n evolucionando las misiones en todo el mundo. Se nos plantearon ideas sobre c\u00f3mo tenemos que cambiar nuestra forma de pensar y entender las misiones para poder equipar y movilizar a los obreros laicos y bi-profesionales, especialmente de la di\u00e1spora, para las misiones.<\/p>\n<p>En la sesi\u00f3n de trabajo se produjeron muchos intercambios y debates fruct\u00edferos, y se eligi\u00f3 al pastor Rocco Rausch para el <a href=\"https:\/\/awf.world\/es\/leadership\/\" target=\"_blank\" rel=\"noopener\">Comit\u00e9 de Coordinaci\u00f3n Regional<\/a>. Se aprob\u00f3 una propuesta del Centro de la Alianza para el Desarrollo del Liderazgo para continuar con el programa internacional de grupos de prueba sobre la base de que satisfar\u00e1 los requisitos educativos para la obtenci\u00f3n de licencias en los pa\u00edses representados por la regi\u00f3n EMERALD. El \u00faltimo d\u00eda de la conferencia se dedic\u00f3 a visitar lugares hist\u00f3ricos locales del Imperio Romano y de la historia de los luchadores.<\/p>\n<p>La pr\u00f3xima reuni\u00f3n regional EMERALD de AWF tendr\u00e1 lugar en Francia en junio de 2023.<\/p>\n","protected":false},"author":24,"featured_media":31538,"template":"","meta":{"inline_featured_image":false,"ngg_post_thumbnail":0,"_EventAllDay":false,"_EventTimezone":"","_EventStartDate":"","_EventEndDate":"","_EventStartDateUTC":"","_EventEndDateUTC":"","_EventShowMap":false,"_EventShowMapLink":false,"_EventURL":"","_EventCost":"","_EventCostDescription":"","_EventCurrencySymbol":"","_EventCurrencyCode":"","_EventCurrencyPosition":"","_EventDateTimeSeparator":"","_EventTimeRangeSeparator":"","_EventOrganizerID":[],"_EventVenueID":[],"_OrganizerEmail":"","_OrganizerPhone":"","_OrganizerWebsite":"","_VenueAddress":"","_VenueCity":"","_VenueCountry":"","_VenueProvince":"","_VenueState":"","_VenueZip":"","_VenuePhone":"","_VenueURL":"","_VenueStateProvince":"","_VenueLat":"","_VenueLng":"","_VenueShowMap":false,"_VenueShowMapLink":false},"categories":[100,34],"tags":[258,689],"class_list":["post-31539","awf-news","type-awf-news","status-publish","has-post-thumbnail","hentry","category-emerald-es","category-news-es","tag-diaspora-es","tag-europa-y-medio-oriente"],"_links":{"self":[{"href":"https:\/\/awf.world\/es\/wp-json\/wp\/v2\/awf-news\/31539","targetHints":{"allow":["GET"]}}],"collection":[{"href":"https:\/\/awf.world\/es\/wp-json\/wp\/v2\/awf-news"}],"about":[{"href":"https:\/\/awf.world\/es\/wp-json\/wp\/v2\/types\/awf-news"}],"author":[{"embeddable":true,"href":"https:\/\/awf.world\/es\/wp-json\/wp\/v2\/users\/24"}],"wp:featuredmedia":[{"embeddable":true,"href":"https:\/\/awf.world\/es\/wp-json\/wp\/v2\/media\/31538"}],"wp:attachment":[{"href":"https:\/\/awf.world\/es\/wp-json\/wp\/v2\/media?parent=31539"}],"wp:term":[{"taxonomy":"category","embeddable":true,"href":"https:\/\/awf.world\/es\/wp-json\/wp\/v2\/categories?post=31539"},{"taxonomy":"post_tag","embeddable":true,"href":"https:\/\/awf.world\/es\/wp-json\/wp\/v2\/tags?post=31539"}],"curies":[{"name":"wp","href":"https:\/\/api.w.org\/{rel}","templated":true}]}}