{"id":31482,"date":"2022-06-30T14:54:11","date_gmt":"2022-06-30T17:54:11","guid":{"rendered":"https:\/\/awf.world\/?post_type=awf-news&#038;p=31482"},"modified":"2022-06-30T15:13:16","modified_gmt":"2022-06-30T18:13:16","slug":"conoce-a-jose-luis-jaldin-el-nuevo-presidente-de-la-alianza-de-bolivia","status":"publish","type":"awf-news","link":"https:\/\/awf.world\/es\/awf-news\/conoce-a-jose-luis-jaldin-el-nuevo-presidente-de-la-alianza-de-bolivia\/","title":{"rendered":"Conoce a Jos\u00e9 Luis Jald\u00edn, el Nuevo Presidente de la Alianza de Bolivia"},"content":{"rendered":"<h3 style=\"text-align: justify;\">De Montero, Santa Cruz de la Sierra, el Rev. Jos\u00e9 Luis Jald\u00edn es el nuevo presidente de la Iglesia ACyM de Bolivia. Su deseo para la iglesia nacional es activar los ministerios, enfatizar nuevas plantaciones de iglesias, y apoyar el avance del Reino de Dios.<\/h3>\n<p><img loading=\"lazy\" decoding=\"async\" class=\"alignright size-medium wp-image-31476\" src=\"https:\/\/awf.world\/wp-content\/uploads\/2022\/06\/Jose-Luis-Jaldin_President-Bolivia_2022-052-300x300.jpg\" alt=\"\" width=\"300\" height=\"300\" srcset=\"https:\/\/awf.world\/wp-content\/uploads\/2022\/06\/Jose-Luis-Jaldin_President-Bolivia_2022-052-300x300.jpg 300w, https:\/\/awf.world\/wp-content\/uploads\/2022\/06\/Jose-Luis-Jaldin_President-Bolivia_2022-052-1020x1024.jpg 1020w, https:\/\/awf.world\/wp-content\/uploads\/2022\/06\/Jose-Luis-Jaldin_President-Bolivia_2022-052-150x150.jpg 150w, https:\/\/awf.world\/wp-content\/uploads\/2022\/06\/Jose-Luis-Jaldin_President-Bolivia_2022-052-768x771.jpg 768w, https:\/\/awf.world\/wp-content\/uploads\/2022\/06\/Jose-Luis-Jaldin_President-Bolivia_2022-052-1530x1536.jpg 1530w, https:\/\/awf.world\/wp-content\/uploads\/2022\/06\/Jose-Luis-Jaldin_President-Bolivia_2022-052-2040x2048.jpg 2040w\" sizes=\"auto, (max-width: 300px) 100vw, 300px\" \/><\/p>\n<p>El Rev. Jos\u00e9 Luis Jald\u00edn Balderrama naci\u00f3 en abril de 1975 en Montero, Bolivia. Sali\u00f3 de su casa cuando ten\u00eda 13 a\u00f1os y realiz\u00f3 estudios en Cochabamba. Se cas\u00f3 con Maribel Saavedra en el 2000 y juntos tienen tres hijos: Jos\u00e9 Fernando, de 21 a\u00f1os; Ester Raquel de 17; y Gabriel Si\u00f3n de 9.<\/p>\n<p>El Rev. Jald\u00edn estudi\u00f3 ingenier\u00eda civil en la Universidad Mayor de San Sim\u00f3n. Tiene una maestr\u00eda en Gesti\u00f3n Integral de Recursos H\u00eddricos y obtuvo un Ph.D. <em>Cum Lauden<\/em> en Ciencias de la Educaci\u00f3n. Tiene experiencia de trabajo con ni\u00f1os en situaci\u00f3n de calle y actualmente apoya a la comunidad donde vive, como sub\/presidente de la Organizaci\u00f3n Territorial de bases Huayllani Grande. Su labor ha tenido el reconocimiento como \u201cCiudadano Meritorio\u201d de Sacaba y la \u201cMedalla al M\u00e9rito\u201d de la C\u00e1mara de Diputados de Bolivia.<\/p>\n<p>El Rev. Jald\u00edn acept\u00f3 a Jesucristo como su Se\u00f1or y Salvador el 2 de noviembre de 1995, y junto con otros ocho j\u00f3venes inici\u00f3 lo que ser\u00eda la Iglesia Alianza Cristiana y Misionera de Cochabamba. En ese tiempo, la iglesia no ten\u00eda pastor y Dios le permiti\u00f3 desarrollar de inmediato sus habilidades de liderazgo. Decidi\u00f3 prepararse para servir al Se\u00f1or y fue a estudiar al Seminario Teol\u00f3gico Alianza.<\/p>\n<p>Inici\u00f3 su ministerio trabajando con ni\u00f1os, adolescentes, j\u00f3venes y matrimonios. Posteriormente se convirti\u00f3 en pastor de la Iglesia Alianza de Cochabamba, despu\u00e9s el Rev. Jald\u00edn fue asignado a la Iglesia Alianza de Quillacollo, donde actualmente sirve como pastor. Fue elegido presidente de la <a href=\"https:\/\/awf.world\/es\/country-description\/bolivia\/\" target=\"_blank\" rel=\"noopener\">Alianza Cristiana y Misionera de Bolivia<\/a> en mayo de 2022, por un per\u00edodo de tres a\u00f1os.<\/p>\n<p>El Rev. Jald\u00edn espera activar los ministerios nacionales, enfatizando la plantaci\u00f3n de iglesias y apoyando al avance del Reino de Dios.<\/p>\n<p>Nos pide que oremos por \u00e9l y su familia en el apoyo a los pastores en Bolivia, para que den frutos para la gloria de Dios. Oremos para que Dios gu\u00ede y bendiga al Rev. Jos\u00e9 Jald\u00edn en el liderazgo de la Iglesia Alianza de Bolivia.<\/p>\n","protected":false},"author":24,"featured_media":31481,"template":"","meta":{"inline_featured_image":false,"ngg_post_thumbnail":0,"_EventAllDay":false,"_EventTimezone":"","_EventStartDate":"","_EventEndDate":"","_EventStartDateUTC":"","_EventEndDateUTC":"","_EventShowMap":false,"_EventShowMapLink":false,"_EventURL":"","_EventCost":"","_EventCostDescription":"","_EventCurrencySymbol":"","_EventCurrencyCode":"","_EventCurrencyPosition":"","_EventDateTimeSeparator":"","_EventTimeRangeSeparator":"","_EventOrganizerID":[],"_EventVenueID":[],"_OrganizerEmail":"","_OrganizerPhone":"","_OrganizerWebsite":"","_VenueAddress":"","_VenueCity":"","_VenueCountry":"","_VenueProvince":"","_VenueState":"","_VenueZip":"","_VenuePhone":"","_VenueURL":"","_VenueStateProvince":"","_VenueLat":"","_VenueLng":"","_VenueShowMap":false,"_VenueShowMapLink":false},"categories":[99,34],"tags":[198,415,231,209],"class_list":["post-31482","awf-news","type-awf-news","status-publish","has-post-thumbnail","hentry","category-latin-america-es","category-news-es","tag-biografia","tag-bolivia-es","tag-cla-es","tag-america-latina"],"_links":{"self":[{"href":"https:\/\/awf.world\/es\/wp-json\/wp\/v2\/awf-news\/31482","targetHints":{"allow":["GET"]}}],"collection":[{"href":"https:\/\/awf.world\/es\/wp-json\/wp\/v2\/awf-news"}],"about":[{"href":"https:\/\/awf.world\/es\/wp-json\/wp\/v2\/types\/awf-news"}],"author":[{"embeddable":true,"href":"https:\/\/awf.world\/es\/wp-json\/wp\/v2\/users\/24"}],"wp:featuredmedia":[{"embeddable":true,"href":"https:\/\/awf.world\/es\/wp-json\/wp\/v2\/media\/31481"}],"wp:attachment":[{"href":"https:\/\/awf.world\/es\/wp-json\/wp\/v2\/media?parent=31482"}],"wp:term":[{"taxonomy":"category","embeddable":true,"href":"https:\/\/awf.world\/es\/wp-json\/wp\/v2\/categories?post=31482"},{"taxonomy":"post_tag","embeddable":true,"href":"https:\/\/awf.world\/es\/wp-json\/wp\/v2\/tags?post=31482"}],"curies":[{"name":"wp","href":"https:\/\/api.w.org\/{rel}","templated":true}]}}