{"id":31388,"date":"2022-05-24T10:37:58","date_gmt":"2022-05-24T13:37:58","guid":{"rendered":"https:\/\/awf.world\/awf-news\/innovacion-en-las-misiones-empresarios-y-profesionales\/"},"modified":"2022-11-04T13:44:04","modified_gmt":"2022-11-04T16:44:04","slug":"innovacion-en-las-misiones-empresarios-y-profesionales","status":"publish","type":"awf-news","link":"https:\/\/awf.world\/es\/awf-news\/innovacion-en-las-misiones-empresarios-y-profesionales\/","title":{"rendered":"Innovaci\u00f3n en las Misiones: Empresarios y Profesionales"},"content":{"rendered":"<h3 style=\"text-align: justify;\">El primer Congreso Internacional de Negocios y Misiones de la AWF se realiz\u00f3 en Chile en abril de 2022. Persiguiendo proyectos de colaboraci\u00f3n que env\u00eden espec\u00edficamente a los profesionales latinoamericanos de Marketplace, la Alianza Cristiana y Misionera sigue trabajando en unir esfuerzos para incluir a empresarios y profesionales en las misiones. Si usted est\u00e1 interesado en participar, por favor, p\u00f3ngase en contacto con <a href=\"mailto:office@awf.world\" target=\"_blank\" rel=\"noopener\">office@awf.world<\/a>.<\/h3>\n<p>Durante los <a href=\"https:\/\/awf.world\/es\/awf-news\/terminando-la-tarea-a-quien-enviare-quien-ira-por-nosotros\/\" target=\"_blank\" rel=\"noopener\">talleres de la Cuadrienal de AWF 2021 en Guayaquil<\/a>, uno de los temas centrales fue c\u00f3mo aumentar la movilizaci\u00f3n y el compromiso actual tanto en los negocios como en el mercado laboral. Las conversaciones condujeron a los siguientes pasos pr\u00e1cticos para continuar las conversaciones sobre c\u00f3mo iniciar las asociaciones y la colaboraci\u00f3n. El objetivo es fortalecer el capital social de los profesionales y empresarios de la regi\u00f3n latinoamericana, as\u00ed como dise\u00f1ar nuevas acciones conjuntas para implementar nuevos proyectos empresariales a nivel internacional.<\/p>\n<p><img loading=\"lazy\" decoding=\"async\" class=\"alignright size-medium wp-image-31385\" src=\"https:\/\/awf.world\/wp-content\/uploads\/2022\/05\/Chile_Professionals-and-Businessmen-Workshop_2022-0442-300x200.jpg\" alt=\"\" width=\"300\" height=\"200\" srcset=\"https:\/\/awf.world\/wp-content\/uploads\/2022\/05\/Chile_Professionals-and-Businessmen-Workshop_2022-0442-300x200.jpg 300w, https:\/\/awf.world\/wp-content\/uploads\/2022\/05\/Chile_Professionals-and-Businessmen-Workshop_2022-0442-1024x683.jpg 1024w, https:\/\/awf.world\/wp-content\/uploads\/2022\/05\/Chile_Professionals-and-Businessmen-Workshop_2022-0442-768x512.jpg 768w, https:\/\/awf.world\/wp-content\/uploads\/2022\/05\/Chile_Professionals-and-Businessmen-Workshop_2022-0442-391x260.jpg 391w, https:\/\/awf.world\/wp-content\/uploads\/2022\/05\/Chile_Professionals-and-Businessmen-Workshop_2022-0442-1536x1024.jpg 1536w\" sizes=\"auto, (max-width: 300px) 100vw, 300px\" \/><\/p>\n<p>El primer Congreso Internacional de Negocios y Misiones de la AWF fue organizado por el Departamento de Misiones de la Alianza Chilena debido a su inter\u00e9s en reunir a l\u00edderes denominacionales, pastores y empresarios para promover una cultura de emprendimiento entre los obreros interculturales. Esto les permitir\u00e1 construir empresas y negocios como plataforma para las misiones. Hay muchos empresarios en la Alianza de Chile que est\u00e1n desarrollando activamente modelos de negocio que pueden ser implementados en diferentes pa\u00edses.<\/p>\n<p>En pa\u00edses con acceso restringido al evangelio, es necesario contar con nuevas plataformas que permitan a las misiones tener una entrada leg\u00edtima y obtener recursos econ\u00f3micos que permitan tambi\u00e9n financiar las misiones.<\/p>\n<p><img loading=\"lazy\" decoding=\"async\" class=\"alignleft size-medium wp-image-31382\" src=\"https:\/\/awf.world\/wp-content\/uploads\/2022\/05\/Chile_Professionals-and-Businessmen-Workshop_2022-0445-300x200.jpg\" alt=\"\" width=\"300\" height=\"200\" srcset=\"https:\/\/awf.world\/wp-content\/uploads\/2022\/05\/Chile_Professionals-and-Businessmen-Workshop_2022-0445-300x200.jpg 300w, https:\/\/awf.world\/wp-content\/uploads\/2022\/05\/Chile_Professionals-and-Businessmen-Workshop_2022-0445-1024x683.jpg 1024w, https:\/\/awf.world\/wp-content\/uploads\/2022\/05\/Chile_Professionals-and-Businessmen-Workshop_2022-0445-768x512.jpg 768w, https:\/\/awf.world\/wp-content\/uploads\/2022\/05\/Chile_Professionals-and-Businessmen-Workshop_2022-0445-391x260.jpg 391w, https:\/\/awf.world\/wp-content\/uploads\/2022\/05\/Chile_Professionals-and-Businessmen-Workshop_2022-0445-1536x1024.jpg 1536w\" sizes=\"auto, (max-width: 300px) 100vw, 300px\" \/><\/p>\n<p>El pastor Iv\u00e1n Bonilla, director de misiones de la Alianza Colombiana, present\u00f3 el proyecto \u201cEscuela Misionera de Barismo\u201d. Busca crear un programa de baristas para los obreros internacionales de la Alianza de todo el mundo que est\u00e9n interesados en entrar en pa\u00edses con acceso restringido con visa de negocios o como trabajadores expertos en la preparaci\u00f3n de bebidas a base de caf\u00e9.<\/p>\n<p>Se anim\u00f3 a los profesionales y empresarios a seguir utilizando sus dones, talentos, habilidades y recursos para formar parte de la movilizaci\u00f3n misionera para extender el Reino de Dios.<\/p>\n<p>Oremos para que el Se\u00f1or gu\u00ede y d\u00e9 sabidur\u00eda a nuestros hermanos y hermanas para que sigan desarrollando su negocio y su ministerio misionero profesional. Oremos tambi\u00e9n por los pr\u00f3ximos pasos y asociaciones que dar\u00e1n. Que el Se\u00f1or les ayude a solidificar este ministerio. Si usted est\u00e1 interesado en participar, por favor, p\u00f3ngase en contacto con <a href=\"mailto:office@awf.world\" target=\"_blank\" rel=\"noopener\">office@awf.world<\/a>.<\/p>\n","protected":false},"author":24,"featured_media":31381,"template":"","meta":{"inline_featured_image":false,"ngg_post_thumbnail":0,"_EventAllDay":false,"_EventTimezone":"","_EventStartDate":"","_EventEndDate":"","_EventStartDateUTC":"","_EventEndDateUTC":"","_EventShowMap":false,"_EventShowMapLink":false,"_EventURL":"","_EventCost":"","_EventCostDescription":"","_EventCurrencySymbol":"","_EventCurrencyCode":"","_EventCurrencyPosition":"","_EventDateTimeSeparator":"","_EventTimeRangeSeparator":"","_EventOrganizerID":[],"_EventVenueID":[],"_OrganizerEmail":"","_OrganizerPhone":"","_OrganizerWebsite":"","_VenueAddress":"","_VenueCity":"","_VenueCountry":"","_VenueProvince":"","_VenueState":"","_VenueZip":"","_VenuePhone":"","_VenueURL":"","_VenueStateProvince":"","_VenueLat":"","_VenueLng":"","_VenueShowMap":false,"_VenueShowMapLink":false},"categories":[99,34],"tags":[396,209],"class_list":["post-31388","awf-news","type-awf-news","status-publish","has-post-thumbnail","hentry","category-latin-america-es","category-news-es","tag-chile-es","tag-america-latina"],"_links":{"self":[{"href":"https:\/\/awf.world\/es\/wp-json\/wp\/v2\/awf-news\/31388","targetHints":{"allow":["GET"]}}],"collection":[{"href":"https:\/\/awf.world\/es\/wp-json\/wp\/v2\/awf-news"}],"about":[{"href":"https:\/\/awf.world\/es\/wp-json\/wp\/v2\/types\/awf-news"}],"author":[{"embeddable":true,"href":"https:\/\/awf.world\/es\/wp-json\/wp\/v2\/users\/24"}],"wp:featuredmedia":[{"embeddable":true,"href":"https:\/\/awf.world\/es\/wp-json\/wp\/v2\/media\/31381"}],"wp:attachment":[{"href":"https:\/\/awf.world\/es\/wp-json\/wp\/v2\/media?parent=31388"}],"wp:term":[{"taxonomy":"category","embeddable":true,"href":"https:\/\/awf.world\/es\/wp-json\/wp\/v2\/categories?post=31388"},{"taxonomy":"post_tag","embeddable":true,"href":"https:\/\/awf.world\/es\/wp-json\/wp\/v2\/tags?post=31388"}],"curies":[{"name":"wp","href":"https:\/\/api.w.org\/{rel}","templated":true}]}}