{"id":31148,"date":"2022-04-25T09:37:15","date_gmt":"2022-04-25T12:37:15","guid":{"rendered":"https:\/\/awf.world\/awf-news\/conoce-a-andre-binet-el-nuevo-presidente-de-la-alianza-de-gabon\/"},"modified":"2022-06-14T16:45:47","modified_gmt":"2022-06-14T19:45:47","slug":"conoce-a-andre-binet-el-nuevo-presidente-de-la-alianza-de-gabon","status":"publish","type":"awf-news","link":"https:\/\/awf.world\/es\/awf-news\/conoce-a-andre-binet-el-nuevo-presidente-de-la-alianza-de-gabon\/","title":{"rendered":"Conoce a Andr\u00e9 Binet, el Nuevo Presidente de la Alianza de Gab\u00f3n"},"content":{"rendered":"<h3 style=\"text-align: justify;\">El nuevo presidente de la iglesia ACyM de Gab\u00f3n, el Rev. Andr\u00e9 Binet, tiene una visi\u00f3n para la iglesia nacional: \u201cUna iglesia visible, conquistadora y humilde sirve para obtener resultados reales\u201d. Como presidente, el Rev. Binet quiere fortalecer y desarrollar la Alianza en todos los \u00e1mbitos.<\/h3>\n<p>El Rev. Andr\u00e9 Philibert Binet naci\u00f3 en junio de 1966 en la provincia de Ogoou\u00e9 Maritime, departamento de Etimbou\u00e9, Gab\u00f3n. Sus padres eran cat\u00f3licos practicantes y \u00e9l y sus hermanos crecieron en un hogar religioso. El Rev. Binet est\u00e1 casado con Juliette desde 1993 y tienen tres hijos: Rolia, de 31 a\u00f1os, Eliel Andr\u00e9, de 21, y Eliphaz Juliandre, de 15.<\/p>\n<p>El Rev. Binet acept\u00f3 a Jesucristo como su Se\u00f1or y Salvador en octubre de 1982, a la edad de 15 a\u00f1os. Respondi\u00f3 a la invitaci\u00f3n de un joven para participar en una reuni\u00f3n en su escuela donde se hablaba de Dios. La predicaci\u00f3n del evangelio era diferente a la que escuchaba en la iglesia cat\u00f3lica a la que sol\u00eda asistir. Estaba sirviendo a un Dios que no conoc\u00eda, y ese d\u00eda comprendi\u00f3 la necesidad de entregarle su vida a Jes\u00fas.<\/p>\n<p>El Rev. Binet asisti\u00f3 al Instituto B\u00edblico Bethel de Libreville y continu\u00f3 su formaci\u00f3n realizando cursos de diplomado en l\u00ednea. Su ministerio pastoral en la <a href=\"https:\/\/awf.world\/es\/country-description\/gabon\/\" target=\"_blank\" rel=\"noopener\">Iglesia de la Alianza Cristiana y Misionera de Gab\u00f3n<\/a> comenz\u00f3 en 1996 en Ombou\u00e9, y desde entonces ha trabajado en todo el pa\u00eds sirviendo durante 12 a\u00f1os en las regiones del s\u00ednodo, ense\u00f1ando en la escuela b\u00edblica y evangelizando.<\/p>\n<p>Elegido presidente en julio de 2021 para un mandato de cuatro a\u00f1os, el Rev. Binet tiene una visi\u00f3n para la iglesia nacional: \u201cUna iglesia visible, conquistadora y humilde que sirve para obtener resultados reales\u201d. Una iglesia visible que cambiar\u00e1 su forma de comunicarse con el exterior mediante la creaci\u00f3n de una emisora de radio y televisi\u00f3n. Una iglesia que fortalecer\u00e1 la presencia del evangelio, revitalizando la misi\u00f3n y llegando a los pueblos cerrados al evangelio. Una iglesia que sirva a las comunidades, proporcionando educaci\u00f3n superior. En asociaci\u00f3n con una iglesia hermana, acaban de abrir la primera escuela cristiana de agronom\u00eda e ingenier\u00eda.<\/p>\n<p>El Rev. Binet nos pide que oremos por sabidur\u00eda para dirigir al pueblo de Dios en el cumplimiento de la visi\u00f3n. Tambi\u00e9n nos pide que oremos por su familia para que permanezca fiel al Se\u00f1or.<\/p>\n","protected":false},"author":24,"featured_media":31147,"template":"","meta":{"inline_featured_image":false,"ngg_post_thumbnail":0,"_EventAllDay":false,"_EventTimezone":"","_EventStartDate":"","_EventEndDate":"","_EventStartDateUTC":"","_EventEndDateUTC":"","_EventShowMap":false,"_EventShowMapLink":false,"_EventURL":"","_EventCost":"","_EventCostDescription":"","_EventCurrencySymbol":"","_EventCurrencyCode":"","_EventCurrencyPosition":"","_EventDateTimeSeparator":"","_EventTimeRangeSeparator":"","_EventOrganizerID":[],"_EventVenueID":[],"_OrganizerEmail":"","_OrganizerPhone":"","_OrganizerWebsite":"","_VenueAddress":"","_VenueCity":"","_VenueCountry":"","_VenueProvince":"","_VenueState":"","_VenueZip":"","_VenuePhone":"","_VenueURL":"","_VenueStateProvince":"","_VenueLat":"","_VenueLng":"","_VenueShowMap":false,"_VenueShowMapLink":false},"categories":[285,34],"tags":[279,198,359],"class_list":["post-31148","awf-news","type-awf-news","status-publish","has-post-thumbnail","hentry","category-africa-es","category-news-es","tag-africa-es","tag-biografia","tag-gabon"],"_links":{"self":[{"href":"https:\/\/awf.world\/es\/wp-json\/wp\/v2\/awf-news\/31148","targetHints":{"allow":["GET"]}}],"collection":[{"href":"https:\/\/awf.world\/es\/wp-json\/wp\/v2\/awf-news"}],"about":[{"href":"https:\/\/awf.world\/es\/wp-json\/wp\/v2\/types\/awf-news"}],"author":[{"embeddable":true,"href":"https:\/\/awf.world\/es\/wp-json\/wp\/v2\/users\/24"}],"wp:featuredmedia":[{"embeddable":true,"href":"https:\/\/awf.world\/es\/wp-json\/wp\/v2\/media\/31147"}],"wp:attachment":[{"href":"https:\/\/awf.world\/es\/wp-json\/wp\/v2\/media?parent=31148"}],"wp:term":[{"taxonomy":"category","embeddable":true,"href":"https:\/\/awf.world\/es\/wp-json\/wp\/v2\/categories?post=31148"},{"taxonomy":"post_tag","embeddable":true,"href":"https:\/\/awf.world\/es\/wp-json\/wp\/v2\/tags?post=31148"}],"curies":[{"name":"wp","href":"https:\/\/api.w.org\/{rel}","templated":true}]}}