{"id":30939,"date":"2022-03-22T09:23:51","date_gmt":"2022-03-22T12:23:51","guid":{"rendered":"https:\/\/awf.world\/awf-news\/frente-a-la-hambruna-y-el-terrorismo\/"},"modified":"2022-03-22T13:13:30","modified_gmt":"2022-03-22T18:13:30","slug":"frente-a-la-hambruna-y-el-terrorismo","status":"publish","type":"awf-news","link":"https:\/\/awf.world\/es\/awf-news\/frente-a-la-hambruna-y-el-terrorismo\/","title":{"rendered":"Frente a la Hambruna y el Terrorismo"},"content":{"rendered":"<h3 style=\"text-align: justify;\">Burkina Faso y Mali son naciones de \u00c1frica occidental que se enfrentan a la hambruna desde hace d\u00e9cadas. En los \u00faltimos a\u00f1os, los ataques terroristas yihadistas han provocado el desplazamiento de muchas personas. Los nacionales, en su mayor\u00eda mujeres y ni\u00f1os, est\u00e1n siendo reubicados hacia el oeste, en el desierto del Sahara. Sobreviviendo principalmente gracias a la agricultura, estas personas son v\u00edctimas de las sequ\u00edas e inundaciones habituales en el S\u00e1hara, lo que pone a\u00fan m\u00e1s en peligro sus vidas.<\/h3>\n<p>En Burkina Faso, seg\u00fan el balance de la \u00faltima temporada de cultivo, \u00abal menos veinte provincias de las cuarenta y cinco est\u00e1n en d\u00e9ficit. Si no se hace nada, m\u00e1s de dos millones y medio de personas estar\u00e1n en situaci\u00f3n de vulnerabilidad alimentaria\u00bb. La publicaci\u00f3n de las Naciones Unidas <em>Mali: Panorama de las Necesidades Humanitarias 2019<\/em>, afirma: \u00abLos choques recurrentes y sucesivos impiden a 3,2 millones de personas m\u00e1s vulnerables garantizar su seguridad alimentaria, acceder a las necesidades de salud y nutrici\u00f3n, y protegerse de los efectos del conflicto.\u00bb<\/p>\n<p>Luego, a finales de agosto de 2021, el cielo se abri\u00f3 provocando inundaciones localizadas. Las regiones de Boucle du Mouhoun, Suroeste, Cascadas, Este, Centro-Este y Centro-Sur fueron las m\u00e1s afectadas en Burkina Faso. Tan pronto como las aguas de las inundaciones se dispersaron, volvi\u00f3 la grave sequ\u00eda. En la temporada de cosecha de oto\u00f1o, tanto los cultivos alimentarios como el forraje para los animales hab\u00edan quedado diezmados. En septiembre, el mal tiempo ya hab\u00eda provocado p\u00e9rdidas del orden de 52.000 hect\u00e1reas.<\/p>\n<p>Adem\u00e1s de la pobreza cr\u00f3nica, los habitantes de Mail se enfrentan a la escasez de recursos naturales, que se ha visto agravada por el cambio clim\u00e1tico, la reducci\u00f3n de las lluvias y los problemas de distribuci\u00f3n.<\/p>\n<p>En ambos pa\u00edses, el precio de los cereales, una de las principales comidas, se ha triplicado y, en algunos lugares, cuadruplicado con respecto a a\u00f1os anteriores. La mayor\u00eda de los hogares luchan por tener dos comidas al d\u00eda. La crisis alimentaria ha agravado la pobreza cr\u00f3nica end\u00e9mica de \u00c1frica occidental.<\/p>\n<p><img loading=\"lazy\" decoding=\"async\" class=\"alignleft size-medium wp-image-30933\" src=\"https:\/\/awf.world\/wp-content\/uploads\/2022\/03\/Facing-Famine-and-Terrorism_Burkina-Faso5-1-300x234.jpeg\" alt=\"\" width=\"300\" height=\"234\" srcset=\"https:\/\/awf.world\/wp-content\/uploads\/2022\/03\/Facing-Famine-and-Terrorism_Burkina-Faso5-1-300x234.jpeg 300w, https:\/\/awf.world\/wp-content\/uploads\/2022\/03\/Facing-Famine-and-Terrorism_Burkina-Faso5-1-768x598.jpeg 768w, https:\/\/awf.world\/wp-content\/uploads\/2022\/03\/Facing-Famine-and-Terrorism_Burkina-Faso5-1.jpeg 809w\" sizes=\"auto, (max-width: 300px) 100vw, 300px\" \/>Durante las estaciones secas, el \u00e9xodo masivo de j\u00f3venes rurales, la migraci\u00f3n regional e internacional y el desplazamiento involuntario de muchos han provocado un aumento de la inseguridad y la desesperanza. La situaci\u00f3n requiere una estrecha vigilancia y una importante intervenci\u00f3n este a\u00f1o.<\/p>\n<p>Adem\u00e1s de los problemas meteorol\u00f3gicos, apenas pasa una semana sin que se produzcan atentados terroristas. Al principio, los ataques se dirig\u00edan a las comisar\u00edas de polic\u00eda y de la gendarmer\u00eda, pero poco a poco se han ido extendiendo a iglesias, mercados, escuelas, casas y edificios p\u00fablicos. Los ataques incluyen intimidaciones, amenazas de muerte, asesinatos, quema de casas y escuelas, y destrucci\u00f3n de iglesias cristianas. Los yihadistas quieren imponer la ley isl\u00e1mica al pueblo, prohibiendo el culto cristiano y las pr\u00e1cticas agr\u00edcolas. Se calcula que se han abandonado 412.000 hect\u00e1reas de tierra cultivada y que miles de personas han abandonado sus hogares a causa de los robos, las violaciones, los secuestros, los incendios y el cierre de escuelas.<\/p>\n<p><img loading=\"lazy\" decoding=\"async\" class=\"alignright size-medium wp-image-30938\" src=\"https:\/\/awf.world\/wp-content\/uploads\/2022\/03\/Facing-Famine-and-Terrorism_Burkina-Faso8-225x300.jpeg\" alt=\"\" width=\"225\" height=\"300\" srcset=\"https:\/\/awf.world\/wp-content\/uploads\/2022\/03\/Facing-Famine-and-Terrorism_Burkina-Faso8-225x300.jpeg 225w, https:\/\/awf.world\/wp-content\/uploads\/2022\/03\/Facing-Famine-and-Terrorism_Burkina-Faso8-767x1024.jpeg 767w, https:\/\/awf.world\/wp-content\/uploads\/2022\/03\/Facing-Famine-and-Terrorism_Burkina-Faso8-768x1025.jpeg 768w, https:\/\/awf.world\/wp-content\/uploads\/2022\/03\/Facing-Famine-and-Terrorism_Burkina-Faso8-300x400.jpeg 300w, https:\/\/awf.world\/wp-content\/uploads\/2022\/03\/Facing-Famine-and-Terrorism_Burkina-Faso8.jpeg 809w\" sizes=\"auto, (max-width: 225px) 100vw, 225px\" \/>La inseguridad y los abusos orquestados por los grupos yihadistas son, por supuesto, incompatibles con la cultura y las pr\u00e1cticas de los nacionales. Los conflictos y las luchas internas, junto con la persistente pandemia de coronavirus, siguen debilitando a la poblaci\u00f3n, lo que hace que su situaci\u00f3n sea m\u00e1s desesperada, y al huir los j\u00f3venes, es m\u00e1s f\u00e1cil que los movimientos extremistas los desestabilicen. Las necesidades prioritarias en la actualidad son la alimentaci\u00f3n y la vivienda, que han sido un reto constante para sus dirigentes.<\/p>\n<p>La Confraternidad Mundial de la Alianza, junto con los l\u00edderes nacionales de la Alianza en Burkina Faso y Mali, planean iniciar un Proyecto de Socorro de Emergencia para apoyar a los Desplazados Internos que son v\u00edctimas de la hambruna. Le invitamos a asociarse con nosotros mientras trabajamos juntos para restaurar la dignidad de nuestros hermanos y hermanas, y para compartir el amor bondadoso de Jes\u00fas. Si desea enviar donaciones a este proyecto, por favor <a href=\"http:\/\/awf.world\/es\/donar\/\" target=\"_blank\" rel=\"noopener\">haga clic aqu\u00ed<\/a>, design\u00e1ndolo al Proyecto sobre la hambruna en \u00c1frica Occidental.<\/p>\n","protected":false},"author":25,"featured_media":30929,"template":"","meta":{"inline_featured_image":false,"ngg_post_thumbnail":0,"_EventAllDay":false,"_EventTimezone":"","_EventStartDate":"","_EventEndDate":"","_EventStartDateUTC":"","_EventEndDateUTC":"","_EventShowMap":false,"_EventShowMapLink":false,"_EventURL":"","_EventCost":"","_EventCostDescription":"","_EventCurrencySymbol":"","_EventCurrencyCode":"","_EventCurrencyPosition":"","_EventDateTimeSeparator":"","_EventTimeRangeSeparator":"","_EventOrganizerID":[],"_EventVenueID":[],"_OrganizerEmail":"","_OrganizerPhone":"","_OrganizerWebsite":"","_VenueAddress":"","_VenueCity":"","_VenueCountry":"","_VenueProvince":"","_VenueState":"","_VenueZip":"","_VenuePhone":"","_VenueURL":"","_VenueStateProvince":"","_VenueLat":"","_VenueLng":"","_VenueShowMap":false,"_VenueShowMapLink":false},"categories":[285,34,955],"tags":[279,357,608],"class_list":["post-30939","awf-news","type-awf-news","status-publish","has-post-thumbnail","hentry","category-africa-es","category-news-es","category-socorro-desarrollo","tag-africa-es","tag-burkina-faso","tag-mali-es-2"],"_links":{"self":[{"href":"https:\/\/awf.world\/es\/wp-json\/wp\/v2\/awf-news\/30939","targetHints":{"allow":["GET"]}}],"collection":[{"href":"https:\/\/awf.world\/es\/wp-json\/wp\/v2\/awf-news"}],"about":[{"href":"https:\/\/awf.world\/es\/wp-json\/wp\/v2\/types\/awf-news"}],"author":[{"embeddable":true,"href":"https:\/\/awf.world\/es\/wp-json\/wp\/v2\/users\/25"}],"wp:featuredmedia":[{"embeddable":true,"href":"https:\/\/awf.world\/es\/wp-json\/wp\/v2\/media\/30929"}],"wp:attachment":[{"href":"https:\/\/awf.world\/es\/wp-json\/wp\/v2\/media?parent=30939"}],"wp:term":[{"taxonomy":"category","embeddable":true,"href":"https:\/\/awf.world\/es\/wp-json\/wp\/v2\/categories?post=30939"},{"taxonomy":"post_tag","embeddable":true,"href":"https:\/\/awf.world\/es\/wp-json\/wp\/v2\/tags?post=30939"}],"curies":[{"name":"wp","href":"https:\/\/api.w.org\/{rel}","templated":true}]}}