{"id":30634,"date":"2022-02-02T02:00:49","date_gmt":"2022-02-02T05:00:49","guid":{"rendered":"https:\/\/awf.world\/?post_type=awf-news&#038;p=30634"},"modified":"2022-02-02T07:53:30","modified_gmt":"2022-02-02T12:53:30","slug":"la-iglesia-de-la-alianza-en-burkina-faso-fe-en-accion","status":"publish","type":"awf-news","link":"https:\/\/awf.world\/es\/awf-news\/la-iglesia-de-la-alianza-en-burkina-faso-fe-en-accion\/","title":{"rendered":"La Iglesia de la Alianza en Burkina Faso: Fe en Acci\u00f3n"},"content":{"rendered":"<h3 style=\"text-align: justify;\">Como parte del programa de Respuesta Global al COVID-19 de AWF, el equipo de Burkina Faso sigue proporcionando actividades generadoras de ingresos, formaci\u00f3n a los agricultores e instalaciones sanitarias para las familias, ayud\u00e1ndolas a protegerse y a prosperar.<\/h3>\n<p>Burkina Faso lucha contra la actual pandemia de VIH\/SIDA y la crisis del COVID-19. La Oficina de Desarrollo de la Iglesia Alianza Cristiana (ACCEDES) en Burkina Faso se ha asociado con AWF para seguir apoyando a las personas contra los efectos de esta doble pandemia.<\/p>\n<p>En un pueblo situado a unos 20 kil\u00f3metros de la capital econ\u00f3mica, una iglesia brilla como modelo de fe en acci\u00f3n. El pastor Sanou Daniel lidera su congregaci\u00f3n en la lucha contra estas pandemias; coordina una serie de proyectos que refuerzan la respuesta al COVID-19.<\/p>\n<p>\u201cMe alegro de que ya no produzcamos alimentos de huerta que puedan tener efectos nocivos para la salud de los dem\u00e1s, porque ya no utilizamos fertilizantes y pesticidas qu\u00edmicos. Gracias a los conocimientos que he adquirido, nuestra producci\u00f3n de tomates ha aumentado y nuestra huerta se est\u00e1 expandiendo\u201d, se alegra el pastor Sanou.<\/p>\n<p>Despu\u00e9s de recibir formaci\u00f3n formal sobre el compostaje y la elaboraci\u00f3n de abono l\u00edquido, el pastor Sanou se puso a trabajar. Con la ayuda de su familia, elabor\u00f3 los productos y los distribuy\u00f3, mejorando los rendimientos de los agricultores de la zona.<\/p>\n<figure id=\"attachment_30628\" aria-describedby=\"caption-attachment-30628\" style=\"width: 300px\" class=\"wp-caption alignleft\"><img loading=\"lazy\" decoding=\"async\" class=\"wp-image-30628 size-medium\" src=\"https:\/\/awf.world\/wp-content\/uploads\/2022\/02\/AWF-RD-News_Burkina-Faso_Faith-in-Action_2022-01-27_HEMA-Andassi-300x200.jpeg\" alt=\"\" width=\"300\" height=\"200\" srcset=\"https:\/\/awf.world\/wp-content\/uploads\/2022\/02\/AWF-RD-News_Burkina-Faso_Faith-in-Action_2022-01-27_HEMA-Andassi-300x200.jpeg 300w, https:\/\/awf.world\/wp-content\/uploads\/2022\/02\/AWF-RD-News_Burkina-Faso_Faith-in-Action_2022-01-27_HEMA-Andassi-1024x683.jpeg 1024w, https:\/\/awf.world\/wp-content\/uploads\/2022\/02\/AWF-RD-News_Burkina-Faso_Faith-in-Action_2022-01-27_HEMA-Andassi-768x512.jpeg 768w, https:\/\/awf.world\/wp-content\/uploads\/2022\/02\/AWF-RD-News_Burkina-Faso_Faith-in-Action_2022-01-27_HEMA-Andassi-391x260.jpeg 391w, https:\/\/awf.world\/wp-content\/uploads\/2022\/02\/AWF-RD-News_Burkina-Faso_Faith-in-Action_2022-01-27_HEMA-Andassi-272x182.jpeg 272w, https:\/\/awf.world\/wp-content\/uploads\/2022\/02\/AWF-RD-News_Burkina-Faso_Faith-in-Action_2022-01-27_HEMA-Andassi.jpeg 1080w\" sizes=\"auto, (max-width: 300px) 100vw, 300px\" \/><figcaption id=\"caption-attachment-30628\" class=\"wp-caption-text\">La Sra. Hema<\/figcaption><\/figure>\n<p>La Sra. Hema, una de las beneficiarias, sonri\u00f3 ampliamente mientras agradec\u00eda a la iglesia. \u201cLa ayuda que recib\u00ed me permiti\u00f3 comprar tres cerdas y un verraco\u201d, dijo. \u201cHoy en d\u00eda, tengo nueve cerdos y estoy contenta de ver que mi granja se desarrolla a un ritmo satisfactorio. Tengo previsto vender algunas cabezas a finales de a\u00f1o, lo que me permitir\u00e1 obtener un buen volumen de negocio que podr\u00e9 reinvertir en mi actividad. Me gustar\u00eda darles las gracias por todo esto, porque mi negocio ha vuelto a la vida\u201d.<\/p>\n<p>&nbsp;<\/p>\n<figure id=\"attachment_30627\" aria-describedby=\"caption-attachment-30627\" style=\"width: 300px\" class=\"wp-caption alignright\"><img loading=\"lazy\" decoding=\"async\" class=\"size-medium wp-image-30627\" src=\"https:\/\/awf.world\/wp-content\/uploads\/2022\/02\/AWF-RD-News_Burkina-Faso_Faith-in-Action_2022-01-27_PARE-Desire-300x225.jpeg\" alt=\"\" width=\"300\" height=\"225\" srcset=\"https:\/\/awf.world\/wp-content\/uploads\/2022\/02\/AWF-RD-News_Burkina-Faso_Faith-in-Action_2022-01-27_PARE-Desire-300x225.jpeg 300w, https:\/\/awf.world\/wp-content\/uploads\/2022\/02\/AWF-RD-News_Burkina-Faso_Faith-in-Action_2022-01-27_PARE-Desire-1024x767.jpeg 1024w, https:\/\/awf.world\/wp-content\/uploads\/2022\/02\/AWF-RD-News_Burkina-Faso_Faith-in-Action_2022-01-27_PARE-Desire-768x575.jpeg 768w, https:\/\/awf.world\/wp-content\/uploads\/2022\/02\/AWF-RD-News_Burkina-Faso_Faith-in-Action_2022-01-27_PARE-Desire.jpeg 1080w\" sizes=\"auto, (max-width: 300px) 100vw, 300px\" \/><figcaption id=\"caption-attachment-30627\" class=\"wp-caption-text\">El Sr. Pare D\u00e9sir\u00e9<\/figcaption><\/figure>\n<p>&nbsp;<\/p>\n<p>En una granja, conocimos a Pare D\u00e9sir\u00e9, que tiene 53 a\u00f1os, est\u00e1 casado y tiene 12 hijos. Al principio, nos dijo, estaba \u201cmuy contento de que est\u00e9n aqu\u00ed hoy porque podr\u00e1n ver conmigo los cambios que se han producido\u201d. Este campo que ven\u201d, dijo, \u201ces el resultado de su ense\u00f1anza. Llevo varios a\u00f1os cultivando este campo, pero nunca hab\u00eda tenido este aspecto. La formaci\u00f3n que recib\u00ed en la elaboraci\u00f3n de compost y abono l\u00edquido, as\u00ed como el apoyo con las semillas, son los secretos de esta mejora\u201d. El Sr. Pare continu\u00f3: \u201cPuse en pr\u00e1ctica lo que aprend\u00ed y se ve el resultado. Mi trabajo est\u00e1 hecho y espero con impaciencia la cosecha. El a\u00f1o pasado pude obtener unos 40 kg de grano de este campo, pero este a\u00f1o espero duplicar la cosecha\u201d.<\/p>\n<p>M\u00e1s tarde, el Sr. Pare inform\u00f3 de que su cosecha era de 200 kg de ma\u00edz en un campo de 0,25 hect\u00e1reas. Esta cuadruplicaci\u00f3n se produjo a pesar de la prolongada sequ\u00eda que sufri\u00f3 el pueblo.<\/p>\n<p>Las historias de la obra de Dios en Burkina Faso durante el \u00faltimo a\u00f1o contin\u00faan. Las personas que recibieron pr\u00e9stamos han generado ingresos para sus familias. Los hogares han experimentado una reducci\u00f3n de los casos de enfermedades gracias a la mejora del saneamiento. Este proyecto ha fortalecido y empoderado a la gente a pesar de las dos pandemias.<\/p>\n<p>Las relaciones entre la comunidad y la iglesia no pueden ser subestimadas. Los cristianos se han sentido animados y apoyados a trav\u00e9s de este proyecto. \u00a1Ha sido una asociaci\u00f3n exitosa!<\/p>\n<p>\u00a1Alabemos a Dios y sigamos orando por la Alianza Cristiana y Misionera en Burkina Faso, mientras llega a su comunidad e implementa programas de fe en acci\u00f3n!<\/p>\n","protected":false},"author":25,"featured_media":30624,"template":"","meta":{"inline_featured_image":false,"ngg_post_thumbnail":0,"_EventAllDay":false,"_EventTimezone":"","_EventStartDate":"","_EventEndDate":"","_EventStartDateUTC":"","_EventEndDateUTC":"","_EventShowMap":false,"_EventShowMapLink":false,"_EventURL":"","_EventCost":"","_EventCostDescription":"","_EventCurrencySymbol":"","_EventCurrencyCode":"","_EventCurrencyPosition":"","_EventDateTimeSeparator":"","_EventTimeRangeSeparator":"","_EventOrganizerID":[],"_EventVenueID":[],"_OrganizerEmail":"","_OrganizerPhone":"","_OrganizerWebsite":"","_VenueAddress":"","_VenueCity":"","_VenueCountry":"","_VenueProvince":"","_VenueState":"","_VenueZip":"","_VenuePhone":"","_VenueURL":"","_VenueStateProvince":"","_VenueLat":"","_VenueLng":"","_VenueShowMap":false,"_VenueShowMapLink":false},"categories":[285,34,955],"tags":[279,357,275],"class_list":["post-30634","awf-news","type-awf-news","status-publish","has-post-thumbnail","hentry","category-africa-es","category-news-es","category-socorro-desarrollo","tag-africa-es","tag-burkina-faso","tag-socorro-y-desarrollo"],"_links":{"self":[{"href":"https:\/\/awf.world\/es\/wp-json\/wp\/v2\/awf-news\/30634","targetHints":{"allow":["GET"]}}],"collection":[{"href":"https:\/\/awf.world\/es\/wp-json\/wp\/v2\/awf-news"}],"about":[{"href":"https:\/\/awf.world\/es\/wp-json\/wp\/v2\/types\/awf-news"}],"author":[{"embeddable":true,"href":"https:\/\/awf.world\/es\/wp-json\/wp\/v2\/users\/25"}],"wp:featuredmedia":[{"embeddable":true,"href":"https:\/\/awf.world\/es\/wp-json\/wp\/v2\/media\/30624"}],"wp:attachment":[{"href":"https:\/\/awf.world\/es\/wp-json\/wp\/v2\/media?parent=30634"}],"wp:term":[{"taxonomy":"category","embeddable":true,"href":"https:\/\/awf.world\/es\/wp-json\/wp\/v2\/categories?post=30634"},{"taxonomy":"post_tag","embeddable":true,"href":"https:\/\/awf.world\/es\/wp-json\/wp\/v2\/tags?post=30634"}],"curies":[{"name":"wp","href":"https:\/\/api.w.org\/{rel}","templated":true}]}}