{"id":30574,"date":"2022-01-31T13:26:00","date_gmt":"2022-01-31T18:26:00","guid":{"rendered":"https:\/\/awf.world\/awf-news\/conoce-a-daniel-pereira-el-nuevo-presidente-de-la-alianza-uruguaya\/"},"modified":"2022-01-31T13:26:00","modified_gmt":"2022-01-31T18:26:00","slug":"conoce-a-daniel-pereira-el-nuevo-presidente-de-la-alianza-uruguaya","status":"publish","type":"awf-news","link":"https:\/\/awf.world\/es\/awf-news\/conoce-a-daniel-pereira-el-nuevo-presidente-de-la-alianza-uruguaya\/","title":{"rendered":"Conoce a Daniel Pereira, el Nuevo Presidente de la Alianza Uruguaya"},"content":{"rendered":"<h3 style=\"text-align: justify;\">Desde Buena Uni\u00f3n, Uruguay: El Rev. Daniel Pereira es el nuevo presidente de la Alianza Uruguaya. \u00c9l espera fortalecer las relaciones entre las iglesias, el liderazgo y la familia de la AWF. Por favor, oren para que Dios lo gu\u00ede a \u00e9l y a su familia mientras sirven a la ACyM en Uruguay.<\/h3>\n<p>Nacido en Buena Uni\u00f3n, Uruguay en 1988, el pastor Washington Daniel Pereira Melo es el nuevo presidente de la <a href=\"https:\/\/awf.world\/es\/country-description\/uruguay\/\" target=\"_blank\" rel=\"noopener\">Alianza Cristiana y Misionera de Uruguay<\/a>. Creci\u00f3 en un ambiente predominantemente cat\u00f3lico, pero su familia tambi\u00e9n estaba involucrada con las pr\u00e1cticas de Umbanda. El Rev. Daniel vino a Cristo en marzo de 2005, cuando ten\u00eda 17 a\u00f1os y pasaba por una fase de rebeld\u00eda en su vida. Est\u00e1 casado con Silvia Machado. Tienen dos hijos: Kamila, de 9 a\u00f1os, y Lucas, de 2.<\/p>\n<p>El Rev. Daniel termin\u00f3 su licenciatura en teolog\u00eda en 2014 en el Centro de Educaci\u00f3n Teol\u00f3gica de la Alianza del Uruguay (CETAU). En julio de 2015, comenz\u00f3 a servir como pastor en la Iglesia Alianza en Tranqueras, donde todav\u00eda es pastor. Servir a esta comunidad ha sido una bendici\u00f3n para \u00e9l. Ten\u00eda s\u00f3lo 27 a\u00f1os cuando comenz\u00f3 en el ministerio, y est\u00e1 agradecido por la paciencia y amabilidad de la comunidad.<\/p>\n<p>El Rev. Daniel fue elegido presidente nacional a finales de 2021 y ocupar\u00e1 el cargo durante un a\u00f1o y medio. Bajo la gu\u00eda de Dios, planea fortalecer el Departamento Nacional de Misiones, facilitar las relaciones entre las iglesias y la Junta Directiva, reforzar las relaciones entre CLA y AWF, y completar las transiciones pastorales con \u00e9xito.<\/p>\n<p>Por favor, ora por el pastor Daniel y su familia. Que Dios los gu\u00ede y los cuide. Ora tambi\u00e9n por la Iglesia Alianza Cristiana y Misionera en Uruguay para que tenga m\u00e1s obreros, estabilidad financiera, fuerza y crecimiento.<\/p>\n","protected":false},"author":24,"featured_media":30572,"template":"","meta":{"inline_featured_image":false,"ngg_post_thumbnail":0,"_EventAllDay":false,"_EventTimezone":"","_EventStartDate":"","_EventEndDate":"","_EventStartDateUTC":"","_EventEndDateUTC":"","_EventShowMap":false,"_EventShowMapLink":false,"_EventURL":"","_EventCost":"","_EventCostDescription":"","_EventCurrencySymbol":"","_EventCurrencyCode":"","_EventCurrencyPosition":"","_EventDateTimeSeparator":"","_EventTimeRangeSeparator":"","_EventOrganizerID":[],"_EventVenueID":[],"_OrganizerEmail":"","_OrganizerPhone":"","_OrganizerWebsite":"","_VenueAddress":"","_VenueCity":"","_VenueCountry":"","_VenueProvince":"","_VenueState":"","_VenueZip":"","_VenuePhone":"","_VenueURL":"","_VenueStateProvince":"","_VenueLat":"","_VenueLng":"","_VenueShowMap":false,"_VenueShowMapLink":false},"categories":[99,34],"tags":[198,231,209,233],"class_list":["post-30574","awf-news","type-awf-news","status-publish","has-post-thumbnail","hentry","category-latin-america-es","category-news-es","tag-biografia","tag-cla-es","tag-america-latina","tag-uruguay-es"],"_links":{"self":[{"href":"https:\/\/awf.world\/es\/wp-json\/wp\/v2\/awf-news\/30574","targetHints":{"allow":["GET"]}}],"collection":[{"href":"https:\/\/awf.world\/es\/wp-json\/wp\/v2\/awf-news"}],"about":[{"href":"https:\/\/awf.world\/es\/wp-json\/wp\/v2\/types\/awf-news"}],"author":[{"embeddable":true,"href":"https:\/\/awf.world\/es\/wp-json\/wp\/v2\/users\/24"}],"wp:featuredmedia":[{"embeddable":true,"href":"https:\/\/awf.world\/es\/wp-json\/wp\/v2\/media\/30572"}],"wp:attachment":[{"href":"https:\/\/awf.world\/es\/wp-json\/wp\/v2\/media?parent=30574"}],"wp:term":[{"taxonomy":"category","embeddable":true,"href":"https:\/\/awf.world\/es\/wp-json\/wp\/v2\/categories?post=30574"},{"taxonomy":"post_tag","embeddable":true,"href":"https:\/\/awf.world\/es\/wp-json\/wp\/v2\/tags?post=30574"}],"curies":[{"name":"wp","href":"https:\/\/api.w.org\/{rel}","templated":true}]}}