{"id":29087,"date":"2021-11-16T20:00:03","date_gmt":"2021-11-16T23:00:03","guid":{"rendered":"https:\/\/awf.world\/?post_type=awf-news&#038;p=29087"},"modified":"2022-06-07T22:49:38","modified_gmt":"2022-06-08T01:49:38","slug":"la-iglesia-como-modelo-de-socorro-y-desarrollo","status":"publish","type":"awf-news","link":"https:\/\/awf.world\/es\/awf-news\/la-iglesia-como-modelo-de-socorro-y-desarrollo\/","title":{"rendered":"La Iglesia como Modelo de Socorro y Desarrollo"},"content":{"rendered":"<h3 style=\"text-align: justify;\">La labor de la AWF en materia de Socorro y Desarrollo (R&amp;D) durante la pandemia mundial fue loable. Durante la Convocatoria Cuadrienal 2021, Robert Sanou, Joanne Beach, Mike Sohm y otros, dialogaron acerca de c\u00f3mo ampliar el alcance de la Alianza. De este taller surgieron nuevas ideas, sugerencias y posibilidades para el futuro del ministerio de Socorro y Desarrollo de la AWF.<\/h3>\n<p>Una de las novedades de la Convocatoria Cuadrienal 2021 de la AWF fue la organizaci\u00f3n de un taller dedicado al Socorro y el Desarrollo (R&amp;D). Ante la pandemia del coronavirus, la AWF ha emprendido actividades de R&amp;D en favor de sus iglesias en todo el mundo. En primer lugar, hubo un programa de Socorro, luego, un segundo programa de Desarrollo y, por \u00faltimo, un programa de Socorro a los pastores necesitados.<\/p>\n<figure id=\"attachment_29084\" aria-describedby=\"caption-attachment-29084\" style=\"width: 300px\" class=\"wp-caption alignright\"><img loading=\"lazy\" decoding=\"async\" class=\"size-medium wp-image-29084\" src=\"https:\/\/awf.world\/wp-content\/uploads\/2021\/11\/AWF_RD-Workshop_03-300x235.jpeg\" alt=\"\" width=\"300\" height=\"235\" srcset=\"https:\/\/awf.world\/wp-content\/uploads\/2021\/11\/AWF_RD-Workshop_03-300x235.jpeg 300w, https:\/\/awf.world\/wp-content\/uploads\/2021\/11\/AWF_RD-Workshop_03-768x602.jpeg 768w, https:\/\/awf.world\/wp-content\/uploads\/2021\/11\/AWF_RD-Workshop_03.jpeg 937w\" sizes=\"auto, (max-width: 300px) 100vw, 300px\" \/><figcaption id=\"caption-attachment-29084\" class=\"wp-caption-text\">Equipo R&amp;D de AWF (de izquierda a derecha): Robert Sanou, Mike Sohm, Shelly Crouch, Joanne Beach, Mark Jones<\/figcaption><\/figure>\n<p>El taller de R&amp;D, de tres d\u00edas de duraci\u00f3n, fue una oportunidad para dialogar sugerencias sobre los pr\u00f3ximos pasos y revisar nuestros logros.<\/p>\n<p>El primer d\u00eda trat\u00f3 sobre el Socorro y el segundo sobre el Desarrollo. Los profesionales de la Alianza compartieron sus experiencias y lecciones, dirigidos por Shelly Crouch.<\/p>\n<p>El tercer d\u00eda, dialogamos tres temas:<\/p>\n<ul>\n<li>Nuestros fundamentos b\u00edblicos como Alianza para R&amp;D, presentado por Joanne Beach.<\/li>\n<li>La Iglesia y las buenas pr\u00e1cticas en R&amp;D, presentado por Robert Sanou.<\/li>\n<li>Una s\u00edntesis de las actividades de R&amp;D llevadas a cabo por la AWF teniendo en cuenta la crisis sanitaria vinculada al COVID-19. La sesi\u00f3n fue dirigida por Mike Sohm.<\/li>\n<\/ul>\n<p>Llegamos a algunas conclusiones y recomendaciones:<\/p>\n<ul>\n<li>A la vez que elogiamos a la AWF por sus esfuerzos, el taller motiva a la Alianza a continuar su labor en beneficio de nuestras iglesias.<\/li>\n<li>Las iglesias deber\u00edan crear comit\u00e9s de R&amp;D y ser buenos modelos en este campo.<\/li>\n<li>Debemos desarrollar la creaci\u00f3n de redes entre las iglesias en materia de R&amp;D.<\/li>\n<\/ul>\n","protected":false},"author":24,"featured_media":29083,"template":"","meta":{"inline_featured_image":false,"ngg_post_thumbnail":0,"_EventAllDay":false,"_EventTimezone":"","_EventStartDate":"","_EventEndDate":"","_EventStartDateUTC":"","_EventEndDateUTC":"","_EventShowMap":false,"_EventShowMapLink":false,"_EventURL":"","_EventCost":"","_EventCostDescription":"","_EventCurrencySymbol":"","_EventCurrencyCode":"","_EventCurrencyPosition":"","_EventDateTimeSeparator":"","_EventTimeRangeSeparator":"","_EventOrganizerID":[],"_EventVenueID":[],"_OrganizerEmail":"","_OrganizerPhone":"","_OrganizerWebsite":"","_VenueAddress":"","_VenueCity":"","_VenueCountry":"","_VenueProvince":"","_VenueState":"","_VenueZip":"","_VenuePhone":"","_VenueURL":"","_VenueStateProvince":"","_VenueLat":"","_VenueLng":"","_VenueShowMap":false,"_VenueShowMapLink":false},"categories":[34,955],"tags":[384,225,383,380,165],"class_list":["post-29087","awf-news","type-awf-news","status-publish","has-post-thumbnail","hentry","category-news-es","category-socorro-desarrollo","tag-convocatoria-cuatrienal","tag-ecuador","tag-ecuador-es","tag-quadrennial-convocation","tag-relief-and-development"],"_links":{"self":[{"href":"https:\/\/awf.world\/es\/wp-json\/wp\/v2\/awf-news\/29087","targetHints":{"allow":["GET"]}}],"collection":[{"href":"https:\/\/awf.world\/es\/wp-json\/wp\/v2\/awf-news"}],"about":[{"href":"https:\/\/awf.world\/es\/wp-json\/wp\/v2\/types\/awf-news"}],"author":[{"embeddable":true,"href":"https:\/\/awf.world\/es\/wp-json\/wp\/v2\/users\/24"}],"wp:featuredmedia":[{"embeddable":true,"href":"https:\/\/awf.world\/es\/wp-json\/wp\/v2\/media\/29083"}],"wp:attachment":[{"href":"https:\/\/awf.world\/es\/wp-json\/wp\/v2\/media?parent=29087"}],"wp:term":[{"taxonomy":"category","embeddable":true,"href":"https:\/\/awf.world\/es\/wp-json\/wp\/v2\/categories?post=29087"},{"taxonomy":"post_tag","embeddable":true,"href":"https:\/\/awf.world\/es\/wp-json\/wp\/v2\/tags?post=29087"}],"curies":[{"name":"wp","href":"https:\/\/api.w.org\/{rel}","templated":true}]}}