{"id":29078,"date":"2021-11-17T05:00:26","date_gmt":"2021-11-17T08:00:26","guid":{"rendered":"https:\/\/awf.world\/?post_type=awf-news&#038;p=29078"},"modified":"2023-09-14T12:34:02","modified_gmt":"2023-09-14T15:34:02","slug":"diaspora-y-misiones","status":"publish","type":"awf-news","link":"https:\/\/awf.world\/es\/awf-news\/diaspora-y-misiones\/","title":{"rendered":"Di\u00e1spora y Misiones: \u00a1La Familia Aliancista en Misi\u00f3n!"},"content":{"rendered":"<p style=\"text-align: justify;\"><strong>A lo largo de la historia del mundo, Dios ha dispersado a su pueblo para sus prop\u00f3sitos, para promover su Reino. La iglesia, por su propia naturaleza, es una comunidad de la di\u00e1spora. La migraci\u00f3n masiva nos ofrece una oportunidad para comprometernos y vivir para ser la iglesia que es el instrumento digno de la pasi\u00f3n de Dios para redimir al mundo. El taller sobre el Ministerio de la Di\u00e1spora fue uno de los principales talleres en la Cuadrienal de la AWF en Ecuador.<\/strong><\/p>\n<p>La iglesia, por su propia naturaleza, es una comunidad de la di\u00e1spora y los pueblos de la di\u00e1spora son los misioneros del futuro y de hoy. El comit\u00e9 del taller sobre el Ministerio de la Di\u00e1spora, formado por muchos profesionales y te\u00f3logos clave de la familia de la Alianza en todo el mundo, trabaj\u00f3 m\u00e1s de dos a\u00f1os para llevar a cabo los planes del taller. Los objetivos clave del taller eran:<\/p>\n<ol>\n<li>Construir una comprensi\u00f3n compartida del ministerio de la di\u00e1spora<\/li>\n<li>Concienciar sobre el ministerio de la di\u00e1spora en nuestra familia Aliancista<\/li>\n<li>Esperar oportunidades en el futuro<\/li>\n<\/ol>\n<p>Se anim\u00f3 a los profesionales de la di\u00e1spora a compartir ideas, pensamientos y sue\u00f1os, a aprender unos de otros y a mirar al futuro.<\/p>\n<p>Los conferencistas construyeron una comprensi\u00f3n compartida del ministerio de la di\u00e1spora a trav\u00e9s de un esclarecedor panorama hist\u00f3rico a cargo del Dr. TV Thomas, seguido de una presentaci\u00f3n sobre las lecciones aprendidas y del fruct\u00edfero ministerio de la di\u00e1spora. En 2020, el n\u00famero de personas que viven fuera de su pa\u00eds de origen es de 281 millones y va en aumento. La primera sesi\u00f3n termin\u00f3 con una inspiradora historia de esperanza por parte de un obrero franc\u00e9s de la Alianza que sirve entre los norteafricanos en Francia.<\/p>\n<p>Al centrarse en la narrativa de la di\u00e1spora y la superaci\u00f3n de los retos, Lorajoy Tira-Dimangondayao comparti\u00f3 su historia personal como miembro de la di\u00e1spora. Tambi\u00e9n comparti\u00f3 los desaf\u00edos del ministerio de la di\u00e1spora en un mundo multicultural en constante cambio. El Rev. Lai Ka Lai, secretario general de Misiones de la Alianza de Hong Kong, comparti\u00f3 una historia de esperanza a partir de la experiencia de su misi\u00f3n en la di\u00e1spora. Los participantes dialogaron y respondieron a algunas preguntas clave:<\/p>\n<ul>\n<li>\u00bfQu\u00e9 retos has descubierto en tus ministerios? \u00bfC\u00f3mo los has superado?<\/li>\n<li>\u00bfQu\u00e9 se\u00f1ales de esperanza redentora est\u00e1s viendo?<\/li>\n<li>\u00bfC\u00f3mo ves a Dios obrando en medio de los desaf\u00edos?<\/li>\n<\/ul>\n<p>Sonia Paredes, coordinadora de misiones de CLA de la AWF, se centr\u00f3 en la anticipaci\u00f3n esperanzadora de las oportunidades para el futuro. Present\u00f3 las proyecciones futuras y la demograf\u00eda de los pueblos de la di\u00e1spora, preguntando:<\/p>\n<ul>\n<li>A la luz de estos datos actuales y de la direcci\u00f3n futura, \u00bfc\u00f3mo repercute e informa nuestro ministerio?<\/li>\n<li>\u00bfDe qu\u00e9 manera puede seguir trabajando en red con otros profesionales de la di\u00e1spora en su regi\u00f3n?<\/li>\n<\/ul>\n<p>El Dr. Tite Tienou (Profesor de Investigaci\u00f3n de Teolog\u00eda de la Misi\u00f3n, en la Escuela de Divinidad Evang\u00e9lica de la Trinidad) plante\u00f3 el reto de darse cuenta de que la propia naturaleza del cristianismo es la historia de la dispersi\u00f3n y la di\u00e1spora y que el ministerio de la di\u00e1spora est\u00e1 en el coraz\u00f3n mismo del ADN de la familia Aliancista.<\/p>\n<p>El taller se enfrent\u00f3 a algunas verdades inc\u00f3modas. La mayor barrera para el ministerio de la di\u00e1spora son los prejuicios, en nuestros propios corazones y en nuestras iglesias. Aprendimos que nosotros, como creyentes y nuestras iglesias, necesitamos impregnarnos de la cultura de Jes\u00fas para proporcionar familia y pertenencia a todos, de cualquier naci\u00f3n, tribu o lengua que procedan.<\/p>\n<p>Las sesiones de trabajo produjeron algunos pasos sencillos para fomentar el desarrollo del ministerio de la di\u00e1spora para la gloria de Dios:<\/p>\n<ul>\n<li>Dar a las personas de la di\u00e1spora un papel en la iglesia local para que tengan un sentido de pertenencia.<\/li>\n<li>Tener un liderazgo eclesi\u00e1stico que refleje la composici\u00f3n de la di\u00e1spora en la iglesia local.<\/li>\n<li>Animar a nuestras iglesias a impregnarse de la cultura de Jes\u00fas para que puedan proporcionar familiaridad y pertenencia a todos.<\/li>\n<li>Incluir a los profesionales de la di\u00e1spora y a las misiones de la di\u00e1spora como puntos clave en todas las futuras conferencias de la Alianza y de las misiones.<\/li>\n<\/ul>\n<p>Gracias, familia Aliancista, por ser el digno instrumento de la pasi\u00f3n de Dios para redimir al mundo.<\/p>\n","protected":false},"author":24,"featured_media":29071,"template":"","meta":{"inline_featured_image":false,"ngg_post_thumbnail":0,"_EventAllDay":false,"_EventTimezone":"","_EventStartDate":"","_EventEndDate":"","_EventStartDateUTC":"","_EventEndDateUTC":"","_EventShowMap":false,"_EventShowMapLink":false,"_EventURL":"","_EventCost":"","_EventCostDescription":"","_EventCurrencySymbol":"","_EventCurrencyCode":"","_EventCurrencyPosition":"","_EventDateTimeSeparator":"","_EventTimeRangeSeparator":"","_EventOrganizerID":[],"_EventVenueID":[],"_OrganizerEmail":"","_OrganizerPhone":"","_OrganizerWebsite":"","_VenueAddress":"","_VenueCity":"","_VenueCountry":"","_VenueProvince":"","_VenueState":"","_VenueZip":"","_VenuePhone":"","_VenueURL":"","_VenueStateProvince":"","_VenueLat":"","_VenueLng":"","_VenueShowMap":false,"_VenueShowMapLink":false},"categories":[34],"tags":[258],"class_list":["post-29078","awf-news","type-awf-news","status-publish","has-post-thumbnail","hentry","category-news-es","tag-diaspora-es"],"_links":{"self":[{"href":"https:\/\/awf.world\/es\/wp-json\/wp\/v2\/awf-news\/29078","targetHints":{"allow":["GET"]}}],"collection":[{"href":"https:\/\/awf.world\/es\/wp-json\/wp\/v2\/awf-news"}],"about":[{"href":"https:\/\/awf.world\/es\/wp-json\/wp\/v2\/types\/awf-news"}],"author":[{"embeddable":true,"href":"https:\/\/awf.world\/es\/wp-json\/wp\/v2\/users\/24"}],"wp:featuredmedia":[{"embeddable":true,"href":"https:\/\/awf.world\/es\/wp-json\/wp\/v2\/media\/29071"}],"wp:attachment":[{"href":"https:\/\/awf.world\/es\/wp-json\/wp\/v2\/media?parent=29078"}],"wp:term":[{"taxonomy":"category","embeddable":true,"href":"https:\/\/awf.world\/es\/wp-json\/wp\/v2\/categories?post=29078"},{"taxonomy":"post_tag","embeddable":true,"href":"https:\/\/awf.world\/es\/wp-json\/wp\/v2\/tags?post=29078"}],"curies":[{"name":"wp","href":"https:\/\/api.w.org\/{rel}","templated":true}]}}