{"id":28937,"date":"2021-11-11T09:57:37","date_gmt":"2021-11-11T14:57:37","guid":{"rendered":"https:\/\/awf.world\/?post_type=awf-news&#038;p=28937"},"modified":"2021-11-11T13:05:10","modified_gmt":"2021-11-11T18:05:10","slug":"escuchar-el-corazon-de-nuestra-herencia","status":"publish","type":"awf-news","link":"https:\/\/awf.world\/es\/awf-news\/escuchar-el-corazon-de-nuestra-herencia\/","title":{"rendered":"Escuchar el Coraz\u00f3n de Nuestra Herencia"},"content":{"rendered":"<h3 style=\"text-align: justify;\">Los delegados de la conferencia Cuadrienal de la AWF en Guayaquil, Ecuador pudieron asistir a talleres sobre temas relacionados con el coraz\u00f3n de nuestra herencia. A lo largo de tres d\u00edas sucesivos, se debatieron con entusiasmo temas como la vida profunda, la historia de la misi\u00f3n y el compromiso con el futuro a la luz de nuestro pasado.<\/h3>\n<p>El Manifiesto de Guayaquil reuni\u00f3 elementos clave de nuestro patrimonio en una conversaci\u00f3n sobre la tarea de la misi\u00f3n a la que nos enfrentamos todos. En el primer taller, el Rev. Dr. Tite Tienou, Profesor de Investigaci\u00f3n, Teolog\u00eda de la Misi\u00f3n, comparti\u00f3 algunas reflexiones sobre el manifiesto y nos anim\u00f3 a considerar sus puntos fuertes y a mejorar parte de su lenguaje para asegurar que se comunican las perspectivas correctas. En peque\u00f1os grupos se discuti\u00f3 c\u00f3mo poner en pr\u00e1ctica los \u00e9nfasis del manifiesto, y luego cada grupo present\u00f3 sus conclusiones a la asamblea. Los puntos clave fueron los siguientes:<\/p>\n<ol>\n<li>Conectar mejor la Justicia con la Compasi\u00f3n en la misi\u00f3n.<\/li>\n<li>Asegurar que el reino de Dios sea el centro de la predicaci\u00f3n del evangelio.<\/li>\n<li>Identificar la formaci\u00f3n como la clave para un trabajo misionero eficaz, especialmente en torno a las \u00e1reas de pr\u00e1ctica que limitan la capacidad de las personas para servir.<\/li>\n<li>Acordar que la innovaci\u00f3n, la estrategia y las asociaciones son de la mayor importancia pr\u00e1ctica. Mantener la fidelidad a las Escrituras es un punto de partida no negociable.<\/li>\n<\/ol>\n<p><img loading=\"lazy\" decoding=\"async\" class=\"alignright  wp-image-28942\" src=\"https:\/\/awf.world\/wp-content\/uploads\/2021\/11\/Chris-Smith-ICTE-Workshop.jpg\" alt=\"\" width=\"307\" height=\"230\">Una ponencia sobre los peligros de dar demasiada importancia al Esp\u00edritu Santo en contraste con Cristo dio lugar a un gran debate sobre la obra y el papel del Esp\u00edritu Santo en la vida del creyente. La ponencia sobre la <a href=\"https:\/\/awf.world\/repository\/the-christocentric-core-of-simpsons-pneumatology\/\" target=\"_blank\" rel=\"noopener\">Pneumatolog\u00eda Cristol\u00f3gica de Simpson<\/a>, presentada por el Rev. Chris Smith, uno de los ganadores del Premio de Teolog\u00eda de la AWF, dio lugar a un nuevo debate sobre la historia carism\u00e1tica temprana de la Alianza y los dones del Esp\u00edritu en la Alianza actual. Se celebraron debates en grupos peque\u00f1os sobre formas pr\u00e1cticas de aplicar un \u00e9nfasis m\u00e1s profundo en la vida en la iglesia local.<\/p>\n<p><img loading=\"lazy\" decoding=\"async\" class=\" wp-image-28945 alignleft\" src=\"https:\/\/awf.world\/wp-content\/uploads\/2021\/11\/David-Jones-ICTE-Workshop.jpg\" alt=\"\" width=\"342\" height=\"256\">El \u00faltimo taller se dedic\u00f3 a debatir la conexi\u00f3n hist\u00f3rica entre la vida profunda y las misiones. El Rev. David Jones, autor de la reciente biograf\u00eda sobre Simpson, <em>A.B.:<\/em> <em>El Improbable Fundador de un Movimiento Mundial<\/em>, present\u00f3 la historia de la Alianza y habl\u00f3 del viaje de Simpson hacia las misiones. Nos record\u00f3 la fuerte conexi\u00f3n que Simpson estableci\u00f3 entre nuestro viaje de santificaci\u00f3n y nuestro deseo y compromiso con la misi\u00f3n. Los delegados hablaron sobre el desarrollo de la Alianza hacia una denominaci\u00f3n y el trabajo hist\u00f3rico de la Alianza en Vietnam como un ejemplo del trabajo misionero de la Alianza.<\/p>\n<p>Fue alentador ver un nivel tan alto de inter\u00e9s en la herencia de la Alianza y en lo que el legado Aliancista puede aportarnos en nuestro propio tiempo. Est\u00e1 claro que tenemos una base s\u00f3lida para el ministerio, y se sac\u00f3 mucho provecho de reflexionar juntos sobre estos temas.<\/p>\n","protected":false},"author":24,"featured_media":28933,"template":"","meta":{"inline_featured_image":false,"ngg_post_thumbnail":0,"_EventAllDay":false,"_EventTimezone":"","_EventStartDate":"","_EventEndDate":"","_EventStartDateUTC":"","_EventEndDateUTC":"","_EventShowMap":false,"_EventShowMapLink":false,"_EventURL":"","_EventCost":"","_EventCostDescription":"","_EventCurrencySymbol":"","_EventCurrencyCode":"","_EventCurrencyPosition":"","_EventDateTimeSeparator":"","_EventTimeRangeSeparator":"","_EventOrganizerID":[],"_EventVenueID":[],"_OrganizerEmail":"","_OrganizerPhone":"","_OrganizerWebsite":"","_VenueAddress":"","_VenueCity":"","_VenueCountry":"","_VenueProvince":"","_VenueState":"","_VenueZip":"","_VenuePhone":"","_VenueURL":"","_VenueStateProvince":"","_VenueLat":"","_VenueLng":"","_VenueShowMap":false,"_VenueShowMapLink":false},"categories":[34],"tags":[604,347,384,383,346],"class_list":["post-28937","awf-news","type-awf-news","status-publish","has-post-thumbnail","hentry","category-news-es","tag-alberto-benjamin-simpson","tag-comision-internacional-de-educacion-teologica","tag-convocatoria-cuatrienal","tag-ecuador-es","tag-icte-es"],"_links":{"self":[{"href":"https:\/\/awf.world\/es\/wp-json\/wp\/v2\/awf-news\/28937","targetHints":{"allow":["GET"]}}],"collection":[{"href":"https:\/\/awf.world\/es\/wp-json\/wp\/v2\/awf-news"}],"about":[{"href":"https:\/\/awf.world\/es\/wp-json\/wp\/v2\/types\/awf-news"}],"author":[{"embeddable":true,"href":"https:\/\/awf.world\/es\/wp-json\/wp\/v2\/users\/24"}],"wp:featuredmedia":[{"embeddable":true,"href":"https:\/\/awf.world\/es\/wp-json\/wp\/v2\/media\/28933"}],"wp:attachment":[{"href":"https:\/\/awf.world\/es\/wp-json\/wp\/v2\/media?parent=28937"}],"wp:term":[{"taxonomy":"category","embeddable":true,"href":"https:\/\/awf.world\/es\/wp-json\/wp\/v2\/categories?post=28937"},{"taxonomy":"post_tag","embeddable":true,"href":"https:\/\/awf.world\/es\/wp-json\/wp\/v2\/tags?post=28937"}],"curies":[{"name":"wp","href":"https:\/\/api.w.org\/{rel}","templated":true}]}}