{"id":28928,"date":"2021-11-09T08:47:49","date_gmt":"2021-11-09T13:47:49","guid":{"rendered":"https:\/\/awf.world\/awf-news\/decisiones-principales-de-la-convocatoria-cuadrienal-2021-de-la-awf\/"},"modified":"2021-11-09T08:47:49","modified_gmt":"2021-11-09T13:47:49","slug":"decisiones-principales-de-la-convocatoria-cuadrienal-2021-de-la-awf","status":"publish","type":"awf-news","link":"https:\/\/awf.world\/es\/awf-news\/decisiones-principales-de-la-convocatoria-cuadrienal-2021-de-la-awf\/","title":{"rendered":"Decisiones Principales de la Convocatoria Cuadrienal 2021 de la AWF"},"content":{"rendered":"<h3 style=\"text-align: justify;\">Nepal y Corea del Sur son ahora miembros de la Confraternidad Mundial de la Alianza, a los que se dio la bienvenida en la Convocatoria Cuadrienal de la AWF en Guayaquil, Ecuador. La Declaraci\u00f3n de Fe revisada y el Manifiesto de Guayaquil fueron aprobados en medio de una atm\u00f3sfera de unidad en las sesiones de trabajo. Los ejecutivos de la AWF fueron elegidos para el pr\u00f3ximo mandato y se aprobaron todas las propuestas presentadas.<\/h3>\n<p>La revisi\u00f3n de la\u00a0<a href=\"https:\/\/awf.world\/es\/statement-of-faith\/\" target=\"_blank\" rel=\"noopener\">Declaraci\u00f3n de Fe de la AWF<\/a> fue la que m\u00e1s atenci\u00f3n y di\u00e1logo suscit\u00f3. Es importante reconocer que la AWF no tiene autoridad ni dirige los asuntos de las iglesias nacionales. \u00c9stas han sido libres de establecer sus propias declaraciones de fe. Al mismo tiempo, un elemento importante del ministerio de la AWF es promover la unidad de las normas teol\u00f3gicas entre los miembros de la Confraternidad Mundial de la Alianza. La Declaraci\u00f3n de Fe de la AWF debe proporcionar un medio f\u00e1cil de identificar los temas y \u00e9nfasis centrales del movimiento de la Alianza Cristiana y Misionera y, al mismo tiempo, reflejar la diversidad de los organismos miembros de la Confraternidad Mundial de la Alianza en la actualidad.<\/p>\n<p>El\u00a0<a href=\"https:\/\/awf.world\/es\/awf-news\/manifiesto-de-guayaquil\/\" target=\"_blank\" rel=\"noopener\">Manifiesto de Guayaquil<\/a> fue elaborado por la Comisi\u00f3n Internacional de Educaci\u00f3n Teol\u00f3gica de la AWF con el objetivo de aplicar las perspectivas teol\u00f3gicas y misiol\u00f3gicas de la Alianza al trabajo de la iglesia en el mundo actual. El documento tiene un fuerte fundamento b\u00edblico y abarca ampliamente temas de suma importancia pr\u00e1ctica. Los animamos a leer y dialogar este documento en diferentes \u00e1mbitos del ministerio de la iglesia.<\/p>\n<p>El reci\u00e9n elegido\u00a0<a href=\"https:\/\/awf.world\/es\/leadership\/\" target=\"_blank\" rel=\"noopener\">Comit\u00e9 Ejecutivo de la AWF<\/a> est\u00e1 compuesto por Jura Yanagihara (presidente), Celestin Koffi (vicepresidente y coordinador regional para \u00c1frica UMA), Brem Frentz (secretario y coordinador regional para Am\u00e9rica del Norte), Ken Baldes (tesorero), David Muthre (coordinador regional para Am\u00e9rica Latina CLA), Ken Graham (coordinador regional para Asia Pac\u00edfico APAC) y Munther Shahatit (coordinador regional para Europa y Medio Oriente EMERALD).<\/p>\n<p>Las iglesias de la Alianza Cristiana y Misionera de Nepal y Corea del Sur, nuevos miembros de la AWF ser\u00e1n destacadas en futuros art\u00edculos en el sitio web de la AWF.<\/p>\n<p>En la \u00faltima sesi\u00f3n de trabajo se present\u00f3 un resumen de los di\u00e1logos y las conclusiones de los talleres, que estar\u00e1 disponible en el sitio web de la AWF.<\/p>\n","protected":false},"author":24,"featured_media":28914,"template":"","meta":{"inline_featured_image":false,"ngg_post_thumbnail":0,"_EventAllDay":false,"_EventTimezone":"","_EventStartDate":"","_EventEndDate":"","_EventStartDateUTC":"","_EventEndDateUTC":"","_EventShowMap":false,"_EventShowMapLink":false,"_EventURL":"","_EventCost":"","_EventCostDescription":"","_EventCurrencySymbol":"","_EventCurrencyCode":"","_EventCurrencyPosition":"","_EventDateTimeSeparator":"","_EventTimeRangeSeparator":"","_EventOrganizerID":[],"_EventVenueID":[],"_OrganizerEmail":"","_OrganizerPhone":"","_OrganizerWebsite":"","_VenueAddress":"","_VenueCity":"","_VenueCountry":"","_VenueProvince":"","_VenueState":"","_VenueZip":"","_VenuePhone":"","_VenueURL":"","_VenueStateProvince":"","_VenueLat":"","_VenueLng":"","_VenueShowMap":false,"_VenueShowMapLink":false},"categories":[99,34],"tags":[347,662,384,383,681,346],"class_list":["post-28928","awf-news","type-awf-news","status-publish","has-post-thumbnail","hentry","category-latin-america-es","category-news-es","tag-comision-internacional-de-educacion-teologica","tag-comite-ejecutivo-es","tag-convocatoria-cuatrienal","tag-ecuador-es","tag-familia-global-de-la-alianza","tag-icte-es"],"_links":{"self":[{"href":"https:\/\/awf.world\/es\/wp-json\/wp\/v2\/awf-news\/28928","targetHints":{"allow":["GET"]}}],"collection":[{"href":"https:\/\/awf.world\/es\/wp-json\/wp\/v2\/awf-news"}],"about":[{"href":"https:\/\/awf.world\/es\/wp-json\/wp\/v2\/types\/awf-news"}],"author":[{"embeddable":true,"href":"https:\/\/awf.world\/es\/wp-json\/wp\/v2\/users\/24"}],"wp:featuredmedia":[{"embeddable":true,"href":"https:\/\/awf.world\/es\/wp-json\/wp\/v2\/media\/28914"}],"wp:attachment":[{"href":"https:\/\/awf.world\/es\/wp-json\/wp\/v2\/media?parent=28928"}],"wp:term":[{"taxonomy":"category","embeddable":true,"href":"https:\/\/awf.world\/es\/wp-json\/wp\/v2\/categories?post=28928"},{"taxonomy":"post_tag","embeddable":true,"href":"https:\/\/awf.world\/es\/wp-json\/wp\/v2\/tags?post=28928"}],"curies":[{"name":"wp","href":"https:\/\/api.w.org\/{rel}","templated":true}]}}