{"id":28876,"date":"2021-10-29T12:43:06","date_gmt":"2021-10-29T17:43:06","guid":{"rendered":"https:\/\/awf.world\/awf-news\/ir-mas-profundo-en-cristo-ir-mas-alla-en-la-mision-e-ir-juntos-como-familia-de-dios\/"},"modified":"2021-11-09T08:28:48","modified_gmt":"2021-11-09T13:28:48","slug":"ir-mas-profundo-en-cristo-ir-mas-alla-en-la-mision-e-ir-juntos-como-familia-de-dios","status":"publish","type":"awf-news","link":"https:\/\/awf.world\/es\/awf-news\/ir-mas-profundo-en-cristo-ir-mas-alla-en-la-mision-e-ir-juntos-como-familia-de-dios\/","title":{"rendered":"Ir M\u00e1s Profundo en Cristo, Ir M\u00e1s All\u00e1 en la Misi\u00f3n e Ir Juntos como Familia de Dios"},"content":{"rendered":"<h3 style=\"text-align: justify;\">La primera Convocatoria Cuadrienal de la AWF en medio de una pandemia global tuvo lugar en Milagro, Ecuador. Alrededor de 300 delegados inscritos fueron recibidos por m\u00e1s de 200 voluntarios de la Iglesia Alianza Central Milagro y la ACyM ecuatoriana para formar una hermosa expresi\u00f3n de la familia global de la Alianza. Podr\u00edamos experimentar la riqueza de ser uno, formado por muchas razas, idiomas y colores, unidos en Jesucristo, nuestro Salvador, Santificador, Sanador y Rey que Viene. La unidad en la diversidad. La unidad del Esp\u00edritu que proviene de la santificaci\u00f3n. La unidad que moviliza a la familia aliancista hacia la misi\u00f3n de Dios. Esta fue una maravillosa experiencia.<\/h3>\n<p>Todos los que vinieron a Ecuador se convencieron de que no hay sustituto para una Convocatoria Cuadrienal presencial. Esto fue especialmente cierto debido a la abrumadora expresi\u00f3n de amor y cuidado que mostraron nuestros hermanos ecuatorianos. La recepci\u00f3n de bienvenida cada ma\u00f1ana a medida que las delegaciones llegaban al lugar, la provisi\u00f3n interminable de deliciosas frutas, el ambiente dulce donde la gente pod\u00eda sentarse, hablar, orar y re\u00edr hicieron de esta Cuadrienal algo muy especial.<\/p>\n<p>Los servicios matutinos y vespertinos estuvieron llenos de gozo y gratitud a Dios mientras toda la congregaci\u00f3n cantaba muchos himnos, especialmente los cl\u00e1sicos escritos por A.B. Simpson. Los expositores que Dios eligi\u00f3 para estar presentes en la Cuadrienal hablaron con pasi\u00f3n sobre ir m\u00e1s profundo en Jes\u00fas e ir m\u00e1s all\u00e1 en la misi\u00f3n. Los mensajes fueron refrescantes, desafiantes, edificantes y unificadores. Dios proporcion\u00f3 un momento especial de reflexi\u00f3n y quebrantamiento cuando nuestro expositor CTM (Creyente de Trasfondo Musulm\u00e1n) present\u00f3 los desaf\u00edos que enfrent\u00f3 al convertirse en un seguidor de Jesucristo.<\/p>\n<p>Esta Cuadrienal fue la primera en transmitirse en vivo en dos idiomas a trav\u00e9s de los canales de las redes sociales. Aunque muchos no pudieron venir debido a los diferentes tipos de restricciones que plante\u00f3 la pandemia, miles participaron en los servicios, en animadas interacciones, provenientes de las cinco regiones de la AWF. Los videos de los siete servicios est\u00e1n disponibles en nuestras plataformas de redes sociales a las que se puede acceder a trav\u00e9s de nuestro <a href=\"https:\/\/awf.world\/es\/\" target=\"_blank\" rel=\"noopener\">sitio web<\/a>. El n\u00facleo del esfuerzo de comunicaci\u00f3n lo llev\u00f3 a cabo el equipo de la ACyM de Colombia, con la ayuda del equipo de la ACyM de Ecuador y profesionales cristianos.<\/p>\n<p>Las sesiones de trabajo se llevaron a cabo con un ambiente de unidad y todas las propuestas fueron aprobadas tal como fueron presentadas. Los talleres se llevaron a cabo con entusiasmo y generaron muchas discusiones y recomendaciones fruct\u00edferas. Estas sesiones no se transmitieron en vivo. Pr\u00f3ximamente estar\u00e1n disponibles los res\u00famenes de las decisiones de las sesiones de trabajo, as\u00ed como las discusiones y conclusiones de los talleres.<\/p>\n<p>La Alianza Cristiana y Misionera del Ecuador y la Iglesia Alianza Central de Milagro, bajo el liderazgo de su presidente, el Rev. David Muthre, establecieron un nuevo punto de referencia para la Convocatoria Cuadrienal. La deliciosa comida fue preparada por un equipo dirigido por un chef profesional. Cientos de voluntarios trabajaron incansablemente para preparar el lugar y dar la bienvenida a los asistentes. Se han adoptado procedimientos de bioseguridad y, hasta el momento, no se han reportado casos de infecci\u00f3n por COVID-19.<\/p>\n<p>Les agradecemos sus oraciones y su participaci\u00f3n. Le pedimos a Dios que reuniera a un grupo de oraci\u00f3n de cientos de personas llenas del Esp\u00edritu Santo para cooperar y movilizar a seis millones para cumplir la Gran Comisi\u00f3n con valent\u00eda y creatividad. Esto es lo que esper\u00e1bamos para esta Convocatoria Cuadrienal de la AWF y esto es lo que comenzamos a experimentar.<\/p>\n<p>Estamos dispuestos a ir m\u00e1s profundo en Cristo, a ir m\u00e1s all\u00e1 en la misi\u00f3n y a ir juntos como familia.<\/p>\n","protected":false},"author":24,"featured_media":28871,"template":"","meta":{"inline_featured_image":false,"ngg_post_thumbnail":0,"_EventAllDay":false,"_EventTimezone":"","_EventStartDate":"","_EventEndDate":"","_EventStartDateUTC":"","_EventEndDateUTC":"","_EventShowMap":false,"_EventShowMapLink":false,"_EventURL":"","_EventCost":"","_EventCostDescription":"","_EventCurrencySymbol":"","_EventCurrencyCode":"","_EventCurrencyPosition":"","_EventDateTimeSeparator":"","_EventTimeRangeSeparator":"","_EventOrganizerID":[],"_EventVenueID":[],"_OrganizerEmail":"","_OrganizerPhone":"","_OrganizerWebsite":"","_VenueAddress":"","_VenueCity":"","_VenueCountry":"","_VenueProvince":"","_VenueState":"","_VenueZip":"","_VenuePhone":"","_VenueURL":"","_VenueStateProvince":"","_VenueLat":"","_VenueLng":"","_VenueShowMap":false,"_VenueShowMapLink":false},"categories":[99,372,34],"tags":[384,383,681],"class_list":["post-28876","awf-news","type-awf-news","status-publish","has-post-thumbnail","hentry","category-latin-america-es","category-editorial-es","category-news-es","tag-convocatoria-cuatrienal","tag-ecuador-es","tag-familia-global-de-la-alianza"],"_links":{"self":[{"href":"https:\/\/awf.world\/es\/wp-json\/wp\/v2\/awf-news\/28876","targetHints":{"allow":["GET"]}}],"collection":[{"href":"https:\/\/awf.world\/es\/wp-json\/wp\/v2\/awf-news"}],"about":[{"href":"https:\/\/awf.world\/es\/wp-json\/wp\/v2\/types\/awf-news"}],"author":[{"embeddable":true,"href":"https:\/\/awf.world\/es\/wp-json\/wp\/v2\/users\/24"}],"wp:featuredmedia":[{"embeddable":true,"href":"https:\/\/awf.world\/es\/wp-json\/wp\/v2\/media\/28871"}],"wp:attachment":[{"href":"https:\/\/awf.world\/es\/wp-json\/wp\/v2\/media?parent=28876"}],"wp:term":[{"taxonomy":"category","embeddable":true,"href":"https:\/\/awf.world\/es\/wp-json\/wp\/v2\/categories?post=28876"},{"taxonomy":"post_tag","embeddable":true,"href":"https:\/\/awf.world\/es\/wp-json\/wp\/v2\/tags?post=28876"}],"curies":[{"name":"wp","href":"https:\/\/api.w.org\/{rel}","templated":true}]}}