{"id":28140,"date":"2021-09-08T14:16:44","date_gmt":"2021-09-08T19:16:44","guid":{"rendered":"https:\/\/awf.world\/awf-news\/un-tributo-al-dr-rodrigo-tano\/"},"modified":"2021-09-08T14:16:44","modified_gmt":"2021-09-08T19:16:44","slug":"un-tributo-al-dr-rodrigo-tano","status":"publish","type":"awf-news","link":"https:\/\/awf.world\/es\/awf-news\/un-tributo-al-dr-rodrigo-tano\/","title":{"rendered":"Un Tributo al Dr. Rodrigo Tano"},"content":{"rendered":"<h3 style=\"text-align: justify;\">El Dr. Rodrigo Tano, ex presidente de la Alianza de Filipinas (CAMACOP), fue llamado a casa por nuestro Padre Celestial el 6 de septiembre de 2021, a la edad de 89 a\u00f1os. Oremos para que el Se\u00f1or consuele y traiga paz y fuerza a la familia del Dr. Tano.<\/h3>\n<p>En m\u00e1s de 60 a\u00f1os de ministerio, el Dr. Rodrigo Dolores Tano fue un fiel e inspirador hombre de Dios. El Rev. Eduardo Cajes, presidente de CAMACOP, recuerda al Dr. Tano como un \u201cl\u00edder comprometido, te\u00f3logo, mentor, maestro, predicador, pastor y escritor\u201d. \u00c9l y su esposa dedicaron sus vidas al reino de Dios.<\/p>\n<p>El Dr. Tano se desempe\u00f1\u00f3 como presidente de CAMACOP de 1997 a 2001. Cuid\u00f3 de las ovejas de Dios a trav\u00e9s de su trabajo en muchas iglesias, bendiciendo innumerables vidas. El Rev. Cajes recuerda que \u201cpodr\u00eda haber querido hacer m\u00e1s si Dios no lo hubiera llamado a casa para el descanso eterno\u201d.<\/p>\n<p>El Dr. Tano se gradu\u00f3 del Instituto B\u00edblico Ebenezer (ahora Colegio B\u00edblico y Seminario Ebenezer) en 1955. Obtuvo su doctorado en filosof\u00eda (Estudios Teol\u00f3gicos) de la Universidad de Baylor, EE. UU., en 1979. Tambi\u00e9n contribuy\u00f3 a Evang\u00e9licos Hoy y escribi\u00f3 \u201cTeolog\u00eda en el Entorno Filipino: Esta Tarea Complicada y Arriesgada\u201d y un folleto, \u201cEl Hombre, el Mayordomo\u201d. Tambi\u00e9n particip\u00f3 activamente en muchas instituciones teol\u00f3gicas y misioneras.<\/p>\n<p>En palabras del Rev. Eduardo, \u201clo despedimos con el coraz\u00f3n apesadumbrado, pero nos reconforta la seguridad de que disfrutar\u00e1 para siempre de la presencia de nuestro Se\u00f1or soberano, a quien ha servido y amado de todo coraz\u00f3n\u201d.<\/p>\n<p>Oremos para que el Se\u00f1or consuele y traiga paz y fuerza a la familia del Dr. Tano y a la familia Aliancista de Filipinas. Estemos agradecidos por su vida y servicio al reino.<\/p>\n","protected":false},"author":24,"featured_media":28139,"template":"","meta":{"inline_featured_image":false,"ngg_post_thumbnail":0,"_EventAllDay":false,"_EventTimezone":"","_EventStartDate":"","_EventEndDate":"","_EventStartDateUTC":"","_EventEndDateUTC":"","_EventShowMap":false,"_EventShowMapLink":false,"_EventURL":"","_EventCost":"","_EventCostDescription":"","_EventCurrencySymbol":"","_EventCurrencyCode":"","_EventCurrencyPosition":"","_EventDateTimeSeparator":"","_EventTimeRangeSeparator":"","_EventOrganizerID":[],"_EventVenueID":[],"_OrganizerEmail":"","_OrganizerPhone":"","_OrganizerWebsite":"","_VenueAddress":"","_VenueCity":"","_VenueCountry":"","_VenueProvince":"","_VenueState":"","_VenueZip":"","_VenuePhone":"","_VenueURL":"","_VenueStateProvince":"","_VenueLat":"","_VenueLng":"","_VenueShowMap":false,"_VenueShowMapLink":false},"categories":[106,34],"tags":[199,649,271],"class_list":["post-28140","awf-news","type-awf-news","status-publish","has-post-thumbnail","hentry","category-apac-es","category-news-es","tag-apac-es","tag-asia-pacifico","tag-filipinas"],"_links":{"self":[{"href":"https:\/\/awf.world\/es\/wp-json\/wp\/v2\/awf-news\/28140","targetHints":{"allow":["GET"]}}],"collection":[{"href":"https:\/\/awf.world\/es\/wp-json\/wp\/v2\/awf-news"}],"about":[{"href":"https:\/\/awf.world\/es\/wp-json\/wp\/v2\/types\/awf-news"}],"author":[{"embeddable":true,"href":"https:\/\/awf.world\/es\/wp-json\/wp\/v2\/users\/24"}],"wp:featuredmedia":[{"embeddable":true,"href":"https:\/\/awf.world\/es\/wp-json\/wp\/v2\/media\/28139"}],"wp:attachment":[{"href":"https:\/\/awf.world\/es\/wp-json\/wp\/v2\/media?parent=28140"}],"wp:term":[{"taxonomy":"category","embeddable":true,"href":"https:\/\/awf.world\/es\/wp-json\/wp\/v2\/categories?post=28140"},{"taxonomy":"post_tag","embeddable":true,"href":"https:\/\/awf.world\/es\/wp-json\/wp\/v2\/tags?post=28140"}],"curies":[{"name":"wp","href":"https:\/\/api.w.org\/{rel}","templated":true}]}}