{"id":27282,"date":"2021-08-03T14:39:31","date_gmt":"2021-08-03T19:39:31","guid":{"rendered":"http:\/\/awf.world\/awf-news\/conoce-a-job-dao-el-nuevo-presidente-de-la-alianza-de-burkina-faso\/"},"modified":"2021-08-03T14:39:31","modified_gmt":"2021-08-03T19:39:31","slug":"conoce-a-job-dao-el-nuevo-presidente-de-la-alianza-de-burkina-faso","status":"publish","type":"awf-news","link":"https:\/\/awf.world\/es\/awf-news\/conoce-a-job-dao-el-nuevo-presidente-de-la-alianza-de-burkina-faso\/","title":{"rendered":"Conoce a Job Dao, el Nuevo Presidente de la Alianza de Burkina Faso"},"content":{"rendered":"<h3 style=\"text-align: justify;\">Con m\u00e1s de 20 a\u00f1os de ministerio, Job Dao es el nuevo presidente de la ACyM de Burkina Faso. Adem\u00e1s de prepararse para la celebraci\u00f3n del centenario de la iglesia, planea difundir el evangelio en las ciudades no alcanzadas de Burkina Faso.<\/h3>\n<p>Job Dao naci\u00f3 en una familia cristiana de nueve hijos y su padre era pastor. Creci\u00f3 en un peque\u00f1o pueblo llamado Nouna. Est\u00e1 casado y tiene cuatro hijos: una ni\u00f1a y tres varones.<\/p>\n<p>Habiendo crecido en un ambiente cristiano, el Rev. Dao sinti\u00f3 que Dios lo llamaba a ser ministro. Despu\u00e9s de obtener su t\u00edtulo en teolog\u00eda y su formaci\u00f3n b\u00edblica, comenz\u00f3 su ministerio pastoral en 1991. Actualmente es pastor principal en la Iglesia Alianza Central de Ouagadougou, la capital de Burkina Faso.<\/p>\n<p>Elegido en abril de 2021, Job Dao servir\u00e1 como presidente de la Alianza Cristiana y Misionera de Burkina Faso durante los pr\u00f3ximos cinco a\u00f1os. \u00c9l y su equipo est\u00e1n trabajando en los preparativos para el centenario de la Alianza en Burkina Faso en 2023.<\/p>\n<p>El Rev. Dao nos pide que oremos por la paz y la seguridad en todo el pa\u00eds. Debido a la inestabilidad y los desaf\u00edos que enfrentan, muchos pastores han dejado la iglesia. Ora por la construcci\u00f3n de la nueva sede de la iglesia y la celebraci\u00f3n del centenario. Tambi\u00e9n nos pide que oremos por sabidur\u00eda y gu\u00eda de Dios para este nuevo mandato presidencial para que puedan difundir el evangelio por todo el pa\u00eds.<\/p>\n","protected":false},"author":24,"featured_media":27281,"template":"","meta":{"inline_featured_image":false,"ngg_post_thumbnail":0,"_EventAllDay":false,"_EventTimezone":"","_EventStartDate":"","_EventEndDate":"","_EventStartDateUTC":"","_EventEndDateUTC":"","_EventShowMap":false,"_EventShowMapLink":false,"_EventURL":"","_EventCost":"","_EventCostDescription":"","_EventCurrencySymbol":"","_EventCurrencyCode":"","_EventCurrencyPosition":"","_EventDateTimeSeparator":"","_EventTimeRangeSeparator":"","_EventOrganizerID":[],"_EventVenueID":[],"_OrganizerEmail":"","_OrganizerPhone":"","_OrganizerWebsite":"","_VenueAddress":"","_VenueCity":"","_VenueCountry":"","_VenueProvince":"","_VenueState":"","_VenueZip":"","_VenuePhone":"","_VenueURL":"","_VenueStateProvince":"","_VenueLat":"","_VenueLng":"","_VenueShowMap":false,"_VenueShowMapLink":false},"categories":[285,34],"tags":[279,198,357],"class_list":["post-27282","awf-news","type-awf-news","status-publish","has-post-thumbnail","hentry","category-africa-es","category-news-es","tag-africa-es","tag-biografia","tag-burkina-faso"],"_links":{"self":[{"href":"https:\/\/awf.world\/es\/wp-json\/wp\/v2\/awf-news\/27282","targetHints":{"allow":["GET"]}}],"collection":[{"href":"https:\/\/awf.world\/es\/wp-json\/wp\/v2\/awf-news"}],"about":[{"href":"https:\/\/awf.world\/es\/wp-json\/wp\/v2\/types\/awf-news"}],"author":[{"embeddable":true,"href":"https:\/\/awf.world\/es\/wp-json\/wp\/v2\/users\/24"}],"wp:featuredmedia":[{"embeddable":true,"href":"https:\/\/awf.world\/es\/wp-json\/wp\/v2\/media\/27281"}],"wp:attachment":[{"href":"https:\/\/awf.world\/es\/wp-json\/wp\/v2\/media?parent=27282"}],"wp:term":[{"taxonomy":"category","embeddable":true,"href":"https:\/\/awf.world\/es\/wp-json\/wp\/v2\/categories?post=27282"},{"taxonomy":"post_tag","embeddable":true,"href":"https:\/\/awf.world\/es\/wp-json\/wp\/v2\/tags?post=27282"}],"curies":[{"name":"wp","href":"https:\/\/api.w.org\/{rel}","templated":true}]}}