{"id":27035,"date":"2021-06-23T13:05:55","date_gmt":"2021-06-23T18:05:55","guid":{"rendered":"http:\/\/awf.world\/awf-news\/la-red-global-de-mujeres-aliancistas-de-awf-esta-conectando-a-mujeres-de-todo-el-mundo-para-expandir-el-reino-de-dios\/"},"modified":"2021-06-23T13:20:42","modified_gmt":"2021-06-23T18:20:42","slug":"la-red-global-de-mujeres-aliancistas-de-awf-esta-conectando-a-mujeres-de-todo-el-mundo-para-expandir-el-reino-de-dios","status":"publish","type":"awf-news","link":"https:\/\/awf.world\/es\/awf-news\/la-red-global-de-mujeres-aliancistas-de-awf-esta-conectando-a-mujeres-de-todo-el-mundo-para-expandir-el-reino-de-dios\/","title":{"rendered":"La Red Global de Mujeres Aliancistas de AWF Est\u00e1 Conectando a Mujeres de Todo el Mundo Para Expandir el Reino de Dios"},"content":{"rendered":"<h3 style=\"text-align: justify;\">Setenta y cinco mujeres de cinco regiones de AWF asistieron a la reuni\u00f3n virtual de la Red Global de Mujeres Aliancistas de AWF el 9 de junio de 2021. \u00a1Gracias a nuestro Padre Celestial, fue un \u00e9xito y una bendici\u00f3n! Ora para que este ministerio llegue a m\u00e1s mujeres de nuestra familia global.<\/h3>\n<figure id=\"attachment_27026\" aria-describedby=\"caption-attachment-27026\" style=\"width: 300px\" class=\"wp-caption alignright\"><img loading=\"lazy\" decoding=\"async\" class=\"wp-image-27026 size-medium\" src=\"http:\/\/awf.world\/wp-content\/uploads\/2021\/06\/2020-06-24-3-300x173.png\" alt=\"\" width=\"300\" height=\"173\" srcset=\"https:\/\/awf.world\/wp-content\/uploads\/2021\/06\/2020-06-24-3-300x173.png 300w, https:\/\/awf.world\/wp-content\/uploads\/2021\/06\/2020-06-24-3-768x442.png 768w, https:\/\/awf.world\/wp-content\/uploads\/2021\/06\/2020-06-24-3-1024x589.png 1024w, https:\/\/awf.world\/wp-content\/uploads\/2021\/06\/2020-06-24-3.png 1500w\" sizes=\"auto, (max-width: 300px) 100vw, 300px\" \/><figcaption id=\"caption-attachment-27026\" class=\"wp-caption-text\">Comit\u00e9 de Mujeres Aliancistas de AWF<\/figcaption><\/figure>\n<p>La Red Global de Mujeres Aliancistas de AWF comenz\u00f3 en 2020 cuando el presidente de AWF, Jura Yanagihara, invit\u00f3 a un grupo de mujeres l\u00edderes nacionales y regionales de todo el mundo a preparar talleres de mujeres para nuestra\u00a0Convocatoria Cuadrienal de AWF de 2020.<\/p>\n<p>Inicialmente, el Comit\u00e9 de Mujeres Aliancistas se reun\u00eda una vez al mes a trav\u00e9s de Zoom para discutir los talleres. Incluso despu\u00e9s de la pandemia, posponiendo la <a href=\"https:\/\/awf.world\/es\/events\/convocatoria-cuadrienal-2020-2\/\" target=\"_blank\" rel=\"noopener\">Cuadrienal<\/a>, estas mujeres virtuosas continuaron trabajando duro. Vieron la necesidad de unir a las mujeres de nuestra familia de la Alianza mundial. En mayo de 2021, el comit\u00e9 decidi\u00f3 llegar a m\u00e1s mujeres de otras regiones y pa\u00edses.<\/p>\n<p>La Red Global de Mujeres Aliancistas de AWF celebr\u00f3 una reuni\u00f3n en l\u00ednea el 9 de junio. A la reuni\u00f3n asistieron 75 mujeres de las cinco regiones de AWF. Las mujeres son l\u00edderes en sus iglesias locales, ministerios regionales y nacionales. A pesar de las diferentes zonas horarias, ubicaciones, idiomas y algunos problemas de conexi\u00f3n a Internet, \u00a1el evento fue un gran avance!<\/p>\n<figure id=\"attachment_27029\" aria-describedby=\"caption-attachment-27029\" style=\"width: 300px\" class=\"wp-caption alignleft\"><img loading=\"lazy\" decoding=\"async\" class=\"wp-image-27029 size-medium\" src=\"http:\/\/awf.world\/wp-content\/uploads\/2021\/06\/Global-Alliance-Women-Network-Meeting_2021-06-094-300x169.png\" alt=\"\" width=\"300\" height=\"169\" srcset=\"https:\/\/awf.world\/wp-content\/uploads\/2021\/06\/Global-Alliance-Women-Network-Meeting_2021-06-094-300x169.png 300w, https:\/\/awf.world\/wp-content\/uploads\/2021\/06\/Global-Alliance-Women-Network-Meeting_2021-06-094-768x432.png 768w, https:\/\/awf.world\/wp-content\/uploads\/2021\/06\/Global-Alliance-Women-Network-Meeting_2021-06-094-1024x576.png 1024w, https:\/\/awf.world\/wp-content\/uploads\/2021\/06\/Global-Alliance-Women-Network-Meeting_2021-06-094.png 1500w\" sizes=\"auto, (max-width: 300px) 100vw, 300px\" \/><figcaption id=\"caption-attachment-27029\" class=\"wp-caption-text\">Nadia Arias<\/figcaption><\/figure>\n<p>La hermana Nadia Aries de Chile les dio un desaf\u00edo maravilloso. Ella dijo: \u201c\u00a1Estamos viviendo la \u00e9poca de Kairos! Es el tiempo que Dios hizo para que echemos redes y miremos los campos que est\u00e1n listos para la cosecha. \u00a1No nos detengamos! \u00a1Dios nos usar\u00e1 a cada una para impactar nuestra ciudad, comunidad, pa\u00eds, regi\u00f3n y m\u00e1s all\u00e1!\u201d<\/p>\n<p>Las mujeres se sintieron motivadas y emocionadas. Dos hermanas de Canad\u00e1 admitieron que extra\u00f1aban la comuni\u00f3n entre mujeres. Otra se alegr\u00f3 mucho de ver participar a cinco de las l\u00edderes de su equipo regional. Una hermana dijo que \u201ca trav\u00e9s de la oraci\u00f3n por los grupos \u00e9tnicos no alcanzados y las necesidades en cada regi\u00f3n, Dios ha unido nuestros corazones y nuestra visi\u00f3n en una misi\u00f3n: \u00a1ser testigos del amor de Dios a los dem\u00e1s y compartir lo que \u00e9l ha estado haciendo en nuestras vidas!\u201d<\/p>\n<figure id=\"attachment_27032\" aria-describedby=\"caption-attachment-27032\" style=\"width: 300px\" class=\"wp-caption alignright\"><img loading=\"lazy\" decoding=\"async\" class=\"wp-image-27032 size-medium\" src=\"http:\/\/awf.world\/wp-content\/uploads\/2021\/06\/Global-Alliance-Women-Network-Meeting_2021-06-091-300x169.png\" alt=\"\" width=\"300\" height=\"169\" srcset=\"https:\/\/awf.world\/wp-content\/uploads\/2021\/06\/Global-Alliance-Women-Network-Meeting_2021-06-091-300x169.png 300w, https:\/\/awf.world\/wp-content\/uploads\/2021\/06\/Global-Alliance-Women-Network-Meeting_2021-06-091-768x432.png 768w, https:\/\/awf.world\/wp-content\/uploads\/2021\/06\/Global-Alliance-Women-Network-Meeting_2021-06-091-1024x576.png 1024w, https:\/\/awf.world\/wp-content\/uploads\/2021\/06\/Global-Alliance-Women-Network-Meeting_2021-06-091.png 1500w\" sizes=\"auto, (max-width: 300px) 100vw, 300px\" \/><figcaption id=\"caption-attachment-27032\" class=\"wp-caption-text\">Eunice Lumawag<\/figcaption><\/figure>\n<p>Eunice Lumawag, l\u00edder de esta red, declar\u00f3: \u201cPersonalmente, estoy motivada y emocionada de saber y ver lo que Dios ha preparado para todas las mujeres en asociaci\u00f3n con los ministerios de AWF. Y, al mismo tiempo, c\u00f3mo el Se\u00f1or expandir\u00e1 este ministerio a medida que nos conectamos unas con otras. \u00a1Quiz\u00e1s Dios expandir\u00e1 nuestro territorio para la obra misionera, la oraci\u00f3n, negocios de mercado, el dar, el evangelismo y el discipulado, y mucho m\u00e1s! Esto es lo que sostengo firmemente: que Dios cumplir\u00e1 el prop\u00f3sito que tiene para todas las mujeres de la Alianza. Efesios 2:10 dice: \u2018Porque somos obra de las manos de Dios, creados en Cristo Jes\u00fas para hacer buenas obras, las cuales Dios prepar\u00f3 de antemano para que las hici\u00e9ramos\u2019\u201d.<\/p>\n<p>\u00a1Alabado sea el Se\u00f1or por esta incre\u00edble oportunidad! Ora para que este ministerio contin\u00fae llegando a muchas m\u00e1s mujeres de la Alianza.<\/p>\n","protected":false},"author":24,"featured_media":27025,"template":"","meta":{"inline_featured_image":false,"ngg_post_thumbnail":0,"_EventAllDay":false,"_EventTimezone":"","_EventStartDate":"","_EventEndDate":"","_EventStartDateUTC":"","_EventEndDateUTC":"","_EventShowMap":false,"_EventShowMapLink":false,"_EventURL":"","_EventCost":"","_EventCostDescription":"","_EventCurrencySymbol":"","_EventCurrencyCode":"","_EventCurrencyPosition":"","_EventDateTimeSeparator":"","_EventTimeRangeSeparator":"","_EventOrganizerID":[],"_EventVenueID":[],"_OrganizerEmail":"","_OrganizerPhone":"","_OrganizerWebsite":"","_VenueAddress":"","_VenueCity":"","_VenueCountry":"","_VenueProvince":"","_VenueState":"","_VenueZip":"","_VenuePhone":"","_VenueURL":"","_VenueStateProvince":"","_VenueLat":"","_VenueLng":"","_VenueShowMap":false,"_VenueShowMapLink":false},"categories":[930,34],"tags":[279,689],"class_list":["post-27035","awf-news","type-awf-news","status-publish","has-post-thumbnail","hentry","category-ministerio-de-mujeres","category-news-es","tag-africa-es","tag-europa-y-medio-oriente"],"_links":{"self":[{"href":"https:\/\/awf.world\/es\/wp-json\/wp\/v2\/awf-news\/27035","targetHints":{"allow":["GET"]}}],"collection":[{"href":"https:\/\/awf.world\/es\/wp-json\/wp\/v2\/awf-news"}],"about":[{"href":"https:\/\/awf.world\/es\/wp-json\/wp\/v2\/types\/awf-news"}],"author":[{"embeddable":true,"href":"https:\/\/awf.world\/es\/wp-json\/wp\/v2\/users\/24"}],"wp:featuredmedia":[{"embeddable":true,"href":"https:\/\/awf.world\/es\/wp-json\/wp\/v2\/media\/27025"}],"wp:attachment":[{"href":"https:\/\/awf.world\/es\/wp-json\/wp\/v2\/media?parent=27035"}],"wp:term":[{"taxonomy":"category","embeddable":true,"href":"https:\/\/awf.world\/es\/wp-json\/wp\/v2\/categories?post=27035"},{"taxonomy":"post_tag","embeddable":true,"href":"https:\/\/awf.world\/es\/wp-json\/wp\/v2\/tags?post=27035"}],"curies":[{"name":"wp","href":"https:\/\/api.w.org\/{rel}","templated":true}]}}