{"id":26734,"date":"2021-04-27T14:39:42","date_gmt":"2021-04-27T19:39:42","guid":{"rendered":"http:\/\/awf.world\/awf-news\/ora-por-nuestra-familia-aliancista-en-india-el-pais-se-enfrenta-a-una-segunda-ola-mortal-del-covid-19\/"},"modified":"2021-04-30T13:33:53","modified_gmt":"2021-04-30T18:33:53","slug":"ora-por-nuestra-familia-aliancista-en-india-el-pais-se-enfrenta-a-una-segunda-ola-mortal-del-covid-19","status":"publish","type":"awf-news","link":"https:\/\/awf.world\/es\/awf-news\/ora-por-nuestra-familia-aliancista-en-india-el-pais-se-enfrenta-a-una-segunda-ola-mortal-del-covid-19\/","title":{"rendered":"Ora por Nuestra Familia Aliancista en India. El Pa\u00eds se Enfrenta a una Segunda Ola Mortal del COVID-19"},"content":{"rendered":"<h3 style=\"text-align: justify;\">La segunda ola del COVID-19 en India est\u00e1 afectando no solo su sistema de salud y la econom\u00eda, sino tambi\u00e9n la vida de las personas. Ora por nuestra familia de la Alianza en la India. Que la iglesia traiga esperanza y brille la luz de Cristo en medio de las tinieblas.<\/h3>\n<p>El registro de infecciones y muertes aumenta a diario. El 30 de abril, India estableci\u00f3 otro r\u00e9cord en un solo d\u00eda para el n\u00famero de casos positivos de COVID-19 con 386.452 nuevos casos reportados, el mayor aumento registrado en un d\u00eda para cualquier pa\u00eds. Hubo otras 3.500 muertes en todo el pa\u00eds. Y eso probablemente sea una subestimaci\u00f3n significativa. India ha registrado ahora m\u00e1s de 200.000 muertes desde el comienzo de la pandemia, el cuarto n\u00famero de muertos m\u00e1s alto del mundo detr\u00e1s de Estados Unidos, Brasil y M\u00e9xico.<\/p>\n<p><img loading=\"lazy\" decoding=\"async\" class=\"alignleft size-medium wp-image-26739\" src=\"http:\/\/awf.world\/wp-content\/uploads\/2021\/04\/India_Map-288x300.jpg\" alt=\"\" width=\"288\" height=\"300\" srcset=\"https:\/\/awf.world\/wp-content\/uploads\/2021\/04\/India_Map-288x300.jpg 288w, https:\/\/awf.world\/wp-content\/uploads\/2021\/04\/India_Map-768x800.jpg 768w, https:\/\/awf.world\/wp-content\/uploads\/2021\/04\/India_Map-983x1024.jpg 983w, https:\/\/awf.world\/wp-content\/uploads\/2021\/04\/India_Map.jpg 1000w\" sizes=\"auto, (max-width: 288px) 100vw, 288px\" \/>Las comunidades cristianas, incluida nuestra familia de la Alianza en India, no escaparon del aguij\u00f3n de la pandemia. Entre las \u00e1reas m\u00e1s afectadas de la India se encuentran los estados de Maharashtra y Gujarat, donde los cristianos y los misioneros sirven en gran medida. Un miembro de una iglesia de la Alianza en Ahmedabad dijo: <em>\u201cLas ambulancias que admiten pacientes con COVID-19 tienen una lista de espera de 300. Sin ambulancias, no hay admisiones en los hospitales. La situaci\u00f3n empeora cada d\u00eda. Estamos viendo a nuestro enemigo, la muerte, cara a cara\u00bb.<\/em><\/p>\n<p>En el S\u00ednodo de Gujarat, 16 pastores de la Alianza y miembros de la iglesia murieron de COVID-19 y 100 est\u00e1n infectados actualmente.<\/p>\n<p>En el S\u00ednodo de Maharashtra, m\u00e1s de 52 miembros de la Alianza murieron por COVID-19 y m\u00e1s de 80 personas dentro de los tres distritos de la Alianza est\u00e1n infectadas. Adem\u00e1s, se ven afectados 22 pastores, evangelistas y l\u00edderes de iglesias de la Alianza que participaron en varios ministerios relacionados con la Alianza.<\/p>\n<p>El reverendo Rajesh Patole, secretario ejecutivo de la Asociaci\u00f3n de Iglesias de la Alianza de Mumbai, Maharashtra, fue hospitalizado con COVID-19 a fines de marzo. Alabamos a Dios porque fue dado de alta despu\u00e9s de varios d\u00edas en el hospital y ahora se est\u00e1 recuperando en casa. Otro pastor de la Alianza, el reverendo Shashikant Valvi del distrito de Jalgaon del estado de Maharashtra, tambi\u00e9n estaba gravemente enfermo debido a la infecci\u00f3n por COVID-19. Glorifica a Dios porque ahora se est\u00e1n recuperando.<\/p>\n<p>A principios de este mes, el reverendo Sanjay Chaudhari, director del Colegio B\u00edblico de Maharashtra (Alliance School), fue ingresado en el hospital debido a una fiebre viral. Dos d\u00edas despu\u00e9s, dio positivo por COVID-19. Lamentablemente, muri\u00f3 el 14 de abril y fue enterrado el mismo d\u00eda. El reverendo Isudas Christian, pastor de la Iglesia de la Alianza Anandpur en el distrito de Ahmedabad (S\u00ednodo de Gujarat) tambi\u00e9n muri\u00f3 de COVID-19. Ora por consuelo de Dios para las familias de aquellos que perdieron a sus seres queridos que estaban sirviendo al Se\u00f1or dentro de la Alianza.<\/p>\n<p>Les pedimos que oren tambi\u00e9n por estos pastores del S\u00ednodo de Gujarat: el presidente Stenly Christian y su esposa, el vicepresidente Yakub Christian y su esposa, y el expresidente Rasin Vasaivala, todos recuper\u00e1ndose del COVID-19.<\/p>\n<p>Ora por siete evangelistas de la Alianza en Maharashtra que sirven en aldeas remotas. Durante estos \u00faltimos meses, han estado restringidos en sus movimientos y, por lo tanto, se enfrentan a una enorme lucha financiera por su sostenibilidad. Uno de los evangelistas, el reverendo Khandare, fue desalojado de su aldea. Su casa fue destruida y necesita refugio urgentemente.<\/p>\n<p>Ora tambi\u00e9n por las familias de los pastores, l\u00edderes y evangelistas de la Alianza que est\u00e1n infectados por el virus y no pueden pagar el tratamiento adecuado debido a la falta de financiamiento o al acceso a las instalaciones m\u00e9dicas adecuadas.<\/p>\n","protected":false},"author":24,"featured_media":26733,"template":"","meta":{"inline_featured_image":false,"ngg_post_thumbnail":0,"_EventAllDay":false,"_EventTimezone":"","_EventStartDate":"","_EventEndDate":"","_EventStartDateUTC":"","_EventEndDateUTC":"","_EventShowMap":false,"_EventShowMapLink":false,"_EventURL":"","_EventCost":"","_EventCostDescription":"","_EventCurrencySymbol":"","_EventCurrencyCode":"","_EventCurrencyPosition":"","_EventDateTimeSeparator":"","_EventTimeRangeSeparator":"","_EventOrganizerID":[],"_EventVenueID":[],"_OrganizerEmail":"","_OrganizerPhone":"","_OrganizerWebsite":"","_VenueAddress":"","_VenueCity":"","_VenueCountry":"","_VenueProvince":"","_VenueState":"","_VenueZip":"","_VenuePhone":"","_VenueURL":"","_VenueStateProvince":"","_VenueLat":"","_VenueLng":"","_VenueShowMap":false,"_VenueShowMapLink":false},"categories":[106,34],"tags":[199,681],"class_list":["post-26734","awf-news","type-awf-news","status-publish","has-post-thumbnail","hentry","category-apac-es","category-news-es","tag-apac-es","tag-familia-global-de-la-alianza"],"_links":{"self":[{"href":"https:\/\/awf.world\/es\/wp-json\/wp\/v2\/awf-news\/26734","targetHints":{"allow":["GET"]}}],"collection":[{"href":"https:\/\/awf.world\/es\/wp-json\/wp\/v2\/awf-news"}],"about":[{"href":"https:\/\/awf.world\/es\/wp-json\/wp\/v2\/types\/awf-news"}],"author":[{"embeddable":true,"href":"https:\/\/awf.world\/es\/wp-json\/wp\/v2\/users\/24"}],"wp:featuredmedia":[{"embeddable":true,"href":"https:\/\/awf.world\/es\/wp-json\/wp\/v2\/media\/26733"}],"wp:attachment":[{"href":"https:\/\/awf.world\/es\/wp-json\/wp\/v2\/media?parent=26734"}],"wp:term":[{"taxonomy":"category","embeddable":true,"href":"https:\/\/awf.world\/es\/wp-json\/wp\/v2\/categories?post=26734"},{"taxonomy":"post_tag","embeddable":true,"href":"https:\/\/awf.world\/es\/wp-json\/wp\/v2\/tags?post=26734"}],"curies":[{"name":"wp","href":"https:\/\/api.w.org\/{rel}","templated":true}]}}