{"id":26612,"date":"2021-03-17T12:57:41","date_gmt":"2021-03-17T17:57:41","guid":{"rendered":"http:\/\/awf.world\/awf-news\/ciento-veinte-pastores-y-lideres-de-la-region-de-asia-pacifico-de-awf-participan-en-el-seminario-de-distintivos-de-la-acym-esta-semana\/"},"modified":"2021-03-17T12:57:41","modified_gmt":"2021-03-17T17:57:41","slug":"ciento-veinte-pastores-y-lideres-de-la-region-de-asia-pacifico-de-awf-participan-en-el-seminario-de-distintivos-de-la-acym-esta-semana","status":"publish","type":"awf-news","link":"https:\/\/awf.world\/es\/awf-news\/ciento-veinte-pastores-y-lideres-de-la-region-de-asia-pacifico-de-awf-participan-en-el-seminario-de-distintivos-de-la-acym-esta-semana\/","title":{"rendered":"Ciento Veinte Pastores y L\u00edderes de la Regi\u00f3n de Asia Pac\u00edfico de AWF Participan en el Seminario de Distintivos de la ACyM esta Semana"},"content":{"rendered":"<h3 style=\"text-align: justify;\">Con el objetivo de fortalecer el ADN de la Alianza en todas las iglesias de la Alianza de la Regi\u00f3n de Asia Pac\u00edfico de AWF, la Comisi\u00f3n Internacional de Educaci\u00f3n Teol\u00f3gica (ICTE) est\u00e1 llevando a cabo el seminario web Distintivos de la ACyM del 16 al 19 de marzo de 2021.<\/h3>\n<p><img loading=\"lazy\" decoding=\"async\" class=\"size-medium wp-image-26603 alignright\" src=\"http:\/\/awf.world\/wp-content\/uploads\/2021\/03\/APAC-Alliance-DNA-Webinar_2021-03-16to193-300x229.png\" alt=\"\" width=\"300\" height=\"229\" srcset=\"https:\/\/awf.world\/wp-content\/uploads\/2021\/03\/APAC-Alliance-DNA-Webinar_2021-03-16to193-300x229.png 300w, https:\/\/awf.world\/wp-content\/uploads\/2021\/03\/APAC-Alliance-DNA-Webinar_2021-03-16to193-768x587.png 768w, https:\/\/awf.world\/wp-content\/uploads\/2021\/03\/APAC-Alliance-DNA-Webinar_2021-03-16to193-1024x782.png 1024w, https:\/\/awf.world\/wp-content\/uploads\/2021\/03\/APAC-Alliance-DNA-Webinar_2021-03-16to193.png 1500w\" sizes=\"auto, (max-width: 300px) 100vw, 300px\" \/><\/p>\n<p>El seminario web Distintivos de la ACyM se realiza de 1:00 p.m. a 4:00 p.m., hora de Yakarta, todos los d\u00edas (16-19 de marzo). Este seminario web cubre una variedad de temas relacionados con la historia y el pensamiento de la Alianza Cristiana y Misionera. Abierto a l\u00edderes, educadores y obreros oficiales de la Alianza, este seminario web est\u00e1 ayudando a los participantes a obtener una nueva comprensi\u00f3n de lo que significa ser parte de este movimiento global. En los primeros dos d\u00edas, m\u00e1s de 120 participantes de Australia, Camboya, Francia, India, Indonesia, Jap\u00f3n, Mongolia, Nepal, Nueva Zelanda y Filipinas asistieron al seminario web.<\/p>\n<p><img loading=\"lazy\" decoding=\"async\" class=\"size-medium wp-image-26606 alignleft\" src=\"http:\/\/awf.world\/wp-content\/uploads\/2021\/03\/APAC-Alliance-DNA-Webinar_2021-03-16to195-300x218.png\" alt=\"\" width=\"300\" height=\"218\" srcset=\"https:\/\/awf.world\/wp-content\/uploads\/2021\/03\/APAC-Alliance-DNA-Webinar_2021-03-16to195-300x218.png 300w, https:\/\/awf.world\/wp-content\/uploads\/2021\/03\/APAC-Alliance-DNA-Webinar_2021-03-16to195-768x559.png 768w, https:\/\/awf.world\/wp-content\/uploads\/2021\/03\/APAC-Alliance-DNA-Webinar_2021-03-16to195-1024x745.png 1024w, https:\/\/awf.world\/wp-content\/uploads\/2021\/03\/APAC-Alliance-DNA-Webinar_2021-03-16to195.png 1500w\" sizes=\"auto, (max-width: 300px) 100vw, 300px\" \/><\/p>\n<p>El programa cubre los siguientes temas: Viviendo una Tradici\u00f3n y Vida de Simpson, Primeros Comienzos de la ACyM, Obra de la ACyM, Misiones, Evangelio Cu\u00e1druple, Santificaci\u00f3n, Conjuntos Limitados y Centrados, Sanidad Divina, Viviendo Hoy como la Alianza. El Dr. Peter Laughlin, presidente de <a href=\"http:\/\/awf.world\/es\/comision-de-educacion-teologica\/\" target=\"_blank\" rel=\"noopener\">AWF ICTE<\/a>, es responsable de la mayor\u00eda de las conferencias. El Pr. David Paksoal, uno de los participantes del <a href=\"http:\/\/awf.world\/es\/awf-news\/iniciativa-de-capacitacion-de-la-awf-icte-para-jovenes-educadores\/\" target=\"_blank\" rel=\"noopener\">Programa de J\u00f3venes Acad\u00e9micos 2019<\/a>, presenta dos de los temas.<\/p>\n<p>&nbsp;<\/p>\n<p><img loading=\"lazy\" decoding=\"async\" class=\"size-medium wp-image-26609 alignright\" src=\"http:\/\/awf.world\/wp-content\/uploads\/2021\/03\/Young-Scholars-Reunion_2021-02-26-300x135.jpg\" alt=\"\" width=\"300\" height=\"135\" srcset=\"https:\/\/awf.world\/wp-content\/uploads\/2021\/03\/Young-Scholars-Reunion_2021-02-26-300x135.jpg 300w, https:\/\/awf.world\/wp-content\/uploads\/2021\/03\/Young-Scholars-Reunion_2021-02-26-768x346.jpg 768w, https:\/\/awf.world\/wp-content\/uploads\/2021\/03\/Young-Scholars-Reunion_2021-02-26-1024x461.jpg 1024w, https:\/\/awf.world\/wp-content\/uploads\/2021\/03\/Young-Scholars-Reunion_2021-02-26.jpg 1516w\" sizes=\"auto, (max-width: 300px) 100vw, 300px\" \/><\/p>\n<p>El beneficio de asistir a estos eventos se destac\u00f3 recientemente cuando los participantes de la clase Distintivos de la ACyM del Programa de J\u00f3venes Acad\u00e9micos 2019 se reunieron virtualmente para reconectarse y reflexionar sobre los \u00faltimos 18 meses. Los eruditos discutieron la importancia de comprender nuestra herencia, pero tambi\u00e9n c\u00f3mo tal base puede ayudarnos hoy.<\/p>\n<p>El ICTE espera poder albergar similares seminarios web \/ seminarios Distintivos de la ACyM en otras regiones. Se programar\u00e1 otro evento del Programa de J\u00f3venes Acad\u00e9micos de AWF en persona tan pronto como sea pr\u00e1ctico para nosotros hacerlo.<\/p>\n","protected":false},"author":25,"featured_media":26602,"template":"","meta":{"inline_featured_image":false,"ngg_post_thumbnail":0,"_EventAllDay":false,"_EventTimezone":"","_EventStartDate":"","_EventEndDate":"","_EventStartDateUTC":"","_EventEndDateUTC":"","_EventShowMap":false,"_EventShowMapLink":false,"_EventURL":"","_EventCost":"","_EventCostDescription":"","_EventCurrencySymbol":"","_EventCurrencyCode":"","_EventCurrencyPosition":"","_EventDateTimeSeparator":"","_EventTimeRangeSeparator":"","_EventOrganizerID":[],"_EventVenueID":[],"_OrganizerEmail":"","_OrganizerPhone":"","_OrganizerWebsite":"","_VenueAddress":"","_VenueCity":"","_VenueCountry":"","_VenueProvince":"","_VenueState":"","_VenueZip":"","_VenuePhone":"","_VenueURL":"","_VenueStateProvince":"","_VenueLat":"","_VenueLng":"","_VenueShowMap":false,"_VenueShowMapLink":false},"categories":[106,34],"tags":[199,649],"class_list":["post-26612","awf-news","type-awf-news","status-publish","has-post-thumbnail","hentry","category-apac-es","category-news-es","tag-apac-es","tag-asia-pacifico"],"_links":{"self":[{"href":"https:\/\/awf.world\/es\/wp-json\/wp\/v2\/awf-news\/26612","targetHints":{"allow":["GET"]}}],"collection":[{"href":"https:\/\/awf.world\/es\/wp-json\/wp\/v2\/awf-news"}],"about":[{"href":"https:\/\/awf.world\/es\/wp-json\/wp\/v2\/types\/awf-news"}],"author":[{"embeddable":true,"href":"https:\/\/awf.world\/es\/wp-json\/wp\/v2\/users\/25"}],"wp:featuredmedia":[{"embeddable":true,"href":"https:\/\/awf.world\/es\/wp-json\/wp\/v2\/media\/26602"}],"wp:attachment":[{"href":"https:\/\/awf.world\/es\/wp-json\/wp\/v2\/media?parent=26612"}],"wp:term":[{"taxonomy":"category","embeddable":true,"href":"https:\/\/awf.world\/es\/wp-json\/wp\/v2\/categories?post=26612"},{"taxonomy":"post_tag","embeddable":true,"href":"https:\/\/awf.world\/es\/wp-json\/wp\/v2\/tags?post=26612"}],"curies":[{"name":"wp","href":"https:\/\/api.w.org\/{rel}","templated":true}]}}