{"id":26452,"date":"2021-03-01T14:48:01","date_gmt":"2021-03-01T19:48:01","guid":{"rendered":"http:\/\/awf.world\/awf-news\/la-iglesia-alianza-sudanesa-prospera-y-persevera\/"},"modified":"2021-03-01T14:48:01","modified_gmt":"2021-03-01T19:48:01","slug":"la-iglesia-alianza-sudanesa-prospera-y-persevera","status":"publish","type":"awf-news","link":"https:\/\/awf.world\/es\/awf-news\/la-iglesia-alianza-sudanesa-prospera-y-persevera\/","title":{"rendered":"La Iglesia Alianza Sudanesa Prospera y Persevera"},"content":{"rendered":"<h3 style=\"text-align: justify;\">\u00a1Alabado sea el Se\u00f1or por la abrumadora buena noticia de la Iglesia Alianza Sudanesa! A pesar de los desaf\u00edos que enfrentan, nuestros hermanos y hermanas est\u00e1n prosperando bajo las bendiciones de Dios. Oremos para que sigan teniendo la fuerza, la sabidur\u00eda y la fe para seguir creciendo.<\/h3>\n<p style=\"text-align: left;\">En 2020, la Regi\u00f3n EMERALD (Europa y Medio Oriente) envi\u00f3 a un pastor reci\u00e9n preparado por el programa de J\u00f3venes Acad\u00e9micos de AWF al norte de \u00c1frica, dando origen a las <a href=\"http:\/\/awf.world\/es\/awf-news\/nace-la-iglesia-alianza-sudanesa\/\" target=\"_blank\" rel=\"noopener\">Confraternidades de la Alianza Sudanesa<\/a>. Aunque enfrentan muchos desaf\u00edos, nuestros hermanos y hermanas han perseverado. Su fe en nuestro Salvador est\u00e1 produciendo resultados positivos. Han continuado traduciendo la Biblia con \u00e9xito, han consagrado nuevos obreros y sus miembros han seguido creciendo en la fe.<\/p>\n<p>La Alianza sudanesa entren\u00f3 y orden\u00f3 recientemente a cuatro nuevos ancianos. Despu\u00e9s de mucha oraci\u00f3n y ayuno, los hombres se sentaron frente a la iglesia. Los l\u00edderes oraron y explicaron a los miembros que Dios los gui\u00f3 a elegir a estos cuatro hombres para servir como ancianos. Los siguientes momentos fueron de hermosos testimonios y l\u00e1grimas. Hombres y mujeres contaron historias de c\u00f3mo cada uno de los candidatos era un hombre de Dios.<\/p>\n<p>\u201cDespu\u00e9s de una buena hora y m\u00e1s de compartir pr\u00e1cticamente con todos\u201d, dijo uno de los l\u00edderes, \u201csolo hab\u00eda escuchado afirmaciones positivas, y nadie encontr\u00f3 ni atestigu\u00f3 ninguna falla u obst\u00e1culo con respecto a estos hombres.\u201d Despu\u00e9s de eso, la iglesia consagr\u00f3 oficialmente a los cuatro. Fue una gran victoria despu\u00e9s de cuatro a\u00f1os de arduo trabajo y preparaci\u00f3n.<\/p>\n<p>Otra gran noticia es el nacimiento de Momen. Los padres del beb\u00e9 eligieron su nombre, que en \u00e1rabe significa \u201ccreyente\u201d, para identificar la presencia de Cristo en su vida. El nacimiento de Momen trajo una gran alegr\u00eda a su comunidad. Ora por la salud y el bienestar de la familia. La madre necesita atenci\u00f3n dental urgente.<\/p>\n<p>La Alianza sudanesa nos pide que sigamos orando por su traducci\u00f3n de la Biblia que va muy bien. Hasta ahora, tienen cuatro equipos de ocho hombres. Se est\u00e1n terminando libros nuevos e hicieron un libro animado de cuentos b\u00edblicos en idioma sudan\u00e9s.<\/p>\n<p>Oremos para que las Confraternidades de la Alianza Sudanesa sigan creciendo en sabidur\u00eda y fe. Adem\u00e1s, ora para que superen los desaf\u00edos que enfrentan, para que puedan continuar difundiendo la palabra de Dios a su propia gente.<\/p>\n","protected":false},"author":24,"featured_media":26451,"template":"","meta":{"inline_featured_image":false,"ngg_post_thumbnail":0,"_EventAllDay":false,"_EventTimezone":"","_EventStartDate":"","_EventEndDate":"","_EventStartDateUTC":"","_EventEndDateUTC":"","_EventShowMap":false,"_EventShowMapLink":false,"_EventURL":"","_EventCost":"","_EventCostDescription":"","_EventCurrencySymbol":"","_EventCurrencyCode":"","_EventCurrencyPosition":"","_EventDateTimeSeparator":"","_EventTimeRangeSeparator":"","_EventOrganizerID":[],"_EventVenueID":[],"_OrganizerEmail":"","_OrganizerPhone":"","_OrganizerWebsite":"","_VenueAddress":"","_VenueCity":"","_VenueCountry":"","_VenueProvince":"","_VenueState":"","_VenueZip":"","_VenuePhone":"","_VenueURL":"","_VenueStateProvince":"","_VenueLat":"","_VenueLng":"","_VenueShowMap":false,"_VenueShowMapLink":false},"categories":[285,34],"tags":[279,202,689,203],"class_list":["post-26452","awf-news","type-awf-news","status-publish","has-post-thumbnail","hentry","category-africa-es","category-news-es","tag-africa-es","tag-emerald-es","tag-europa-y-medio-oriente","tag-plantacion-de-iglesias"],"_links":{"self":[{"href":"https:\/\/awf.world\/es\/wp-json\/wp\/v2\/awf-news\/26452","targetHints":{"allow":["GET"]}}],"collection":[{"href":"https:\/\/awf.world\/es\/wp-json\/wp\/v2\/awf-news"}],"about":[{"href":"https:\/\/awf.world\/es\/wp-json\/wp\/v2\/types\/awf-news"}],"author":[{"embeddable":true,"href":"https:\/\/awf.world\/es\/wp-json\/wp\/v2\/users\/24"}],"wp:featuredmedia":[{"embeddable":true,"href":"https:\/\/awf.world\/es\/wp-json\/wp\/v2\/media\/26451"}],"wp:attachment":[{"href":"https:\/\/awf.world\/es\/wp-json\/wp\/v2\/media?parent=26452"}],"wp:term":[{"taxonomy":"category","embeddable":true,"href":"https:\/\/awf.world\/es\/wp-json\/wp\/v2\/categories?post=26452"},{"taxonomy":"post_tag","embeddable":true,"href":"https:\/\/awf.world\/es\/wp-json\/wp\/v2\/tags?post=26452"}],"curies":[{"name":"wp","href":"https:\/\/api.w.org\/{rel}","templated":true}]}}