{"id":26404,"date":"2021-02-12T08:36:58","date_gmt":"2021-02-12T13:36:58","guid":{"rendered":"http:\/\/awf.world\/awf-news\/siria-busca-una-luz-al-final-del-tunel\/"},"modified":"2021-10-28T15:50:59","modified_gmt":"2021-10-28T20:50:59","slug":"siria-busca-una-luz-al-final-del-tunel","status":"publish","type":"awf-news","link":"https:\/\/awf.world\/es\/awf-news\/siria-busca-una-luz-al-final-del-tunel\/","title":{"rendered":"Siria Busca una Luz al Final del T\u00fanel"},"content":{"rendered":"<h3 style=\"text-align: justify;\">La iglesia de la Alianza en Siria decidi\u00f3 iniciar un proyecto como parte de su ministerio para satisfacer la creciente necesidad de asesorar a las personas. Oremos por sabidur\u00eda para el liderazgo de la iglesia que les permita empoderar y animar a las personas y ver oportunidades en medio de esta atm\u00f3sfera oscura.<\/h3>\n<p style=\"text-align: justify;\"><img loading=\"lazy\" decoding=\"async\" class=\"alignright wp-image-26392\" src=\"http:\/\/awf.world\/wp-content\/uploads\/2021\/02\/Syria_Street-Outlook-300x225.jpg\" alt=\"\" width=\"211\" height=\"158\" srcset=\"https:\/\/awf.world\/wp-content\/uploads\/2021\/02\/Syria_Street-Outlook-300x225.jpg 300w, https:\/\/awf.world\/wp-content\/uploads\/2021\/02\/Syria_Street-Outlook-768x576.jpg 768w, https:\/\/awf.world\/wp-content\/uploads\/2021\/02\/Syria_Street-Outlook.jpg 960w\" sizes=\"auto, (max-width: 211px) 100vw, 211px\" \/><\/p>\n<p>Los \u00faltimos a\u00f1os de guerra y la econom\u00eda devastada en Siria han producido postraum\u00e1ticos, depresi\u00f3n, ansiedad y otros desaf\u00edos emocionales y mentales en la gente. La situaci\u00f3n es mala y sombr\u00eda, y las sanciones est\u00e1n devastando la econom\u00eda. <em>\u201cPor primera vez veo grandes porciones de nuestra gente al borde del desfallecimiento sin luz al final del t\u00fanel. En mi opini\u00f3n, este es el peor a\u00f1o en el pa\u00eds\u201d<\/em>, nos dice el reverendo Edward Awabdeh, presidente de la Alianza Cristiana y Misionera de Siria.<\/p>\n<figure id=\"attachment_26398\" aria-describedby=\"caption-attachment-26398\" style=\"width: 300px\" class=\"wp-caption alignleft\"><img loading=\"lazy\" decoding=\"async\" class=\"size-medium wp-image-26398\" src=\"http:\/\/awf.world\/wp-content\/uploads\/2021\/02\/Syria_Mercy-Ministry-Stationary-for-Orphans_02-300x225.jpg\" alt=\"\" width=\"300\" height=\"225\" srcset=\"https:\/\/awf.world\/wp-content\/uploads\/2021\/02\/Syria_Mercy-Ministry-Stationary-for-Orphans_02-300x225.jpg 300w, https:\/\/awf.world\/wp-content\/uploads\/2021\/02\/Syria_Mercy-Ministry-Stationary-for-Orphans_02-768x576.jpg 768w, https:\/\/awf.world\/wp-content\/uploads\/2021\/02\/Syria_Mercy-Ministry-Stationary-for-Orphans_02.jpg 960w\" sizes=\"auto, (max-width: 300px) 100vw, 300px\" \/><figcaption id=\"caption-attachment-26398\" class=\"wp-caption-text\">Ministerio de misericordia: estacionario para hu\u00e9rfanos<\/figcaption><\/figure>\n<p>El pastor Edward y el comit\u00e9 de liderazgo comenzar\u00e1n un proyecto de consejer\u00eda en una instalaci\u00f3n alquilada. Tres consejeros a tiempo parcial estar\u00e1n a cargo del centro, asistiendo a las personas de dos a tr\u00e9s horas al d\u00eda. Despu\u00e9s de tres meses, ajustar\u00e1n las horas seg\u00fan la demanda.<\/p>\n<p>El enfoque ser\u00e1n los adolescentes y los hombres y mujeres j\u00f3venes que han estado y todav\u00eda est\u00e1n bajo estr\u00e9s continuo y est\u00e1n sufriendo al ver sus familias rotas o disfuncionales. La expectativa es ayudar hasta diez personas cada semana. A la iglesia de la Alianza le gustar\u00eda que este centro fuera parte de los ministerios regulares de la iglesia. Esta iniciativa, que tambi\u00e9n incluye un proyecto de ayuda para la distribuci\u00f3n de alimentos, recibir\u00e1 el apoyo del programa de <a href=\"https:\/\/awf.world\/es\/awf-news\/la-respuesta-global-de-la-awf-al-covid-19-esta-enviando-dinero-a-proyectos-adjudicados\/\" target=\"_blank\" rel=\"noopener\">Respuesta Global de AWF al COVID-19<\/a>.<\/p>\n<figure id=\"attachment_26401\" aria-describedby=\"caption-attachment-26401\" style=\"width: 171px\" class=\"wp-caption alignright\"><img loading=\"lazy\" decoding=\"async\" class=\" wp-image-26401\" src=\"http:\/\/awf.world\/wp-content\/uploads\/2021\/02\/Syria_Mercy-Ministry_Medical-Center_04-300x225.jpg\" alt=\"\" width=\"171\" height=\"128\" srcset=\"https:\/\/awf.world\/wp-content\/uploads\/2021\/02\/Syria_Mercy-Ministry_Medical-Center_04-300x225.jpg 300w, https:\/\/awf.world\/wp-content\/uploads\/2021\/02\/Syria_Mercy-Ministry_Medical-Center_04-768x576.jpg 768w, https:\/\/awf.world\/wp-content\/uploads\/2021\/02\/Syria_Mercy-Ministry_Medical-Center_04.jpg 960w\" sizes=\"auto, (max-width: 171px) 100vw, 171px\" \/><figcaption id=\"caption-attachment-26401\" class=\"wp-caption-text\">Centro M\u00e9dico del Ministerio de Misericordia<\/figcaption><\/figure>\n<p>Agradecemos a nuestro Se\u00f1or por el coraz\u00f3n de estos pastores. Quieren ayudar a las iglesias y a sus comunidades en estos tiempos de angustia. Oremos pidiendo fortaleza y sabidur\u00eda para ellos a medida que ayudan a las personas a encontrar refugio en Cristo y a los l\u00edderes para ver nuevas oportunidades de compartir el evangelio.<\/p>\n","protected":false},"author":24,"featured_media":26391,"template":"","meta":{"inline_featured_image":false,"ngg_post_thumbnail":0,"_EventAllDay":false,"_EventTimezone":"","_EventStartDate":"","_EventEndDate":"","_EventStartDateUTC":"","_EventEndDateUTC":"","_EventShowMap":false,"_EventShowMapLink":false,"_EventURL":"","_EventCost":"","_EventCostDescription":"","_EventCurrencySymbol":"","_EventCurrencyCode":"","_EventCurrencyPosition":"","_EventDateTimeSeparator":"","_EventTimeRangeSeparator":"","_EventOrganizerID":[],"_EventVenueID":[],"_OrganizerEmail":"","_OrganizerPhone":"","_OrganizerWebsite":"","_VenueAddress":"","_VenueCity":"","_VenueCountry":"","_VenueProvince":"","_VenueState":"","_VenueZip":"","_VenuePhone":"","_VenueURL":"","_VenueStateProvince":"","_VenueLat":"","_VenueLng":"","_VenueShowMap":false,"_VenueShowMapLink":false},"categories":[100,34,105],"tags":[202,689,772,275,274],"class_list":["post-26404","awf-news","type-awf-news","status-publish","has-post-thumbnail","hentry","category-emerald-es","category-news-es","category-projects-es","tag-emerald-es","tag-europa-y-medio-oriente","tag-siria","tag-socorro-y-desarrollo","tag-trabajo-social"],"_links":{"self":[{"href":"https:\/\/awf.world\/es\/wp-json\/wp\/v2\/awf-news\/26404","targetHints":{"allow":["GET"]}}],"collection":[{"href":"https:\/\/awf.world\/es\/wp-json\/wp\/v2\/awf-news"}],"about":[{"href":"https:\/\/awf.world\/es\/wp-json\/wp\/v2\/types\/awf-news"}],"author":[{"embeddable":true,"href":"https:\/\/awf.world\/es\/wp-json\/wp\/v2\/users\/24"}],"wp:featuredmedia":[{"embeddable":true,"href":"https:\/\/awf.world\/es\/wp-json\/wp\/v2\/media\/26391"}],"wp:attachment":[{"href":"https:\/\/awf.world\/es\/wp-json\/wp\/v2\/media?parent=26404"}],"wp:term":[{"taxonomy":"category","embeddable":true,"href":"https:\/\/awf.world\/es\/wp-json\/wp\/v2\/categories?post=26404"},{"taxonomy":"post_tag","embeddable":true,"href":"https:\/\/awf.world\/es\/wp-json\/wp\/v2\/tags?post=26404"}],"curies":[{"name":"wp","href":"https:\/\/api.w.org\/{rel}","templated":true}]}}