{"id":26368,"date":"2021-02-09T16:00:31","date_gmt":"2021-02-09T21:00:31","guid":{"rendered":"http:\/\/awf.world\/?post_type=awf-news&p=26368"},"modified":"2021-02-09T16:00:31","modified_gmt":"2021-02-09T21:00:31","slug":"los-desafios-de-la-iglesia-alianza-grace-montagnard-en-finlandia","status":"publish","type":"awf-news","link":"https:\/\/awf.world\/es\/awf-news\/los-desafios-de-la-iglesia-alianza-grace-montagnard-en-finlandia\/","title":{"rendered":"Los Desaf\u00edos de la Iglesia Alianza Grace Montagnard en Finlandia"},"content":{"rendered":"<h3 style=\"text-align: justify;\">Hace cuarenta a\u00f1os lleg\u00f3 a Finlandia el primer refugiado vietnamita y ahora hay m\u00e1s de diez mil. La Iglesia de la Alianza Grace Montagnard, dirigida por el Reverendo Y Lem Rahlan, comenz\u00f3 en 2007 y su visi\u00f3n es llegar a los Montagnards que pertenecen a la tribu Jorai.<\/h3>\n<p>En 2018, la Iglesia de la Alianza Grace Montagnard en Finlandia obtuvo el reconocimiento oficial del gobierno finland\u00e9s. Celebraron este evento con un <a href=\"https:\/\/awf.world\/es\/awf-news\/la-primera-iglesia-de-la-alianza-en-finlandia-es-para-los-montagnards-de-vietnam\/\" target=\"_blank\" rel=\"noopener\">servicio especial<\/a>. En los \u00faltimos dos a\u00f1os, la iglesia ha estado trabajando para llegar a m\u00e1s personas vietnamitas en Finlandia con el evangelio. La iglesia ahora tiene 91 miembros activos y muchos de ellos viven en diferentes ciudades. En el 2019, la iglesia alquil\u00f3 tres espacios en tres ciudades para el culto todos los domingos. Todos los mi\u00e9rcoles y viernes por la noche tienen reuniones de oraci\u00f3n para fortalecerse mutuamente. Tambi\u00e9n en el 2019, la iglesia celebr\u00f3 la graduaci\u00f3n de siete estudiantes que hab\u00edan terminado un curso de capacitaci\u00f3n en teolog\u00eda en l\u00ednea de tres a\u00f1os a trav\u00e9s de la Asociaci\u00f3n Montagnard Alliance en los Estados Unidos.<\/p>\n<p>Debido a la pandemia de COVID-19, en 2020 la iglesia decidi\u00f3 realizar todas las reuniones a trav\u00e9s de Zoom, incluidos los servicios de adoraci\u00f3n el domingo y las reuniones de oraci\u00f3n semanales.<\/p>\n<p>La Iglesia de la Alianza Grace Montagnard en Finlandia se acerc\u00f3 a varias iglesias en Vietnam y Camboya para ayudarlos, y distribuyeron Biblias Jorai a los creyentes Jorai que no pod\u00edan pagar sus propias Biblias en Vietnam y Camboya. Tambi\u00e9n se unieron a iglesias en Carolina del Norte, en los Estados Unidos, para ayudar a los creyentes necesitados en Camboya.<\/p>\n<p>El reverendo Y Lem Rahlan nos pide que oremos por:<\/p>\n<ul>\n<li>La iglesia para difundir el evangelio del Se\u00f1or a otros en Finlandia y otros pa\u00edses.<\/li>\n<li>Que Dios levante a m\u00e1s personas para cuidar la vida espiritual de los que viven en el sur, cerca de Helsinki, que est\u00e1 a 600 km de la iglesia.<\/li>\n<li>Los desaf\u00edos durante la pandemia, porque muchos de los miembros, especialmente j\u00f3venes y ni\u00f1os, no est\u00e1n acostumbrados a reunirse en Zoom.<\/li>\n<\/ul>\n","protected":false},"author":24,"featured_media":26367,"template":"","meta":{"inline_featured_image":false,"ngg_post_thumbnail":0,"_EventAllDay":false,"_EventTimezone":"","_EventStartDate":"","_EventEndDate":"","_EventStartDateUTC":"","_EventEndDateUTC":"","_EventShowMap":false,"_EventShowMapLink":false,"_EventURL":"","_EventCost":"","_EventCostDescription":"","_EventCurrencySymbol":"","_EventCurrencyCode":"","_EventCurrencyPosition":"","_EventDateTimeSeparator":"","_EventTimeRangeSeparator":"","_EventOrganizerID":[],"_EventVenueID":[],"_OrganizerEmail":"","_OrganizerPhone":"","_OrganizerWebsite":"","_VenueAddress":"","_VenueCity":"","_VenueCountry":"","_VenueProvince":"","_VenueState":"","_VenueZip":"","_VenuePhone":"","_VenueURL":"","_VenueStateProvince":"","_VenueLat":"","_VenueLng":"","_VenueShowMap":false,"_VenueShowMapLink":false},"categories":[100,34],"tags":[347,202,689],"class_list":["post-26368","awf-news","type-awf-news","status-publish","has-post-thumbnail","hentry","category-emerald-es","category-news-es","tag-comision-internacional-de-educacion-teologica","tag-emerald-es","tag-europa-y-medio-oriente"],"_links":{"self":[{"href":"https:\/\/awf.world\/es\/wp-json\/wp\/v2\/awf-news\/26368","targetHints":{"allow":["GET"]}}],"collection":[{"href":"https:\/\/awf.world\/es\/wp-json\/wp\/v2\/awf-news"}],"about":[{"href":"https:\/\/awf.world\/es\/wp-json\/wp\/v2\/types\/awf-news"}],"author":[{"embeddable":true,"href":"https:\/\/awf.world\/es\/wp-json\/wp\/v2\/users\/24"}],"wp:featuredmedia":[{"embeddable":true,"href":"https:\/\/awf.world\/es\/wp-json\/wp\/v2\/media\/26367"}],"wp:attachment":[{"href":"https:\/\/awf.world\/es\/wp-json\/wp\/v2\/media?parent=26368"}],"wp:term":[{"taxonomy":"category","embeddable":true,"href":"https:\/\/awf.world\/es\/wp-json\/wp\/v2\/categories?post=26368"},{"taxonomy":"post_tag","embeddable":true,"href":"https:\/\/awf.world\/es\/wp-json\/wp\/v2\/tags?post=26368"}],"curies":[{"name":"wp","href":"https:\/\/api.w.org\/{rel}","templated":true}]}}