{"id":25884,"date":"2020-12-14T09:45:28","date_gmt":"2020-12-14T14:45:28","guid":{"rendered":"http:\/\/awf.world\/awf-news\/mensaje-de-fin-de-ano-de-la-region-de-america-latina-2020\/"},"modified":"2021-01-05T07:54:32","modified_gmt":"2021-01-05T12:54:32","slug":"mensaje-de-fin-de-ano-de-la-region-de-america-latina-2020","status":"publish","type":"awf-news","link":"https:\/\/awf.world\/es\/awf-news\/mensaje-de-fin-de-ano-de-la-region-de-america-latina-2020\/","title":{"rendered":"Mensaje de Fin de A\u00f1o de la Regi\u00f3n de Am\u00e9rica Latina 2020"},"content":{"rendered":"<p>Nuestro agradecimiento profundo al Se\u00f1or por Su inigualable gracia para la Iglesia de la Alianza en Am\u00e9rica Latina. En medio de un panorama adverso como la pandemia originada por el COVID-19, Dios nos mostr\u00f3 Su inigualable fidelidad a cada paso. El servicio que nos ha permitido desempe\u00f1ar desde la Directiva de la Confraternidad Latinoamericana de la Alianza, ha sido de bendici\u00f3n para la familia global aliancista. Compartir con nuestros hermanos la visi\u00f3n de llevar el Evangelio hasta lo \u00faltimo de la tierra, buscando conocer a Cristo m\u00e1s y m\u00e1s para \u00fanicamente glorificar Su Nombre, es lo que nos ha mantenido firmes en el mundo.<\/p>\n<p>Sostener en oraci\u00f3n constantemente a todos nuestros hermanos de Latinoam\u00e9rica, al pasar por este valle de sombra de muerte como fue en el per\u00edodo de confinamiento, nos hizo fortalecer m\u00e1s nuestros lazos de hermandad y profundo amor en el Se\u00f1or, buscando ser siempre respuesta a la necesidad emergente.<\/p>\n<p>Reunirnos v\u00eda web como un solo Cuerpo de Cristo mediante la&nbsp;<a href=\"https:\/\/awf.world\/es\/awf-news\/preparando-a-pastores-de-america-latina-para-ministrar-en-estos-nuevos-tiempos\/\" target=\"_blank\" rel=\"noopener\">Actualizaci\u00f3n Ministerial<\/a> 2020, organizada por AWF \u2013 CLA y FATELA, desde el mes de agosto hasta noviembre, a trav\u00e9s de diversos Webinars, fue de profunda edificaci\u00f3n. Actualizar a pastores e iglesias en asuntos relacionados con la \u201cnueva normalidad\u201d que gener\u00f3 el aislamiento social a ra\u00edz del coronavirus; fue sin duda ver reflejado el mover de Dios en la tierra por medio de Su Iglesia en respaldo y favor a nuestras vidas.<\/p>\n<p>Por esto y mucho m\u00e1s, agradecemos al Se\u00f1or y avanzamos con la certeza de que \u00c9l contin\u00faa llev\u00e1ndonos de Su mano para cumplir Su prop\u00f3sito eterno a trav\u00e9s de nosotros, prosiguiendo hacia la meta, puesto los ojos en Jes\u00fas.<\/p>\n<p>Queridos hermanos, es mi deseo que en este tiempo especial que recordamos el nacimiento de nuestro amado Salvador Jesucristo, podamos disfrutarlo en uni\u00f3n de nuestra amada familia e iglesia, dando gracias a Dios por todo Su amor derramado en cada uno de nosotros. Que en este nuevo a\u00f1o que se aproxima, podamos caminar en integridad, buscando agradarlo en todo tiempo, haciendo real Su Palabra en nuestras vidas. Que el Se\u00f1or nos lleve a un conocimiento m\u00e1s profundo de Su voluntad y podamos conducirnos sabiamente en el camino eterno, llevando vidas fervorosas de oraci\u00f3n, siendo firmes embajadores del Reino de los Cielos y proclamando en todo tiempo el precioso mensaje de Salvaci\u00f3n, a trav\u00e9s de nuestro amado Jesucristo.<\/p>\n<p>En Cristo,<\/p>\n<p>Rev. David Muthre Ruiz<br \/>\nCoordinador Regional Regi\u00f3n Am\u00e9rica Latina<\/p>\n","protected":false},"author":24,"featured_media":25989,"template":"","meta":{"inline_featured_image":false,"ngg_post_thumbnail":0,"_EventAllDay":false,"_EventTimezone":"","_EventStartDate":"","_EventEndDate":"","_EventStartDateUTC":"","_EventEndDateUTC":"","_EventShowMap":false,"_EventShowMapLink":false,"_EventURL":"","_EventCost":"","_EventCostDescription":"","_EventCurrencySymbol":"","_EventCurrencyCode":"","_EventCurrencyPosition":"","_EventDateTimeSeparator":"","_EventTimeRangeSeparator":"","_EventOrganizerID":[],"_EventVenueID":[],"_OrganizerEmail":"","_OrganizerPhone":"","_OrganizerWebsite":"","_VenueAddress":"","_VenueCity":"","_VenueCountry":"","_VenueProvince":"","_VenueState":"","_VenueZip":"","_VenuePhone":"","_VenueURL":"","_VenueStateProvince":"","_VenueLat":"","_VenueLng":"","_VenueShowMap":false,"_VenueShowMapLink":false},"categories":[99,34],"tags":[231,209],"class_list":["post-25884","awf-news","type-awf-news","status-publish","has-post-thumbnail","hentry","category-latin-america-es","category-news-es","tag-cla-es","tag-america-latina"],"_links":{"self":[{"href":"https:\/\/awf.world\/es\/wp-json\/wp\/v2\/awf-news\/25884","targetHints":{"allow":["GET"]}}],"collection":[{"href":"https:\/\/awf.world\/es\/wp-json\/wp\/v2\/awf-news"}],"about":[{"href":"https:\/\/awf.world\/es\/wp-json\/wp\/v2\/types\/awf-news"}],"author":[{"embeddable":true,"href":"https:\/\/awf.world\/es\/wp-json\/wp\/v2\/users\/24"}],"wp:featuredmedia":[{"embeddable":true,"href":"https:\/\/awf.world\/es\/wp-json\/wp\/v2\/media\/25989"}],"wp:attachment":[{"href":"https:\/\/awf.world\/es\/wp-json\/wp\/v2\/media?parent=25884"}],"wp:term":[{"taxonomy":"category","embeddable":true,"href":"https:\/\/awf.world\/es\/wp-json\/wp\/v2\/categories?post=25884"},{"taxonomy":"post_tag","embeddable":true,"href":"https:\/\/awf.world\/es\/wp-json\/wp\/v2\/tags?post=25884"}],"curies":[{"name":"wp","href":"https:\/\/api.w.org\/{rel}","templated":true}]}}