{"id":25826,"date":"2020-11-20T09:15:50","date_gmt":"2020-11-20T14:15:50","guid":{"rendered":"http:\/\/awf.world\/awf-news\/la-acym-de-costa-rica-ha-estado-trabajando-durante-los-ultimos-44-anos-para-compartir-el-evangelio-de-cristo\/"},"modified":"2020-12-02T09:15:50","modified_gmt":"2020-12-02T14:15:50","slug":"la-acym-de-costa-rica-ha-estado-trabajando-durante-los-ultimos-44-anos-para-compartir-el-evangelio-de-cristo","status":"publish","type":"awf-news","link":"https:\/\/awf.world\/es\/awf-news\/la-acym-de-costa-rica-ha-estado-trabajando-durante-los-ultimos-44-anos-para-compartir-el-evangelio-de-cristo\/","title":{"rendered":"La ACyM de Costa Rica ha estado Trabajando durante los \u00faltimos 44 a\u00f1os para Compartir el Evangelio de Cristo"},"content":{"rendered":"<h3 style=\"text-align: justify;\">\u00bfQui\u00e9n podr\u00eda imaginar que un viaje a Nueva York hubiera resultado en el nacimiento de la Alianza Cristiana y Misionera en Costa Rica? Esta iglesia nacional es joven, pero est\u00e1 llena de energ\u00eda para cumplir con la Gran Comisi\u00f3n junto con otras iglesias en Centroam\u00e9rica.<\/h3>\n<p>Hace menos de 50 a\u00f1os, una se\u00f1ora llamada Nieta Quir\u00f3s viaj\u00f3 desde Costa Rica a Nueva York para visitar a su familia. Asisti\u00f3 a un servicio religioso de la ACyM y entreg\u00f3 su vida al Se\u00f1or. Al regresar a Costa Rica, form\u00f3 un peque\u00f1o grupo en su casa. Una vez que se estableci\u00f3 el grupo, hizo una llamada telef\u00f3nica a la oficina de la ACyM en Nueva York y les dijo que ten\u00eda un grupo para bautizar. Esto result\u00f3 en el establecimiento de la ACyM de Costa Rica en 1976.<\/p>\n<p>Actualmente, la iglesia nacional est\u00e1 en reorganizaci\u00f3n, reestructurando el ministerio juvenil nacional y el equipo de educaci\u00f3n cristiana. Tambi\u00e9n han estado llevando a cabo reuniones semanales de pastores.<\/p>\n<figure id=\"attachment_25823\" aria-describedby=\"caption-attachment-25823\" style=\"width: 300px\" class=\"wp-caption alignleft\"><img loading=\"lazy\" decoding=\"async\" class=\"wp-image-25823 size-medium\" src=\"http:\/\/awf.world\/wp-content\/uploads\/2020\/12\/San-Francisco-Costa-Rica5-300x225.jpg\" alt=\"\" width=\"300\" height=\"225\" srcset=\"https:\/\/awf.world\/wp-content\/uploads\/2020\/12\/San-Francisco-Costa-Rica5-300x225.jpg 300w, https:\/\/awf.world\/wp-content\/uploads\/2020\/12\/San-Francisco-Costa-Rica5-768x576.jpg 768w, https:\/\/awf.world\/wp-content\/uploads\/2020\/12\/San-Francisco-Costa-Rica5.jpg 960w\" sizes=\"auto, (max-width: 300px) 100vw, 300px\" \/><figcaption id=\"caption-attachment-25823\" class=\"wp-caption-text\">ACyM San Francisco<\/figcaption><\/figure>\n<p>En la actualidad, la ACyM de Costa Rica tiene seis iglesias: una de ellas es la ACyM Colima, que fue la primera iglesia que result\u00f3 del trabajo de la Hermana Quir\u00f3s. La ACyM San Francisco fue la segunda iglesia que se estableci\u00f3 un par de a\u00f1os despu\u00e9s. Todas las congregaciones se encuentran en el \u00e1rea metropolitana. Tienen siete pastores acreditados y tres de ellos son ordenados.<\/p>\n<p>\u201cOra por la apertura de nuevas iglesias y la capacitaci\u00f3n de nuevos pastores y l\u00edderes que llevar\u00e1n a cabo el trabajo del ministerio. Ora tambi\u00e9n por la capacitaci\u00f3n b\u00edblico-teol\u00f3gica formal de los l\u00edderes de nuestra iglesia\u201d, pide el Rev. Mario Francisco Barboza, presidente de la iglesia nacional.<\/p>\n","protected":false},"author":24,"featured_media":25822,"template":"","meta":{"inline_featured_image":false,"ngg_post_thumbnail":0,"_EventAllDay":false,"_EventTimezone":"","_EventStartDate":"","_EventEndDate":"","_EventStartDateUTC":"","_EventEndDateUTC":"","_EventShowMap":false,"_EventShowMapLink":false,"_EventURL":"","_EventCost":"","_EventCostDescription":"","_EventCurrencySymbol":"","_EventCurrencyCode":"","_EventCurrencyPosition":"","_EventDateTimeSeparator":"","_EventTimeRangeSeparator":"","_EventOrganizerID":[],"_EventVenueID":[],"_OrganizerEmail":"","_OrganizerPhone":"","_OrganizerWebsite":"","_VenueAddress":"","_VenueCity":"","_VenueCountry":"","_VenueProvince":"","_VenueState":"","_VenueZip":"","_VenuePhone":"","_VenueURL":"","_VenueStateProvince":"","_VenueLat":"","_VenueLng":"","_VenueShowMap":false,"_VenueShowMapLink":false},"categories":[99,34],"tags":[231,760],"class_list":["post-25826","awf-news","type-awf-news","status-publish","has-post-thumbnail","hentry","category-latin-america-es","category-news-es","tag-cla-es","tag-costa-rica-es"],"_links":{"self":[{"href":"https:\/\/awf.world\/es\/wp-json\/wp\/v2\/awf-news\/25826","targetHints":{"allow":["GET"]}}],"collection":[{"href":"https:\/\/awf.world\/es\/wp-json\/wp\/v2\/awf-news"}],"about":[{"href":"https:\/\/awf.world\/es\/wp-json\/wp\/v2\/types\/awf-news"}],"author":[{"embeddable":true,"href":"https:\/\/awf.world\/es\/wp-json\/wp\/v2\/users\/24"}],"wp:featuredmedia":[{"embeddable":true,"href":"https:\/\/awf.world\/es\/wp-json\/wp\/v2\/media\/25822"}],"wp:attachment":[{"href":"https:\/\/awf.world\/es\/wp-json\/wp\/v2\/media?parent=25826"}],"wp:term":[{"taxonomy":"category","embeddable":true,"href":"https:\/\/awf.world\/es\/wp-json\/wp\/v2\/categories?post=25826"},{"taxonomy":"post_tag","embeddable":true,"href":"https:\/\/awf.world\/es\/wp-json\/wp\/v2\/tags?post=25826"}],"curies":[{"name":"wp","href":"https:\/\/api.w.org\/{rel}","templated":true}]}}